{"id":94521,"date":"2025-11-23T14:01:14","date_gmt":"2025-11-23T14:01:14","guid":{"rendered":"https:\/\/www.europesays.com\/no\/94521\/"},"modified":"2025-11-23T14:01:14","modified_gmt":"2025-11-23T14:01:14","slug":"israel-har-angrepet-mal-i-beirut","status":"publish","type":"post","link":"https:\/\/www.europesays.com\/no\/94521\/","title":{"rendered":"Israel har angrepet m\u00e5l i Beirut"},"content":{"rendered":"\n<p class=\"_lead_o9xde_2 _lead_xtcu6_50 layout-component text-serif-m layout-normal text-serif-l layout-component layout-wide layout-padded _wide_17hqh_1 layout-padded\">Den israelske h\u00e6ren sier et ledende Hizbollah-medlem var m\u00e5l for angrepet.<\/p>\n<ul aria-hidden=\"true\" class=\"_images_18f0k_111\">\n<li><a class=\"_link_18f0k_116\" href=\"https:\/\/www.vg.no\/forfatter\/ntb\" style=\"z-index:1\" title=\"NTB\" rel=\"nofollow noopener\" target=\"_blank\"><img alt=\"Bilde av NTB\" class=\"_image_18f0k_93\" fetchpriority=\"low\" loading=\"lazy\" decoding=\"async\" itemprop=\"image\"  src=\"https:\/\/www.europesays.com\/no\/wp-content\/uploads\/2025\/11\/1763906474_580_c33980b0-5d07-4027-84a1-813f90a7c8d6\"  width=\"480\"\/><\/a><\/li>\n<\/ul>\n<p> Oppdatert s\u00f8ndag 23. november kl. 14:20     <\/p>\n<p class=\"_paragraph_o9xde_4 _paragraph_xtcu6_10 layout-component text-serif-m layout-normal text-serif-m layout-padded\">Israel har gjennomf\u00f8rt et luftangrep mot Libanons hovedstad <a href=\"https:\/\/www.vg.no\/tag\/beirut?utm_source=vg-article&amp;utm_medium=auto-tagger&amp;utm_campaign=XMldPr\" class=\"_link_o9xde_39\" rel=\"nofollow noopener\" target=\"_blank\">Beirut<\/a>. If\u00f8lge libanesiske medier fant angrepet sted i S\u00f8r-Beirut, der Hizbollah-militsen er kjent for \u00e5 st\u00e5 sterkt. <\/p>\n<p class=\"_paragraph_o9xde_4 _paragraph_xtcu6_10 layout-component text-serif-m layout-normal text-serif-m layout-padded\">Det er forel\u00f8pig ikke meldt om drepte eller s\u00e5rede i angrepet, som den israelske h\u00e6ren ikke har kommentert ytterligere.<\/p>\n<p class=\"_paragraph_o9xde_4 _paragraph_xtcu6_10 layout-component text-serif-m layout-normal text-serif-m layout-padded\">Israel og Hizbollah inngikk for ett \u00e5r siden v\u00e5penhvile, men anklager hverandre for \u00e5 bryte denne.<\/p>\n<p class=\"_paragraph_o9xde_4 _paragraph_xtcu6_10 layout-component text-serif-m layout-normal text-serif-m layout-padded\">Israel har n\u00e6rmest daglig gjennomf\u00f8rt angrep mot det de omtaler som Hizbollah-m\u00e5l i Libanon siden v\u00e5penhvilen tr\u00e5dte i kraft, og har ogs\u00e5 etablert flere milit\u00e6rposter p\u00e5 libanesisk territorium.<\/p>\n<p class=\"_paragraph_o9xde_4 _paragraph_xtcu6_10 layout-component text-serif-m layout-normal text-serif-m layout-padded\">Hizbollah har ikke gjennomf\u00f8rt angrep mot Israel siden v\u00e5penhvilen tr\u00e5dte i kraft.<\/p>\n","protected":false},"excerpt":{"rendered":"Den israelske h\u00e6ren sier et ledende Hizbollah-medlem var m\u00e5l for angrepet. Oppdatert s\u00f8ndag 23. november kl. 14:20 Israel&hellip;\n","protected":false},"author":2,"featured_media":94522,"comment_status":"","ping_status":"","sticky":false,"template":"","format":"standard","meta":{"footnotes":""},"categories":[12],"tags":[12244,20,21,24,25,15,52,22,23,13,30,28,29,14,16,26,27,42,43,44,45],"class_list":{"0":"post-94521","1":"post","2":"type-post","3":"status-publish","4":"format-standard","5":"has-post-thumbnail","7":"category-verden","8":"tag-beirut","9":"tag-breaking-news","10":"tag-breakingnews","11":"tag-featured-news","12":"tag-featurednews","13":"tag-headlines","14":"tag-israel","15":"tag-latest-news","16":"tag-latestnews","17":"tag-news","18":"tag-no","19":"tag-norge","20":"tag-norway","21":"tag-nyheter","22":"tag-overskrifter","23":"tag-top-stories","24":"tag-topstories","25":"tag-verden","26":"tag-world","27":"tag-world-news","28":"tag-worldnews"},"share_on_mastodon":{"url":"https:\/\/pubeurope.com\/@no\/115599381964812609","error":""},"_links":{"self":[{"href":"https:\/\/www.europesays.com\/no\/wp-json\/wp\/v2\/posts\/94521","targetHints":{"allow":["GET"]}}],"collection":[{"href":"https:\/\/www.europesays.com\/no\/wp-json\/wp\/v2\/posts"}],"about":[{"href":"https:\/\/www.europesays.com\/no\/wp-json\/wp\/v2\/types\/post"}],"author":[{"embeddable":true,"href":"https:\/\/www.europesays.com\/no\/wp-json\/wp\/v2\/users\/2"}],"replies":[{"embeddable":true,"href":"https:\/\/www.europesays.com\/no\/wp-json\/wp\/v2\/comments?post=94521"}],"version-history":[{"count":0,"href":"https:\/\/www.europesays.com\/no\/wp-json\/wp\/v2\/posts\/94521\/revisions"}],"wp:featuredmedia":[{"embeddable":true,"href":"https:\/\/www.europesays.com\/no\/wp-json\/wp\/v2\/media\/94522"}],"wp:attachment":[{"href":"https:\/\/www.europesays.com\/no\/wp-json\/wp\/v2\/media?parent=94521"}],"wp:term":[{"taxonomy":"category","embeddable":true,"href":"https:\/\/www.europesays.com\/no\/wp-json\/wp\/v2\/categories?post=94521"},{"taxonomy":"post_tag","embeddable":true,"href":"https:\/\/www.europesays.com\/no\/wp-json\/wp\/v2\/tags?post=94521"}],"curies":[{"name":"wp","href":"https:\/\/api.w.org\/{rel}","templated":true}]}}