{"id":94549,"date":"2025-11-23T14:25:25","date_gmt":"2025-11-23T14:25:25","guid":{"rendered":"https:\/\/www.europesays.com\/no\/94549\/"},"modified":"2025-11-23T14:25:25","modified_gmt":"2025-11-23T14:25:25","slug":"valerenga-legger-inn-protest-mener-kristiansund-brukte-suspendert-spiller","status":"publish","type":"post","link":"https:\/\/www.europesays.com\/no\/94549\/","title":{"rendered":"V\u00e5lerenga legger inn protest \u2013 mener Kristiansund brukte suspendert spiller"},"content":{"rendered":"<p> Daglig leder i V\u00e5lerenga Svein Graff bekrefter protesten overfor <a href=\"https:\/\/www.tv2.no\/sport\/drama-for-kristiansund-brukte-spiller-som-skulle-sonet-karantene\/18314731\/\" rel=\"noopener nofollow\" target=\"_blank\">TV 2<\/a>.<\/p>\n<p>\u2013 Vi har bestemt oss for \u00e5 legge inn en formell protest. Det handler om \u00e5 f\u00f8lge et regelverk, og hvis det skal anvendes, s\u00e5 avhenger det av at vi som klubb leverer en protest, sier han og legger til:<\/p>\n<p>\u2013 En ting er oss og konsekvenser av at en ikke-berettiget spiller brukes, men s\u00e5 har vi et ansvar overfor de andre lagene i Eliteserien n\u00e5r det gjelder fair play. Da mener vi det er riktig \u00e5 levere inn protest.<\/p>\n<p>Alvheim p\u00e5dro seg sitt tredje gule kort for KBK i \u00e5r i runden f\u00f8r kampen i Oslo. Medregnet et gult kort for Ranheim fra 1. divisjon tidligere i sesongen, kan det tilsi at spissen ikke var spilleberettiget til l\u00f8rdagens kamp.<\/p>\n<p>Ble byttet av<\/p>\n<p>Det var Kristiansund tilsynelatende ikke klar over. Spissen ble byttet av banen kort tid f\u00f8r pausesignalet og s\u00e5 sp\u00f8rrende ut da han tok turen ut over sidelinjen.<\/p>\n<p>\u2013 Vi som klubb er opptatt av fair play, og vi har sterke verdier i klubben. Derfor tar vi Alvheim ut av kampen, sa sportslig leder i Kristiansund Eirik Hoseth til TV 2 imellom omgangene.<\/p>\n<p>Oppgj\u00f8ret endte 3-3 etter en utrolig opphenting fra vertene. I etterkant har VIF levert inn protest, og dermed er det usikkert om resultatet blir st\u00e5ende.<\/p>\n<p>Kan ende med poengtap<\/p>\n<p>Det er samtidig uklart hva konsekvensene av et slikt regelbrudd kan v\u00e6re. I 2024 ble Mj\u00f8ndalen fratatt ett poeng da de br\u00f8t samme regel i 1. divisjon.<\/p>\n<p>Et eventuelt poengtrekk kan i s\u00e5 fall skape spenning i nedrykksstriden. Kristiansund trengte minst ett poeng fra \u00e5rets to siste kamper for \u00e5 overleve i Eliteserien, s\u00e5 sant kvalikplass Bryne sikrer full pott i sine to siste kamper av sesongen.<\/p>\n","protected":false},"excerpt":{"rendered":"Daglig leder i V\u00e5lerenga Svein Graff bekrefter protesten overfor TV 2. \u2013 Vi har bestemt oss for \u00e5&hellip;\n","protected":false},"author":2,"featured_media":94550,"comment_status":"","ping_status":"","sticky":false,"template":"","format":"standard","meta":{"footnotes":""},"categories":[59],"tags":[967,30,28,29,83,82],"class_list":{"0":"post-94549","1":"post","2":"type-post","3":"status-publish","4":"format-standard","5":"has-post-thumbnail","7":"category-sport","8":"tag-artikler-fra-ntb","9":"tag-no","10":"tag-norge","11":"tag-norway","12":"tag-sport","13":"tag-sports"},"share_on_mastodon":{"url":"https:\/\/pubeurope.com\/@no\/115599476503073109","error":""},"_links":{"self":[{"href":"https:\/\/www.europesays.com\/no\/wp-json\/wp\/v2\/posts\/94549","targetHints":{"allow":["GET"]}}],"collection":[{"href":"https:\/\/www.europesays.com\/no\/wp-json\/wp\/v2\/posts"}],"about":[{"href":"https:\/\/www.europesays.com\/no\/wp-json\/wp\/v2\/types\/post"}],"author":[{"embeddable":true,"href":"https:\/\/www.europesays.com\/no\/wp-json\/wp\/v2\/users\/2"}],"replies":[{"embeddable":true,"href":"https:\/\/www.europesays.com\/no\/wp-json\/wp\/v2\/comments?post=94549"}],"version-history":[{"count":0,"href":"https:\/\/www.europesays.com\/no\/wp-json\/wp\/v2\/posts\/94549\/revisions"}],"wp:featuredmedia":[{"embeddable":true,"href":"https:\/\/www.europesays.com\/no\/wp-json\/wp\/v2\/media\/94550"}],"wp:attachment":[{"href":"https:\/\/www.europesays.com\/no\/wp-json\/wp\/v2\/media?parent=94549"}],"wp:term":[{"taxonomy":"category","embeddable":true,"href":"https:\/\/www.europesays.com\/no\/wp-json\/wp\/v2\/categories?post=94549"},{"taxonomy":"post_tag","embeddable":true,"href":"https:\/\/www.europesays.com\/no\/wp-json\/wp\/v2\/tags?post=94549"}],"curies":[{"name":"wp","href":"https:\/\/api.w.org\/{rel}","templated":true}]}}