{"id":94551,"date":"2025-11-23T14:26:10","date_gmt":"2025-11-23T14:26:10","guid":{"rendered":"https:\/\/www.europesays.com\/no\/94551\/"},"modified":"2025-11-23T14:26:10","modified_gmt":"2025-11-23T14:26:10","slug":"tor-hakon-havardsen-avslorer-hemmelighet-fra-90-tallet-for-forraeder-finalen-2","status":"publish","type":"post","link":"https:\/\/www.europesays.com\/no\/94551\/","title":{"rendered":"Tor-H\u00e5kon H\u00e5vardsen avsl\u00f8rer hemmelighet fra 90-tallet f\u00f8r \u00abForr\u00e6der\u00bb-finalen"},"content":{"rendered":"<p class=\"kicker \" style=\"\">Tor-H\u00e5kon Gabrielsen H\u00e5vardsen:\u00a0<\/p>\n<p>  Tor-H\u00e5kon Gabrielsen H\u00e5vardsen er i finalen av \u00abForr\u00e6der\u00bb. N\u00e5 forteller han om en hendelse som ga ham god trening p\u00e5 \u00e5 lyve.\u00a0<\/p>\n<p>\n    AVSL\u00d8RING: Tor-H\u00e5kon Gabriel H\u00e5vardsen sammen med kona p\u00e5 f\u00f8rpremieren til \u00abForr\u00e6der\u00bb tidligere i \u00e5r. N\u00e5 kan han r\u00f8pe en av hemmeligheten han har holdt p\u00e5 siden 90-tallet. Foto: Espen Solli \/ TV 2 \/ NTB\n  <\/p>\n<p>Gravferdskonsulent og skrekkbok-forfatter Tor-H\u00e5kon Gabriel H\u00e5vardsen (38) har klart \u00e5 karre seg hele veien til finalen av TV-programmet <a href=\"https:\/\/www.seher.no\/kjendis\/her-er-de-nye-deltakerne\/83196386\" rel=\"nofollow noopener\" target=\"_blank\">\u00abForr\u00e6der\u00bb<\/a>.\u00a0 \u00a0<\/p>\n<p>    <a itemprop=\"url\" href=\"https:\/\/www.seher.no\/kjendis\/uteblir\/83885658\" rel=\"nofollow noopener\" target=\"_blank\"><\/p>\n<p>      <img loading=\"lazy\" decoding=\"async\" src=\"https:\/\/www.europesays.com\/no\/wp-content\/uploads\/2025\/11\/1763907968_126_83885654.webp\" width=\"980\" height=\"441\" title=\"Uteblir\" alt=\"\" class=\"lazyload\" style=\"--aspect-ratio-image: 2.22; \"\/><\/p>\n<p>        Uteblir<\/p>\n<p>    <\/a><\/p>\n<p>H\u00e5vardsen har f\u00e5tt god trening p\u00e5 \u00e5 lyve i det psykologiske TV-spillet i l\u00f8pet av sesongen, men det er ogs\u00e5 en annen hendelse som ga ham verdifull trening.\u00a0<\/p>\n<p>        ANGRER: Rasmus Wold avsl\u00f8rer hvilken samtale han hadde med Sophie Elise inne p\u00e5 \u00abForr\u00e6der\u00bb som han i dag angrer p\u00e5. Video: TV 2\/ Nora Skavhaug\/ Thea Hope\/ R\u00f8d L\u00f8per<\/p>\n<p class=\"font-weight-bold m-font-weight-bold\" data-lab-font_weight=\"font-weight-bold\">&#8211; Jeg dyttet en bil p\u00e5 havet, r\u00f8per han til Se og H\u00f8r.\u00a0<\/p>\n<p>&#8211; Jeg og noen kompiser gjorde det. Jeg har g\u00e5tt og holdt p\u00e5 det s\u00e5 lenge at det nesten var en lettelse \u00e5 si det. Jeg f\u00f8ler meg nesten som en forr\u00e6der, sier han lattermildt.<\/p>\n<p> Det var <a href=\"https:\/\/www.nettavisen.no\/kjendis\/tor-hakon-gabriel-havardsen-fra-forrader-jeg-har-loyet-om-det-i-30-ar\/s\/5-95-2735813\" rel=\"nofollow noopener\" target=\"_blank\">Nettavisen <\/a>som f\u00f8rst omtalte saken. <\/p>\n<p>          <img loading=\"lazy\" decoding=\"async\" src=\"https:\/\/www.europesays.com\/no\/wp-content\/uploads\/2025\/11\/1763907969_862_83745159.webp\" width=\"980\" height=\"559\" title=\"ALLE ER MISTENKT: I \u00abForr\u00e6der\u00bb er ingen trygge for mistanke. Fra venstre: Bertine Zetlitz, Sval Rosenl\u00f8w Eeg, Markus Bailey, Aina Thunem, Henrik Holm, Trine Dehli Cleve, Ida Broen, Harald Bredeli, Kathrine S\u00f8rland, Ellen Horn, Andreas Holck, Vebj\u00f8rn Selbekk, Espen Abrahamsen, Sophie Elise Isachsen, Tor-H\u00e5kon Gabriel H\u00e5vardsen, Rasmus Wold, Tuva Fellman, Olaf Tufte. Foran: Siri Avlesen, Trygve Bennetsen, Leah Behn, Morten Sand\u00f8y og Johan F\u00e6raas. Foto: TV 2\" alt=\"\" class=\"\" style=\"--aspect-ratio-image: 1.75; \"\/><\/p>\n<p>\n          ALLE ER MISTENKT: I \u00abForr\u00e6der\u00bb er ingen trygge for mistanke. Fra venstre: Bertine Zetlitz, Sval Rosenl\u00f8w Eeg, Markus Bailey, Aina Thunem, Henrik Holm, Trine Dehli Cleve, Ida Broen, Harald Bredeli, Kathrine S\u00f8rland, Ellen Horn, Andreas Holck, Vebj\u00f8rn Selbekk, Espen Abrahamsen, Sophie Elise Isachsen, Tor-H\u00e5kon Gabriel H\u00e5vardsen, Rasmus Wold, Tuva Fellman, Olaf Tufte. Foran: Siri Avlesen, Trygve Bennetsen, Leah Behn, Morten Sand\u00f8y og Johan F\u00e6raas. Foto: TV 2\n      <\/p>\n<p>Han erkjenner at han kan le av situasjonen i dag, men ser tilbake p\u00e5 en yngre versjon av seg selv som muligens oppf\u00f8rte seg litt annerledes enn det han ville gjort i dag.\u00a0<\/p>\n<p class=\"font-weight-bold m-font-weight-bold\" data-lab-font_weight=\"font-weight-bold\">&#8211; Det f\u00f8ltes spennende der og da, men jeg har l\u00f8yet om det hele livet. Ingen visste at jeg var med, og jeg har alltid holdt maska n\u00e5r noen har nevnt den bilen. S\u00e5 det er rart \u00e5 si det h\u00f8yt n\u00e5.<\/p>\n<p>        KONFLIKT: Det blir opphetet stemning mellom Siri Avlesen-\u00d8stli og Henrik Holm i \u00abForr\u00e6der\u00bb. Video: Thea Hope \/ Nora Skavhaug \/ TV 2<\/p>\n<p>Hemmeligheten fra 90-tallet\t<\/p>\n<p>Hendelsen skjedde tidlig p\u00e5 90-tallet i hjembyen Stokmarknes i Vester\u00e5len.\u00a0<\/p>\n<p>&#8211; Mamma har spurt mange ganger. Hun har egentlig alltid trodd at jeg var med p\u00e5 det, men jeg nektet s\u00e5 hardt at hun til slutt m\u00e5 ha trodd p\u00e5 meg, forteller han.\u00a0<\/p>\n<p>    <a itemprop=\"url\" href=\"https:\/\/www.seher.no\/kjendis\/ikke-redd-for-a-ta-plass\/83885484\" rel=\"nofollow noopener\" target=\"_blank\"><\/p>\n<p>      <img loading=\"lazy\" decoding=\"async\" src=\"https:\/\/www.europesays.com\/no\/wp-content\/uploads\/2025\/11\/1763907969_136_83674128.webp\" width=\"980\" height=\"441\" title=\"- Ikke redd for \u00e5 ta plass\" alt=\"\" class=\"lazyload\" style=\"--aspect-ratio-image: 2.22; \"\/><\/p>\n<p>        &#8211; Ikke redd for \u00e5 ta plass<\/p>\n<p>    <\/a><\/p>\n<p> \u00c5 dytte eller dumpe bil i havet anses som milj\u00f8kriminalitet, men 38-\u00e5ringen tror at det aldri ble noen politisak. <\/p>\n<p>          <img loading=\"lazy\" decoding=\"async\" src=\"https:\/\/www.europesays.com\/no\/wp-content\/uploads\/2025\/11\/1763907969_754_83886062.webp\" width=\"686\" height=\"474\" title=\"STOKMARKNES: Det er store mengder hav rundt byen Stokmarknes i Vester\u00e5len. P\u00e5 90-tallet var \u00abForr\u00e6der\u00bb-deltakeren med p\u00e5 \u00e5 dytte en bil ut i havgapet. Foto: Erik Johansen \/ NTB\" alt=\"\" class=\"\" style=\"--aspect-ratio-image: 1.45; \"\/><\/p>\n<p>\n          STOKMARKNES: Det er store mengder hav rundt byen Stokmarknes i Vester\u00e5len. P\u00e5 90-tallet var \u00abForr\u00e6der\u00bb-deltakeren med p\u00e5 \u00e5 dytte en bil ut i havgapet. Foto: Erik Johansen \/ NTB\n      <\/p>\n<p>Samtidig innr\u00f8mmer H\u00e5vardsen at det ikke er sikkert at det er s\u00e5 lurt av ham \u00e5 fortelle \u00e5penlyst om de tretti \u00e5r gamle barnestrekene.\u00a0<\/p>\n<p>&#8211; N\u00e5r jeg sier det n\u00e5, kjenner jeg at det kanskje ikke er s\u00e5 lurt, for jeg vet ikke helt hvordan folk hjemme kommer til \u00e5 reagere. Det er en s\u00e5nn ting som henger ved deg lenge selv om det er sm\u00e5tteri fra barndommen.<\/p>\n<p>          <img loading=\"lazy\" decoding=\"async\" src=\"https:\/\/www.europesays.com\/no\/wp-content\/uploads\/2025\/11\/1763907970_240_83886088.webp\" width=\"686\" height=\"652\" title=\"P\u00c5 JOBBEN: Den kritikerroste skrekkbok-forfatteren er ogs\u00e5 gravferdskonsulent av yrke. Jobben har han hatt siden han var 19 \u00e5r gammel. Foto: Privat\" alt=\"\" class=\"\" style=\"--aspect-ratio-image: 1.05; \"\/><\/p>\n<p>\n          P\u00c5 JOBBEN: Den kritikerroste skrekkbok-forfatteren er ogs\u00e5 gravferdskonsulent av yrke. Jobben har han hatt siden han var 19 \u00e5r gammel. Foto: Privat\n      <\/p>\n<p>At han forteller om l\u00f8gnen n\u00e5, like f\u00f8r finalen av \u00abForr\u00e6der\u00bb, er ikke tilfeldig.\u00a0 Deltakelsen i programmet ble nemlig en slags oppvekker.\u00a0<\/p>\n<p class=\"font-weight-bold m-font-weight-bold\" data-lab-font_weight=\"font-weight-bold\">&#8211; Jeg kjente at jeg m\u00e5tte st\u00e5 i ting, og da dukker det opp merkelige greier fra barndommen. Du st\u00e5r og lyver i spillet, og s\u00e5 tenker du p\u00e5 l\u00f8gner du faktisk har g\u00e5tt og b\u00e5ret p\u00e5. Det kom bare n\u00e5, fordi jeg inns\u00e5 at jeg ikke gidder \u00e5 gjemme det mer, forteller han.\u00a0<\/p>\n<p>        \u00abFORR\u00c6DER\u00bb: Det er s\u00e6rlig \u00e9n ting programleder Mads Hansen har f\u00e5tt mye tyn for gjennom sesongene. Video: \u00abForr\u00e6der\u00bb\/TV 2, R\u00f8d L\u00f8per\/Thea Hope\/Nora Skavhaug<\/p>\n<p>Roser deltakerne: &#8211; Verdens fineste gjeng\t<\/p>\n<p>Etter en intens sesong full av diskusjoner og intriger sitter H\u00e5vardsen igjen med varme tanker om programmet.<\/p>\n<p>&#8211; Det er verdens fineste gjeng. Alle ga tiden sin, og det f\u00f8ltes helt perfekt. Jeg har aldri v\u00e6rt med p\u00e5 noe s\u00e5nt tidligere, og du havner plutselig i en boble der du bare lever sammen med disse menneskene. Det gir en veldig rar, koselig n\u00e6rhet, reflekterer han.\u00a0<\/p>\n<p>          <img loading=\"lazy\" decoding=\"async\" src=\"https:\/\/www.europesays.com\/no\/wp-content\/uploads\/2025\/11\/1763907970_469_83886180.webp\" width=\"686\" height=\"645\" title=\"MED KONA: Tor-H\u00e5kon Gabrielsen H\u00e5vardsen dukket opp med kona p\u00e5 finalefesten til \u00abForr\u00e6der\u00bb fredag kveld. Foto: TV 2 \/ NTB\" alt=\"\" class=\"\" style=\"--aspect-ratio-image: 1.06; \"\/><\/p>\n<p>\n          MED KONA: Tor-H\u00e5kon Gabrielsen H\u00e5vardsen dukket opp med kona p\u00e5 finalefesten til \u00abForr\u00e6der\u00bb fredag kveld. Foto: TV 2 \/ NTB\n      <\/p>\n<p>Etter fredagens intense finale ble det klart at det var forr\u00e6derne, Espen Abrahamsen (32) og Rasmus Wold (34), som stakk av med seieren. H\u00e5vardsen tok med det en tredjeplass.\u00a0<\/p>\n<p>    <a itemprop=\"url\" href=\"https:\/\/www.seher.no\/kjendis\/foltes-grusomt\/83738783\" rel=\"nofollow noopener\" target=\"_blank\"><\/p>\n<p>      <img loading=\"lazy\" decoding=\"async\" src=\"https:\/\/www.europesays.com\/no\/wp-content\/uploads\/2025\/11\/1763907970_301_83738747.webp\" width=\"980\" height=\"441\" title=\"- F\u00f8ltes grusomt\" alt=\"\" class=\"lazyload\" style=\"--aspect-ratio-image: 2.22; \"\/><\/p>\n<p>        &#8211; F\u00f8ltes grusomt<\/p>\n<p>    <\/a><\/p>\n<p>Gravferdskonsulenten ler n\u00e5r temaet reality-TV kommer opp igjen. Det er s\u00e6rlig ett program som peker seg ut for ham.\u00a0<\/p>\n<p class=\"font-weight-bold m-font-weight-bold\" data-lab-font_weight=\"font-weight-bold\">&#8211; Jeg vet ikke helt hva jeg kunne v\u00e6rt med p\u00e5 etter dette, men du foreslo \u00abCharterfeber\u00bb, og det kunne faktisk v\u00e6rt artig. Jeg tar imot en invitasjon hvilken dag som helst, sier han avslutningsvis.\u00a0<\/p>\n","protected":false},"excerpt":{"rendered":"Tor-H\u00e5kon Gabrielsen H\u00e5vardsen:\u00a0 Tor-H\u00e5kon Gabrielsen H\u00e5vardsen er i finalen av \u00abForr\u00e6der\u00bb. N\u00e5 forteller han om en hendelse som&hellip;\n","protected":false},"author":2,"featured_media":94552,"comment_status":"","ping_status":"","sticky":false,"template":"","format":"standard","meta":{"footnotes":""},"categories":[58],"tags":[71,4138,479,30,28,29,4742,72],"class_list":{"0":"post-94551","1":"post","2":"type-post","3":"status-publish","4":"format-standard","5":"has-post-thumbnail","7":"category-underholdning","8":"tag-entertainment","9":"tag-forraeder","10":"tag-kjendis","11":"tag-no","12":"tag-norge","13":"tag-norway","14":"tag-tor-hakon-gabriel-havardsen","15":"tag-underholdning"},"share_on_mastodon":{"url":"https:\/\/pubeurope.com\/@no\/115599480712614625","error":""},"_links":{"self":[{"href":"https:\/\/www.europesays.com\/no\/wp-json\/wp\/v2\/posts\/94551","targetHints":{"allow":["GET"]}}],"collection":[{"href":"https:\/\/www.europesays.com\/no\/wp-json\/wp\/v2\/posts"}],"about":[{"href":"https:\/\/www.europesays.com\/no\/wp-json\/wp\/v2\/types\/post"}],"author":[{"embeddable":true,"href":"https:\/\/www.europesays.com\/no\/wp-json\/wp\/v2\/users\/2"}],"replies":[{"embeddable":true,"href":"https:\/\/www.europesays.com\/no\/wp-json\/wp\/v2\/comments?post=94551"}],"version-history":[{"count":0,"href":"https:\/\/www.europesays.com\/no\/wp-json\/wp\/v2\/posts\/94551\/revisions"}],"wp:featuredmedia":[{"embeddable":true,"href":"https:\/\/www.europesays.com\/no\/wp-json\/wp\/v2\/media\/94552"}],"wp:attachment":[{"href":"https:\/\/www.europesays.com\/no\/wp-json\/wp\/v2\/media?parent=94551"}],"wp:term":[{"taxonomy":"category","embeddable":true,"href":"https:\/\/www.europesays.com\/no\/wp-json\/wp\/v2\/categories?post=94551"},{"taxonomy":"post_tag","embeddable":true,"href":"https:\/\/www.europesays.com\/no\/wp-json\/wp\/v2\/tags?post=94551"}],"curies":[{"name":"wp","href":"https:\/\/api.w.org\/{rel}","templated":true}]}}