{"id":94581,"date":"2025-11-23T15:07:11","date_gmt":"2025-11-23T15:07:11","guid":{"rendered":"https:\/\/www.europesays.com\/no\/94581\/"},"modified":"2025-11-23T15:07:11","modified_gmt":"2025-11-23T15:07:11","slug":"hyller-milan-stjerne-luka-modric-40","status":"publish","type":"post","link":"https:\/\/www.europesays.com\/no\/94581\/","title":{"rendered":"Hyller Milan-stjerne Luka Modri\u0107 (40)"},"content":{"rendered":"\n<p class=\"_lead_o9xde_2 _lead_xtcu6_50 layout-component text-serif-m layout-normal text-serif-l layout-component layout-wide layout-padded _wide_17hqh_1 layout-padded\">Evigunge Luka Modri\u0107 har v\u00e6rt en av Europas beste s\u00e5 langt denne sesongen.<\/p>\n<p><img alt=\"Alder er bare et tall for Luka Modri\u0107. Foto: Luca Bruno \/ AP \/ NTB\" class=\"_image_qp4xg_65 layout-component layout-wide\" data-fullscreen- data-track-element-type=\"Article image fullscreen\" data-track-name=\"ImageFullscreen\" fetchpriority=\"high\" decoding=\"sync\" loading=\"eager\" height=\"3226\" itemprop=\"image\"  src=\"https:\/\/www.europesays.com\/no\/wp-content\/uploads\/2025\/11\/dd5f4ac9-be98-4f2f-9040-387dee9bff52\"  style=\"object-position:0% 0%\" width=\"4839\"\/>Alder er bare et tall for Luka Modri\u0107. Foto: Luca Bruno \/ AP \/ NTB Oppdatert s\u00f8ndag 23. november kl. 15:38     <\/p>\n<p class=\"_paragraph_o9xde_4 _paragraph_xtcu6_10 layout-component text-serif-m layout-normal text-serif-m layout-padded\">Mandag var han med p\u00e5 \u00e5 snu kampen for VM-klare Kroatia. S\u00f8ndag starter han trolig Milano-derbyet p\u00e5 San Siro. <\/p>\n<p class=\"_paragraph_o9xde_4 _paragraph_xtcu6_10 layout-component text-serif-m layout-normal text-serif-m layout-padded\">\u2014 Det har v\u00e6rt helt enest\u00e5ende \u00e5 se Luka Modri\u0107 i <a href=\"https:\/\/www.vg.no\/tag\/serie-a?utm_source=vg-article&amp;utm_medium=auto-tagger&amp;utm_campaign=0pjnqE\" class=\"_link_o9xde_39\" rel=\"nofollow noopener\" target=\"_blank\">Serie A<\/a> og i Milan-drakten. Mange har kanskje tenkt at en 40-\u00e5ring ville bremse litt, men det motbeviser han totalt \u2014 han styrer midtbanen, sier VG-kommentator Vegard Aulstad.<\/p>\n<p class=\"_paragraph_o9xde_4 _paragraph_xtcu6_10 layout-component text-serif-m layout-normal text-serif-m layout-padded\">If\u00f8lge SofaScore har faktisk ingen v\u00e6rt bedre i den italienske ligaen denne sesongen.<\/p>\n<p class=\"_paragraph_o9xde_4 _paragraph_xtcu6_10 layout-component text-serif-m layout-normal text-serif-m layout-padded\">Tar vi med alle i topp fem-ligaer er 40-\u00e5ringen inne p\u00e5 en femteplass. <\/p>\n<p class=\"_paragraph_o9xde_4 _paragraph_xtcu6_10 layout-component text-serif-m layout-normal text-serif-m layout-padded\">N\u00e6rmest i alder: \u00e5tte \u00e5r yngre Harry Kane.<\/p>\n<p><img alt=\"\" class=\"_image_qp4xg_65 layout-component layout-normal\" data-fullscreen- data-track-element-type=\"Article image fullscreen\" data-track-name=\"ImageFullscreen\" decoding=\"async\" loading=\"lazy\" height=\"2560\" itemprop=\"image\"  src=\"https:\/\/www.europesays.com\/no\/wp-content\/uploads\/2025\/11\/63fdd942-840b-441b-a35b-0a00ee31580a\"  style=\"object-position:0% 0%\" width=\"2048\"\/><\/p>\n<p class=\"_paragraph_o9xde_4 _paragraph_xtcu6_10 layout-component text-serif-m layout-normal text-serif-m layout-padded\">\u2013 Det viktigste er \u00e5 like det man driver med. Jeg elsker fotball, det betyr alt, sier Modri\u0107 selv, som debuterte for Dinamo Zagreb helt tilbake i 2003. <\/p>\n<p class=\"_paragraph_o9xde_4 _paragraph_xtcu6_10 layout-component text-serif-m layout-normal text-serif-m layout-padded\">Italiensk presse er samstemte i sin hyllest av playmakeren. <\/p>\n<p class=\"_paragraph_o9xde_4 _paragraph_xtcu6_10 layout-component text-serif-m layout-normal text-serif-m layout-padded\">La Gazzetta skriver at Milan allerede \u00f8nsker \u00e5 forlenge kontrakten utover denne sesongen. <\/p>\n<p class=\"_paragraph_o9xde_4 _paragraph_xtcu6_10 layout-component text-serif-m layout-normal text-serif-m layout-padded\"><strong class=\"_strong_o9xde_25\">Se Milano-derbyet direkte p\u00e5 VG. S\u00f8ndag fra 20.45:<\/strong><\/p>\n<p class=\"_paragraph_o9xde_4 _paragraph_xtcu6_10 layout-component text-serif-m layout-normal text-serif-m layout-padded\">Hans tidligere trener, Carlo Ancelotti, sier at han ikke er overrasket. Kroaten gikk nemlig aldri glipp av en eneste trening mens han var i Real Madrid.<\/p>\n<p>Han mener det skyldes b\u00e5de genetikk og riktig innstilling. <\/p>\n<p>Kombinasjonen har gjort at veteranen har startet samtlige kamper for titteljagende Milan.<\/p>\n","protected":false},"excerpt":{"rendered":"Evigunge Luka Modri\u0107 har v\u00e6rt en av Europas beste s\u00e5 langt denne sesongen. Alder er bare et tall&hellip;\n","protected":false},"author":2,"featured_media":94582,"comment_status":"","ping_status":"","sticky":false,"template":"","format":"standard","meta":{"footnotes":""},"categories":[59],"tags":[92,12253,30,28,29,1067,83,82],"class_list":{"0":"post-94581","1":"post","2":"type-post","3":"status-publish","4":"format-standard","5":"has-post-thumbnail","7":"category-sport","8":"tag-fotball","9":"tag-luka-modric","10":"tag-no","11":"tag-norge","12":"tag-norway","13":"tag-serie-a","14":"tag-sport","15":"tag-sports"},"share_on_mastodon":{"url":"https:\/\/pubeurope.com\/@no\/115599641513778193","error":""},"_links":{"self":[{"href":"https:\/\/www.europesays.com\/no\/wp-json\/wp\/v2\/posts\/94581","targetHints":{"allow":["GET"]}}],"collection":[{"href":"https:\/\/www.europesays.com\/no\/wp-json\/wp\/v2\/posts"}],"about":[{"href":"https:\/\/www.europesays.com\/no\/wp-json\/wp\/v2\/types\/post"}],"author":[{"embeddable":true,"href":"https:\/\/www.europesays.com\/no\/wp-json\/wp\/v2\/users\/2"}],"replies":[{"embeddable":true,"href":"https:\/\/www.europesays.com\/no\/wp-json\/wp\/v2\/comments?post=94581"}],"version-history":[{"count":0,"href":"https:\/\/www.europesays.com\/no\/wp-json\/wp\/v2\/posts\/94581\/revisions"}],"wp:featuredmedia":[{"embeddable":true,"href":"https:\/\/www.europesays.com\/no\/wp-json\/wp\/v2\/media\/94582"}],"wp:attachment":[{"href":"https:\/\/www.europesays.com\/no\/wp-json\/wp\/v2\/media?parent=94581"}],"wp:term":[{"taxonomy":"category","embeddable":true,"href":"https:\/\/www.europesays.com\/no\/wp-json\/wp\/v2\/categories?post=94581"},{"taxonomy":"post_tag","embeddable":true,"href":"https:\/\/www.europesays.com\/no\/wp-json\/wp\/v2\/tags?post=94581"}],"curies":[{"name":"wp","href":"https:\/\/api.w.org\/{rel}","templated":true}]}}