{"id":94611,"date":"2025-11-23T15:40:26","date_gmt":"2025-11-23T15:40:26","guid":{"rendered":"https:\/\/www.europesays.com\/no\/94611\/"},"modified":"2025-11-23T15:40:26","modified_gmt":"2025-11-23T15:40:26","slug":"stryn-fjelltur-oydelagd-ski-nedkjoling-og-darleg-flyver","status":"publish","type":"post","link":"https:\/\/www.europesays.com\/no\/94611\/","title":{"rendered":"Stryn, Fjelltur | \u00d8ydelagd ski, nedkj\u00f8ling og d\u00e5rleg flyv\u00ear"},"content":{"rendered":"\n<p>Utp\u00e5 kvelden m\u00e5tte dei be om hjelp. Klokka 19.25 melder Vest politidistrikt om to utanlandske turistar med tr\u00f8bbel p\u00e5 veg opp Sk\u00e5la i Nordfjord. <\/p>\n<p>\u2013 Dei har ei \u00f8ydelagd ski, og har tr\u00f8bbel med \u00e5 ta seg vidare p\u00e5 eiga hand. Frivillige mannskap er p\u00e5 veg opp fjellet for \u00e5 hjelpa dei, skriv nattevakt og operasjonsleiar Dan Erik Johannessen hj\u00e5 Vest politidistrikt i politiloggen.<\/p>\n<p>Rett f\u00f8r midnatt hadde mannskapet kome seg fram til dei to turistane, og nedturen kunne byrja. Turistane hadde d\u00e5 vore i fjellet i mange timar, og var noko nedkj\u00f8lte. Dei frivillige hadde med t\u00f8rre kle til dei. <\/p>\n<p>\u2013 Redningshelikopteret pr\u00f8vde \u00e5 ta seg inn i fjellet, men m\u00e5tte snu grunna d\u00e5rleg flyv\u00ear.<\/p>\n<p>F\u00f8rst i tretida p\u00e5 natta kjem meldinga om at turistane har kome seg ned att ved hjelp av dei frivillige, og redningsaksjonen vart avslutta. Turistane fekk tilsyn av helsepersonell. <\/p>\n","protected":false},"excerpt":{"rendered":"Utp\u00e5 kvelden m\u00e5tte dei be om hjelp. Klokka 19.25 melder Vest politidistrikt om to utanlandske turistar med tr\u00f8bbel&hellip;\n","protected":false},"author":2,"featured_media":4378,"comment_status":"","ping_status":"","sticky":false,"template":"","format":"standard","meta":{"footnotes":""},"categories":[10],"tags":[36,20,21,24,25,470,15,22,23,13,30,28,29,14,16,1510,3344,26,27,12256],"class_list":{"0":"post-94611","1":"post","2":"type-post","3":"status-publish","4":"format-standard","5":"has-post-thumbnail","7":"category-norge","8":"tag-art","9":"tag-breaking-news","10":"tag-breakingnews","11":"tag-featured-news","12":"tag-featurednews","13":"tag-fjelltur","14":"tag-headlines","15":"tag-latest-news","16":"tag-latestnews","17":"tag-news","18":"tag-no","19":"tag-norge","20":"tag-norway","21":"tag-nyheter","22":"tag-overskrifter","23":"tag-story","24":"tag-stryn","25":"tag-top-stories","26":"tag-topstories","27":"tag-turistar"},"share_on_mastodon":{"url":"https:\/\/pubeurope.com\/@no\/115599771237192321","error":""},"_links":{"self":[{"href":"https:\/\/www.europesays.com\/no\/wp-json\/wp\/v2\/posts\/94611","targetHints":{"allow":["GET"]}}],"collection":[{"href":"https:\/\/www.europesays.com\/no\/wp-json\/wp\/v2\/posts"}],"about":[{"href":"https:\/\/www.europesays.com\/no\/wp-json\/wp\/v2\/types\/post"}],"author":[{"embeddable":true,"href":"https:\/\/www.europesays.com\/no\/wp-json\/wp\/v2\/users\/2"}],"replies":[{"embeddable":true,"href":"https:\/\/www.europesays.com\/no\/wp-json\/wp\/v2\/comments?post=94611"}],"version-history":[{"count":0,"href":"https:\/\/www.europesays.com\/no\/wp-json\/wp\/v2\/posts\/94611\/revisions"}],"wp:featuredmedia":[{"embeddable":true,"href":"https:\/\/www.europesays.com\/no\/wp-json\/wp\/v2\/media\/4378"}],"wp:attachment":[{"href":"https:\/\/www.europesays.com\/no\/wp-json\/wp\/v2\/media?parent=94611"}],"wp:term":[{"taxonomy":"category","embeddable":true,"href":"https:\/\/www.europesays.com\/no\/wp-json\/wp\/v2\/categories?post=94611"},{"taxonomy":"post_tag","embeddable":true,"href":"https:\/\/www.europesays.com\/no\/wp-json\/wp\/v2\/tags?post=94611"}],"curies":[{"name":"wp","href":"https:\/\/api.w.org\/{rel}","templated":true}]}}