{"id":94612,"date":"2025-11-23T15:41:11","date_gmt":"2025-11-23T15:41:11","guid":{"rendered":"https:\/\/www.europesays.com\/no\/94612\/"},"modified":"2025-11-23T15:41:11","modified_gmt":"2025-11-23T15:41:11","slug":"langrenn-einar-hedegart-hedegart-utklasset-konkurrentene-helt-vilt-det-han-driver-med-her","status":"publish","type":"post","link":"https:\/\/www.europesays.com\/no\/94612\/","title":{"rendered":"Langrenn, Einar Hedegart | Hedegart utklasset konkurrentene: \u2013 Helt vilt det han driver med her"},"content":{"rendered":"\n<p>   <img decoding=\"async\" width=\"1500\" height=\"440\" fetchpriority=\"low\"  loading=\"lazy\"  src=\"https:\/\/www.europesays.com\/no\/wp-content\/uploads\/2025\/11\/1763912470_985_simen+l%C3%B8nning+sjur+tveito+beitost%C3%B8len.jpg\" alt=\"\" class=\"brick-c-cFOWSL\" style=\"--brick-image-ratio: 1500 \/ 440;\"\/><\/p>\n<p>BEITOST\u00d8LEN (Nettavisen): F\u00f8rst satte Julie Bjervig Drivenes langrennseliten p\u00e5 plass p\u00e5 kvinnenes 10 kilometer friteknikk for kvinner.<\/p>\n<p>Deretter var det Einar Hedegart sin tur til \u00e5 vise seg fram da herrene gikk samme distanse.<\/p>\n<p>Hedegart knuste konkurrentene og vant 13,2 sekunder foran Andreas Fjorden Ree. Iver Tildheim Andersen tok tredjeplassen.<\/p>\n<p>\u2013 Det er helt vilt det han driver med her, sier Fredrik Aukland p\u00e5 NRKs sending.<\/p>\n<p>\u2013 Han mener alvor. Han vil til OL og det som er, sier Jann Post.<\/p>\n<p>Offensiv melding til kj\u00e6resten<\/p>\n<p>Hedegart har s\u00e5 langt i karrieren satset p\u00e5 skiskyting, men kunngjorde tidligere i m\u00e5neden at han skal satse p\u00e5 langrenn fremover. Han mener det gir st\u00f8rre sjanser for OL-plass.<\/p>\n<p>   <img decoding=\"async\" width=\"5000\" height=\"3334\" fetchpriority=\"low\"  loading=\"lazy\"  src=\"https:\/\/www.europesays.com\/no\/wp-content\/uploads\/2025\/11\/JA208940.jpg\" alt=\"Einar Hedegart.&#10;10 km fristil under sesong\u00e5pning i langrenn p\u00e5 Beitost\u00f8len.\" class=\"brick-c-cFOWSL\" style=\"--brick-image-ratio: 5000 \/ 3334;\"\/><\/p>\n<p>      JUBEL: Einar Hedegart kunne juble etter s\u00f8ndagens 10 km fristil p\u00e5 Beitost\u00f8len.<br \/>\n      Foto: Johan Arnt Nesg\u00e5rd (Tr\u00f8nder-Avisa)\n    <\/p>\n<p>Siden han ikke er en del av landslaget er sesong\u00e5pningen p\u00e5 Beitost\u00f8len ekstra viktig for ham. Da f\u00f8les det ogs\u00e5 utrolig godt \u00e5 lykkes.<\/p>\n<p>\u2013 Det er nesten som man kan si at det er det st\u00f8rste l\u00f8pet man kan vinne i l\u00f8pet av en sesong. Stort \u00e5 v\u00e6re en av dem som har klart \u00e5 mestre \u00e5pningen i langrenn, sier han til Nettavisen etter l\u00f8pet.<\/p>\n<p>Hedegart var offensiv f\u00f8r start og fortalte kj\u00e6resten allerede kvelden f\u00f8r at han hadde skumle planer i s\u00f8ndagens renn.<\/p>\n<p>\u2013 Da jeg snakket med dama i g\u00e5r kveld sa jeg \u00abjeg tror jeg vinner i morgen, men jeg har lyst til \u00e5 vinne med mer enn Kl\u00e6bo gjorde i g\u00e5r\u00bb. Det ryktes at jeg faktisk klarte det da, s\u00e5 det er artig, sier han og smiler.<\/p>\n<p>H\u00e5per p\u00e5 Ruka<\/p>\n<p>N\u00e5 h\u00e5per han \u00e5 bli tatt ut til verdenscup\u00e5pningen i Ruka neste helg. Etter s\u00f8ndagens seier pratet han med landslagstrener Eirik Myhr Nossum.<\/p>\n<p>\u2013 Han kom med en gratulasjon, og s\u00e5 kan man jo tolke det som man vil. Jeg tolker det som at det var positivt med tanke p\u00e5 neste helg i alle fall. Men han har ikke kommet med noe konkret enn\u00e5, sier Hedegart.<\/p>\n<p>\u2013 Forventer du \u00e5 reise til Ruka n\u00e5?<\/p>\n<p>\u2013 Jeg m\u00e5 si jeg forventer det. 20 kilometer fellesstart er en distanse jeg aldri har g\u00e5tt f\u00f8r, men jeg tror det skal passe meg veldig bra, sier han.<\/p>\n<p>Imponerte i Holmenkollen<\/p>\n<p>I mars var Hedegart kun sl\u00e5tt av Harald \u00d8stberg Amundsen p\u00e5 10-kilometeren i Holmenkollen. F\u00e5 uker senere ble han norgesmester p\u00e5 fellesstarten i skiskyting.<\/p>\n<p>Sesongens store m\u00e5l er OL i Italia. Det kjempes en hard kamp om \u00e5 komme med i laget som skal kjempe om medaljene der.<\/p>\n<p>Johannes H\u00f8sflot Kl\u00e6bo valgte \u00e5 st\u00e5 over s\u00f8ndagens renn. Fredag og l\u00f8rdag gikk han til topps p\u00e5 b\u00e5de klassisk sprint og 10-kilometeren i samme stil.<\/p>\n<p>Simen Hegstad Kr\u00fcger ble nummer fire i s\u00f8ndagens renn, 34,7 sekunder bak suverene Hedegart.<\/p>\n","protected":false},"excerpt":{"rendered":"BEITOST\u00d8LEN (Nettavisen): F\u00f8rst satte Julie Bjervig Drivenes langrennseliten p\u00e5 plass p\u00e5 kvinnenes 10 kilometer friteknikk for kvinner. Deretter&hellip;\n","protected":false},"author":2,"featured_media":94613,"comment_status":"","ping_status":"","sticky":false,"template":"","format":"standard","meta":{"footnotes":""},"categories":[5],"tags":[20,21,24,25,15,19,22,23,17,18,13,30,28,29,14,16,26,27],"class_list":{"0":"post-94612","1":"post","2":"type-post","3":"status-publish","4":"format-standard","5":"has-post-thumbnail","7":"category-overskrifter","8":"tag-breaking-news","9":"tag-breakingnews","10":"tag-featured-news","11":"tag-featurednews","12":"tag-headlines","13":"tag-hovedoppslag","14":"tag-latest-news","15":"tag-latestnews","16":"tag-main-news","17":"tag-mainnews","18":"tag-news","19":"tag-no","20":"tag-norge","21":"tag-norway","22":"tag-nyheter","23":"tag-overskrifter","24":"tag-top-stories","25":"tag-topstories"},"share_on_mastodon":{"url":"https:\/\/pubeurope.com\/@no\/115599775261974607","error":""},"_links":{"self":[{"href":"https:\/\/www.europesays.com\/no\/wp-json\/wp\/v2\/posts\/94612","targetHints":{"allow":["GET"]}}],"collection":[{"href":"https:\/\/www.europesays.com\/no\/wp-json\/wp\/v2\/posts"}],"about":[{"href":"https:\/\/www.europesays.com\/no\/wp-json\/wp\/v2\/types\/post"}],"author":[{"embeddable":true,"href":"https:\/\/www.europesays.com\/no\/wp-json\/wp\/v2\/users\/2"}],"replies":[{"embeddable":true,"href":"https:\/\/www.europesays.com\/no\/wp-json\/wp\/v2\/comments?post=94612"}],"version-history":[{"count":0,"href":"https:\/\/www.europesays.com\/no\/wp-json\/wp\/v2\/posts\/94612\/revisions"}],"wp:featuredmedia":[{"embeddable":true,"href":"https:\/\/www.europesays.com\/no\/wp-json\/wp\/v2\/media\/94613"}],"wp:attachment":[{"href":"https:\/\/www.europesays.com\/no\/wp-json\/wp\/v2\/media?parent=94612"}],"wp:term":[{"taxonomy":"category","embeddable":true,"href":"https:\/\/www.europesays.com\/no\/wp-json\/wp\/v2\/categories?post=94612"},{"taxonomy":"post_tag","embeddable":true,"href":"https:\/\/www.europesays.com\/no\/wp-json\/wp\/v2\/tags?post=94612"}],"curies":[{"name":"wp","href":"https:\/\/api.w.org\/{rel}","templated":true}]}}