{"id":94616,"date":"2025-11-23T15:43:42","date_gmt":"2025-11-23T15:43:42","guid":{"rendered":"https:\/\/www.europesays.com\/no\/94616\/"},"modified":"2025-11-23T15:43:42","modified_gmt":"2025-11-23T15:43:42","slug":"kristiansund-kultur-tempos-julestrompe-var-full-av-godsaker","status":"publish","type":"post","link":"https:\/\/www.europesays.com\/no\/94616\/","title":{"rendered":"Kristiansund, Kultur | Tempos julestr\u00f8mpe var full av godsaker"},"content":{"rendered":"\n<p>Det n\u00e6rmer seg jul, og for mange er adventsforestillinger en perfekt m\u00e5te \u00e5 f\u00e5 julestemning p\u00e5. Musikkorpset Tempo, dansere fra Anetts Danceteria, medlemmer fra Kristiansund skolekorps og Nordm\u00f8re Ungdomskor hadde invitert hele byen til til Tempos julestr\u00f8mpe l\u00f8rdag ettermiddag.<\/p>\n<p>\u2013 Vi er veldig forn\u00f8yd med billettsalget, og er spente p\u00e5 hvor mange som kj\u00f8per i d\u00f8ra, sa styreleder Monica Steen i musikkorpset Tempo i forbifarten f\u00f8r konserten startet.<\/p>\n<p>Konferansier Elbj\u00f8rg Hogstad malte et bilde av gleden av \u00e5 f\u00e5 en full julestr\u00f8mpe av nissen p\u00e5 julaften, og inni den str\u00f8mpen l\u00e5 kveldens program.<\/p>\n<p>\u00c5rets adventskonsert hadde hentet kjent musikk fra b\u00e5de julefilmer og norske adventskalendre. Blant de mest kjente sangene, som kanskje kan gjenkjennes over hele verden, er \u00abSomewhere in my memory\u00bb fra julefilmen \u00abHome Alone\u00bb (1990).<\/p>\n<p>\n          Stopp video<br \/>\n          Sl\u00e5 p\u00e5 lyd<br \/>\n          <video data-standalone=\"false\" preload=\"none\" muted=\"\" loop=\"\" playsinline=\"\" autoplay=\"\"><\/p>\n<p>          <\/video>\n        <\/p>\n<p>        Under adventskonserten \u00abTempos Julestr\u00f8mpe\u00bb i Festiviteten framf\u00f8rte og medvirket Kristiansund Ungdomskor flere l\u00e5ter. Her synger koret \u00abSomewhere in my memory\u00bb som er fra julefilmen \u00abHome Alone\u00bb.<\/p>\n<p>    Sn\u00f8fall og Fl\u00e5klypa<\/p>\n<p>Musikkorpset hadde med seg medlemmer i Kristiansund skolekorps, som fikk spille skikkelig konsert p\u00e5 lik linje med de voksne medlemmene i Tempo.<\/p>\n<p>   <img decoding=\"async\" width=\"2048\" height=\"1285\" fetchpriority=\"low\"  loading=\"lazy\"  src=\"https:\/\/www.europesays.com\/no\/wp-content\/uploads\/2025\/11\/DSC_2368.jpg\" alt=\"\" class=\"brick-c-cFOWSL\" style=\"--brick-image-ratio: 2048 \/ 1285;\"\/><\/p>\n<p>      Musikkorpet Tempo hadde med noen unge korpsmedlemmer fra Kristiansund skolekorps under &#8216;Tempos Julestr\u00f8mpe&#8217;.<br \/>\n      Foto: Linn Inger Solbakk Angell\n    <\/p>\n<p>I Tempos julestr\u00f8mpe var det musikk fra \u00abJulekongen\u00bb, \u00abSn\u00f8fall\u00bb, \u00abThe Snowman\u00bb, \u00abTre n\u00f8tter til Askepott\u00bb, Disney og ett stykke fra \u00abN\u00f8tteknekkeren\u00bb \u2013 for \u00e5 nevne noe.<\/p>\n<p>\u2013 N\u00e5 er dere i publikum heldige, for \u00abN\u00f8tteknekkeren\u00bb er helt utsolgt i Normoria, sa konferansier Hogstad sp\u00f8kefullt. Er det noen i Kristiansund som kan mye om dette stykket, er det nok henne, som har medvirket i mange \u00e5r.<\/p>\n<p>   <img decoding=\"async\" width=\"2048\" height=\"1365\" fetchpriority=\"low\"  loading=\"lazy\"  src=\"https:\/\/www.europesays.com\/no\/wp-content\/uploads\/2025\/11\/DSC_2419.jpg\" alt=\"\" class=\"brick-c-cFOWSL\" style=\"--brick-image-ratio: 2048 \/ 1365;\"\/><\/p>\n<p>      Anetts Danceteria framf\u00f8rte \u00abWalking in the air\u00bb fra \u00abThe Snowman\u00bb, en kortfilm fra 1983. Kristiansund ungdomskor bidro med sang.<br \/>\n      Foto: Linn Inger Solbakk Angell\n    <\/p>\n<p>Konserten ble avrundet med \u00abTo all of you from all of us\u00bb, en juleklassiker fra Disney.<\/p>\n","protected":false},"excerpt":{"rendered":"Det n\u00e6rmer seg jul, og for mange er adventsforestillinger en perfekt m\u00e5te \u00e5 f\u00e5 julestemning p\u00e5. Musikkorpset Tempo,&hellip;\n","protected":false},"author":2,"featured_media":94617,"comment_status":"","ping_status":"","sticky":false,"template":"","format":"standard","meta":{"footnotes":""},"categories":[58],"tags":[12261,12260,36,71,12258,9157,298,410,221,30,28,29,1510,12259,72],"class_list":{"0":"post-94616","1":"post","2":"type-post","3":"status-publish","4":"format-standard","5":"has-post-thumbnail","7":"category-underholdning","8":"tag-adventskonsert","9":"tag-anetts-danceteria","10":"tag-art","11":"tag-entertainment","12":"tag-festiviteten","13":"tag-julekonsert","14":"tag-kristiansund","15":"tag-kultur","16":"tag-musikk","17":"tag-no","18":"tag-norge","19":"tag-norway","20":"tag-story","21":"tag-tempo","22":"tag-underholdning"},"share_on_mastodon":{"url":"https:\/\/pubeurope.com\/@no\/115599783230388747","error":""},"_links":{"self":[{"href":"https:\/\/www.europesays.com\/no\/wp-json\/wp\/v2\/posts\/94616","targetHints":{"allow":["GET"]}}],"collection":[{"href":"https:\/\/www.europesays.com\/no\/wp-json\/wp\/v2\/posts"}],"about":[{"href":"https:\/\/www.europesays.com\/no\/wp-json\/wp\/v2\/types\/post"}],"author":[{"embeddable":true,"href":"https:\/\/www.europesays.com\/no\/wp-json\/wp\/v2\/users\/2"}],"replies":[{"embeddable":true,"href":"https:\/\/www.europesays.com\/no\/wp-json\/wp\/v2\/comments?post=94616"}],"version-history":[{"count":0,"href":"https:\/\/www.europesays.com\/no\/wp-json\/wp\/v2\/posts\/94616\/revisions"}],"wp:featuredmedia":[{"embeddable":true,"href":"https:\/\/www.europesays.com\/no\/wp-json\/wp\/v2\/media\/94617"}],"wp:attachment":[{"href":"https:\/\/www.europesays.com\/no\/wp-json\/wp\/v2\/media?parent=94616"}],"wp:term":[{"taxonomy":"category","embeddable":true,"href":"https:\/\/www.europesays.com\/no\/wp-json\/wp\/v2\/categories?post=94616"},{"taxonomy":"post_tag","embeddable":true,"href":"https:\/\/www.europesays.com\/no\/wp-json\/wp\/v2\/tags?post=94616"}],"curies":[{"name":"wp","href":"https:\/\/api.w.org\/{rel}","templated":true}]}}