{"id":94620,"date":"2025-11-23T15:47:26","date_gmt":"2025-11-23T15:47:26","guid":{"rendered":"https:\/\/www.europesays.com\/no\/94620\/"},"modified":"2025-11-23T15:47:26","modified_gmt":"2025-11-23T15:47:26","slug":"dette-er-spelet-om-oslos-omstridde-skolebehovsplan-stor-oslo","status":"publish","type":"post","link":"https:\/\/www.europesays.com\/no\/94620\/","title":{"rendered":"Dette er spelet om Oslos omstridde skolebehovsplan \u2013 Stor-Oslo"},"content":{"rendered":"<p>F\u00e5 saker i byen har skapt s\u00e5 heftig debatt, s\u00e5 mange protesttog og s\u00e5 mykje engasjement som Oslo sin nye behovsplan for skolen.<\/p>\n<p><a href=\"https:\/\/www.nrk.no\/stor-oslo\/hundrevis-demonstrerte-foran-radhuset-i-oslo-mot-omstridt-skoleplan-1.17659941\" ec-id=\"pp:article:1.17659941\" ec-name=\"Seinast onsdag blei politikarar m\u00f8tte med pipekonsert\" rel=\"nofollow noopener\" target=\"_blank\">Seinast onsdag blei politikarar m\u00f8tte med pipekonsert<\/a> fr\u00e5 elevar, foreldre og l\u00e6rarar ved fleire Oslo-skolar.<\/p>\n<p><strong>Byr\u00e5det vil legge ned skolar.<\/strong><\/p>\n<p>Dei vil skrinlegge planlagde utbyggingar.<\/p>\n<p>Og dei vil flytte rundt p\u00e5 barn ved fleire barne- og ungdomssteg.<\/p>\n<p><img decoding=\"async\"   src=\"data:image\/gif;base64,R0lGODlhAQABAIAAAAAAAP\/\/\/yH5BAEAAAAALAAAAAABAAEAAAIBRAA7\" loading=\"eager\" alt=\"Demonstranter holder opp plakater under en protest. En plakat med teksten &quot;SEND SKOLEBOLIGPLANEN RETUR&quot; er tydelig. I bakgrunnen henger et bl\u00e5tt flagg med teksten &quot;skole&quot;. Omr\u00e5det ser ut til \u00e5 v\u00e6re urbant med bygninger og lys.\" title=\"Foto: Fredrik Varfjell \/ NTB\"\/><\/p>\n<p class=\"\">STORT ENGASJEMENT: Det har vore mange protestaksjonar mot alle dei foresl\u00e5tte endringane i Oslo-skolen.<\/p>\n<p>Foto: Fredrik Varfjell \/ NTB<\/p>\n<p>Forhandlingar<\/p>\n<p>Byr\u00e5dspartia H\u00f8gre og Venstre har ikkje fleirtal i bystyret.<\/p>\n<p>Dei forhandlar for tida med Framstegspartiet og Kristeleg Folkeparti for \u00e5 lande ein avtale.<\/p>\n<p><strong>\u2013 Det er konstruktive forhandlingar, seier skolepolitisk talsperson i Venstre, Anna D\u00e5snes.<\/strong><\/p>\n<p>\u2013 M\u00e5let v\u00e5rt er at vi klarer \u00e5 lande eit forlik om behovsplanen for skolen, slik at vi b\u00e5de f\u00e5r sikra nok kapasitet i vidareg\u00e5ande skole og sikrar ein heilskapleg plan tilpassa utfordringane skolen st\u00e5r i, seier ho.<\/p>\n<p><img decoding=\"async\"   src=\"data:image\/gif;base64,R0lGODlhAQABAIAAAAAAAP\/\/\/yH5BAEAAAAALAAAAAABAAEAAAIBRAA7\" loading=\"eager\" alt=\"en kvinne med langt h\u00e5r\" title=\"Foto: Ole Berg-Rusten \/ NTB\"\/><\/p>\n<p class=\"\">Anna D\u00e5snes er utdanningspolitisk talsperson i bystyret og leier ogs\u00e5 Oslo Venstre.<\/p>\n<p>Foto: Ole Berg-Rusten \/ NTB<\/p>\n<p><strong>Oslo bystyre skal felle den endelege dommen over planen den 17. desember.<\/strong><\/p>\n<p>Kultur- og utdanningsutvalet skal etter planen komme med innstillinga si allereie f\u00f8rstkommande onsdag.<\/p>\n<p>Om ein avtale er klar allereie da, er usikkert.<\/p>\n<p>\u2013 Vi skal behandle saka i bystyret i desember. Det er eit m\u00e5l \u00e5 bli ferdig med forliket i god tid f\u00f8r det, og s\u00e5 tar vi den tida vi treng, seier Anna D\u00e5snes.<\/p>\n<p>Frp vil redde skolar<\/p>\n<p>Frp har vore tydelege p\u00e5 dei krev endringar. Partiet vil behalde dei to sm\u00e5 markaskolane Maridalen og S\u00f8rkedalen.<\/p>\n<p><strong>Dei har ogs\u00e5 lova folk p\u00e5 <a href=\"https:\/\/www.nrk.no\/stor-oslo\/frp-trosser-byradet-og-sikrer-to-skoler-pa-ensjo--1.17618681\" ec-id=\"pp:article:1.17618681\" ec-name=\"Ensj\u00f8\" rel=\"nofollow noopener\" target=\"_blank\">Ensj\u00f8<\/a> at det skal byggast to skolar og ikkje berre \u00e9in i det raskt veksande bustadomr\u00e5det.<\/strong><\/p>\n<p>Varaordf\u00f8rar Julianne Ofstad forhandlar for Frp. Ogs\u00e5 ho kallar forhandlingane konstruktive.<\/p>\n<p>\u2013 S\u00f8rkedalen, Maridalen og Ensj\u00f8-skolane er blant dei viktigaste punkta for oss i forhandlingane, men det er sj\u00f8lvsagt ogs\u00e5 fleire ting vi er opptekne av og som vi tar opp med dei andre partia, seier ho.<\/p>\n<p><img decoding=\"async\"   src=\"data:image\/gif;base64,R0lGODlhAQABAIAAAAAAAP\/\/\/yH5BAEAAAAALAAAAAABAAEAAAIBRAA7\" loading=\"eager\" alt=\"Julianne Ofstad\" title=\"Foto: NRK\"\/><\/p>\n<p class=\"\">Julianne Ofstad er varaordf\u00f8rar og leier arbeidet med skolebehovsplanen i Framstegspartiet.<\/p>\n<p>Foto: NRK<\/p>\n<p>Anna D\u00e5snes vil ikkje seie om Frp f\u00e5r innfridd \u00f8nska sine.<\/p>\n<p>\u2013 Eg kommenterer ikkje p\u00e5g\u00e5ande forhandlingar, seier Venstre-politikaren.<\/p>\n<p>Ap: \u2013 Ein flopp<\/p>\n<p><strong>Dei raudgr\u00f8ne partia vil p\u00e5 si side f\u00f8resl\u00e5 \u00e5 sende planen tilbake til byr\u00e5det.<\/strong><\/p>\n<p>Dei stoler ikkje p\u00e5 talgrunnlaget som viser mindre behov for plassar i grunnskolar.<\/p>\n<p>Arbeidarpartiet sin skolepolitikar, Eivor Evenrud, kalla planen ein flopp allereie i mai, etter \u00e5 ha lese meir enn 1200 h\u00f8yringssvar.<\/p>\n<p>Evenrud seier at eit viktig argument fr\u00e5 byr\u00e5det for \u00e5 kutte plassar i grunnskolen, er at Oslo treng 300 plassar i vidareg\u00e5ande allereie neste \u00e5r.<\/p>\n<p><strong>\u2013 Byr\u00e5det foresl\u00e5r n\u00e6rast \u00e5 omm\u00f8blere alle rom i eit hus fordi dei treng plass til ein ny br\u00f8dboks.<\/strong><\/p>\n<p>\u2013 Det l\u00f8yser ein heilt fint utan \u00e5 omstrukturere heile Oslo-skolen, seier ho.<\/p>\n<p>Evenrud seier at ein ny plan m\u00e5 vere basert blant anna p\u00e5 desse f\u00f8resetnadene:<\/p>\n<ul>\n<li>Maridalen, S\u00f8rkedalen og M\u00f8llergata skole m\u00e5 bevarast<\/li>\n<li>Det m\u00e5 byggast to skolar p\u00e5 Ensj\u00f8<\/li>\n<li>Nye Bj\u00f8rvika <a href=\"https:\/\/www.nrk.no\/norge\/bygger-oslo-skole-til-3-milliarder-der-det-knapt-bor-barn-1.17454577\" ec-id=\"pp:article:1.17454577\" ec-name=\"skole\" rel=\"nofollow noopener\" target=\"_blank\">skole<\/a> m\u00e5 bli b\u00e5de barne- og ungdomsskole<\/li>\n<li>Planlagde skolar som Verdensparken p\u00e5 Furuset m\u00e5 byggast<\/li>\n<\/ul>\n<p>\u2013 Feil etter feil<\/p>\n<p>Eivor Evenrud utfordra utdanningsbyr\u00e5d Julie Remen Midtgarden (H) p\u00e5 talgrunnlaget i sp\u00f8rjetimen til bystyret sist onsdag.<\/p>\n<p>\u2013 Aksjonsgrupper og foreldre over heile byen har peika p\u00e5 feil etter feil etter feil i talgrunnlaget og argumentasjonen til byr\u00e5det.<\/p>\n<p><strong>\u2013 Vi har ein plan til behandling som ikkje er til \u00e5 stole p\u00e5, sa ho.<\/strong><\/p>\n<p><img decoding=\"async\"   src=\"data:image\/gif;base64,R0lGODlhAQABAIAAAAAAAP\/\/\/yH5BAEAAAAALAAAAAABAAEAAAIBRAA7\" loading=\"eager\" alt=\"Marthe Scharning Lund og Eivor Evenrud fra Arbeiderpartiet foran Oslo r\u00e5dhus\" title=\"Foto: Olav Juven \/ NRK\"\/><\/p>\n<p class=\"\">Arbeidarpartiets skolepolitiske talsperson Eivor Evenrud (til h\u00f8gre) og gruppeleiar Marthe Scharning Lund tok til orde for \u00e5 sende planen tilbake allereie i mai.<\/p>\n<p>Foto: Olav Juven \/ NRK<\/p>\n<p>F\u00e6rre i grunnskolen<\/p>\n<p>Byr\u00e5det og byr\u00e5dspartia viser til at planen er basert p\u00e5 offentlege framskrivingar av folketal, grundige utgreiingar i Utdanningsetaten og ein omfattande h\u00f8yringsrunde.<\/p>\n<p>Utdanningsbyr\u00e5den forsvarer tala og seier at planen svarer p\u00e5 dei utfordringane Oslo-skolen har.<\/p>\n<p><strong>\u2013 Vi st\u00e5r overfor ei elevtalsutvikling som viser f\u00e6rre elevar i grunnskolen. Vi f\u00e5r fleire elevar i vidareg\u00e5ande. Desse blei f\u00f8dde for 15, 16, 17 \u00e5r sidan.<\/strong><\/p>\n<p>\u2013 Og vi har behov for fleire spesialplassar fordi vi har eit aukande tal elevar med s\u00e6rskilde og store hjelpebehov, sa Julie Remen Midtgarden i bystyret.<\/p>\n<p><img decoding=\"async\"   src=\"data:image\/gif;base64,R0lGODlhAQABAIAAAAAAAP\/\/\/yH5BAEAAAAALAAAAAABAAEAAAIBRAA7\" loading=\"eager\" alt=\"Julie Remen Midtgarden (H), utdanningsbyr\u00e5d i Oslo.\" title=\"Foto: Hallgeir Braastad \/ NRK\"\/><\/p>\n<p class=\"\">Julie Remen Midtgarden (H) er byr\u00e5d for utdanning i Oslo.<\/p>\n<p>Foto: Hallgeir Braastad \/ NRK<\/p>\n<p>\u2013 Leitar etter faktafeil<\/p>\n<p>H\u00f8gre sin skolebyr\u00e5d kritiserer dei raudgr\u00f8ne for \u00e5 vere meir opptekne av \u00e5 leite etter faktafeil enn \u00e5 komme med konkrete og reelle forslag til utfordringane.<\/p>\n<p>Venstres Anna D\u00e5snes er einig.<\/p>\n<p><strong>\u2013 Eg forventar at dei folkevalde i Oslo bystyre forheld seg til fakta og ikkje insinuerer at heile grunnlaget for ein plan er ubrukeleg berre fordi ein er ueinig i konklusjonen.<\/strong><\/p>\n<p>\u2013 Ikkje ei l\u00f8ysing vi \u00f8nsker<\/p>\n<p>Skal dei raudgr\u00f8ne lukkast med \u00e5 sende heile planen i retur, m\u00e5 Frp bryte forhandlingane p\u00e5 borgarleg side og alliere seg med dei.<\/p>\n<p>Julianne Ofstad seier dette:<\/p>\n<p><strong>\u2013 Om vi ikkje skulle komme fram til ei semje, m\u00e5 vi komme tilbake til kva vi gjer.<\/strong><\/p>\n<p>\u2013 Men utfordringa med \u00e5 sikre nok kapasitet p\u00e5 vidareg\u00e5ande fr\u00e5 skolestart 2026 vil ikkje l\u00f8ysast med \u00e5 sende planen tilbake, og det er derfor ikkje ei l\u00f8ysing vi \u00f8nsker, seier Ofstad.<\/p>\n<p>Publisert<\/p>\n<p>23.11.2025, kl. 08.31<\/p>\n","protected":false},"excerpt":{"rendered":"F\u00e5 saker i byen har skapt s\u00e5 heftig debatt, s\u00e5 mange protesttog og s\u00e5 mykje engasjement som Oslo&hellip;\n","protected":false},"author":2,"featured_media":94621,"comment_status":"","ping_status":"","sticky":false,"template":"","format":"standard","meta":{"footnotes":""},"categories":[10],"tags":[20,21,24,25,15,22,23,13,30,28,29,14,16,26,27],"class_list":{"0":"post-94620","1":"post","2":"type-post","3":"status-publish","4":"format-standard","5":"has-post-thumbnail","7":"category-norge","8":"tag-breaking-news","9":"tag-breakingnews","10":"tag-featured-news","11":"tag-featurednews","12":"tag-headlines","13":"tag-latest-news","14":"tag-latestnews","15":"tag-news","16":"tag-no","17":"tag-norge","18":"tag-norway","19":"tag-nyheter","20":"tag-overskrifter","21":"tag-top-stories","22":"tag-topstories"},"share_on_mastodon":{"url":"https:\/\/pubeurope.com\/@no\/115599798657737601","error":""},"_links":{"self":[{"href":"https:\/\/www.europesays.com\/no\/wp-json\/wp\/v2\/posts\/94620","targetHints":{"allow":["GET"]}}],"collection":[{"href":"https:\/\/www.europesays.com\/no\/wp-json\/wp\/v2\/posts"}],"about":[{"href":"https:\/\/www.europesays.com\/no\/wp-json\/wp\/v2\/types\/post"}],"author":[{"embeddable":true,"href":"https:\/\/www.europesays.com\/no\/wp-json\/wp\/v2\/users\/2"}],"replies":[{"embeddable":true,"href":"https:\/\/www.europesays.com\/no\/wp-json\/wp\/v2\/comments?post=94620"}],"version-history":[{"count":0,"href":"https:\/\/www.europesays.com\/no\/wp-json\/wp\/v2\/posts\/94620\/revisions"}],"wp:featuredmedia":[{"embeddable":true,"href":"https:\/\/www.europesays.com\/no\/wp-json\/wp\/v2\/media\/94621"}],"wp:attachment":[{"href":"https:\/\/www.europesays.com\/no\/wp-json\/wp\/v2\/media?parent=94620"}],"wp:term":[{"taxonomy":"category","embeddable":true,"href":"https:\/\/www.europesays.com\/no\/wp-json\/wp\/v2\/categories?post=94620"},{"taxonomy":"post_tag","embeddable":true,"href":"https:\/\/www.europesays.com\/no\/wp-json\/wp\/v2\/tags?post=94620"}],"curies":[{"name":"wp","href":"https:\/\/api.w.org\/{rel}","templated":true}]}}