{"id":94622,"date":"2025-11-23T15:50:12","date_gmt":"2025-11-23T15:50:12","guid":{"rendered":"https:\/\/www.europesays.com\/no\/94622\/"},"modified":"2025-11-23T15:50:12","modified_gmt":"2025-11-23T15:50:12","slug":"det-forandret-hele-livet-mitt","status":"publish","type":"post","link":"https:\/\/www.europesays.com\/no\/94622\/","title":{"rendered":"\u2013 Det forandret hele livet mitt"},"content":{"rendered":"\n<p class=\"_lead_o9xde_2 _lead_xtcu6_50 layout-component text-serif-m layout-normal text-serif-l layout-component layout-wide layout-padded _wide_17hqh_1 layout-padded\">N\u00e5 har han skrevet brev til den nye \u00abRonny\u00bb-skuespilleren.<\/p>\n<p><img alt=\"Rupert Grint tror ikke han noen gang vil klare \u00e5 \u00abslippe unna\u00bb skyggen av Ronald &quot;Ronny&quot; Kolerius Wiltersen. Foto: Tore Kristiansen \/ VG\" class=\"_image_qp4xg_65 layout-component layout-wide\" data-fullscreen- data-track-element-type=\"Article image fullscreen\" data-track-name=\"ImageFullscreen\" fetchpriority=\"high\" decoding=\"sync\" loading=\"eager\" height=\"3264\" itemprop=\"image\"  src=\"https:\/\/www.europesays.com\/no\/wp-content\/uploads\/2025\/11\/cecf0238-cb82-424e-a714-3aa2a16fa8e3\"  style=\"object-position:0% 0%\" width=\"4896\"\/>Rupert Grint tror ikke han noen gang vil klare \u00e5 \u00abslippe unna\u00bb skyggen av Ronald &laquo;Ronny&raquo; Kolerius Wiltersen. Foto: Tore Kristiansen \/ VG<\/p>\n<ul aria-hidden=\"true\" class=\"_images_18f0k_111\">\n<li><a class=\"_link_18f0k_116\" href=\"https:\/\/www.vg.no\/forfatter\/sara-aga\" style=\"z-index:1\" title=\"Sara N\u00e5 Aga\" rel=\"nofollow noopener\" target=\"_blank\"><img alt=\"Bilde av Sara N\u00e5 Aga\" class=\"_image_18f0k_93\" fetchpriority=\"low\" loading=\"lazy\" decoding=\"async\" itemprop=\"image\"  src=\"https:\/\/www.europesays.com\/no\/wp-content\/uploads\/2025\/11\/af1c8685-1584-470f-8687-394792a778be\"  width=\"480\"\/><\/a><\/li>\n<\/ul>\n<p> Oppdatert s\u00f8ndag 23. november kl. 16:19    <\/p>\n<ul class=\"_list_o9xde_3 _list_64s2r_85 _unordered_o9xde_106 text-sans-m\">\n<li class=\"_item_o9xde_30\">Rupert Grint har skrevet brev til barneskuespilleren som skal spille \u00abRonny\u00bb i den nye Harry Potter-serien.<\/li>\n<li class=\"_item_o9xde_30\">Grint synes det er rart \u00e5 se rollen g\u00e5 videre, men er nysgjerrig p\u00e5 resultatet.<\/li>\n<li class=\"_item_o9xde_30\">Skuespilleren reflekterer over hvordan rollen som \u00abRonny\u00bb har p\u00e5virket livet hans.<\/li>\n<\/ul>\n<p>Vis mer <\/p>\n<p class=\"_paragraph_o9xde_4 _paragraph_xtcu6_10 layout-component text-serif-m layout-normal text-serif-m layout-padded\">Rupert Grint tror ikke han noen gang vil klare \u00e5 \u00abslippe unna\u00bb skyggen av Ronald \u00abRonny\u00bb Kolerius Wiltersen, 14 \u00e5r etter den siste Harry Potter-filmen kom ut.<\/p>\n<p class=\"_paragraph_o9xde_4 _paragraph_xtcu6_10 layout-component text-serif-m layout-normal text-serif-m layout-padded\">\u2013 Jeg har det bra med det. Jeg synes det er flott, sier den 37 \u00e5r gamle skuespilleren til<a href=\"https:\/\/www.bbc.com\/news\/articles\/ckgydn88edno\" class=\"_link_o9xde_39\" rel=\"nofollow noopener\" target=\"_blank\"> BBC<\/a>.<\/p>\n<p><img alt=\"Grint spilte Ronald i alle \u00e5tte filmene i serien.  Foto: Sandrew Metronome Norge AS \/ Murray Close Sandrew Metronome Norge AS\" class=\"_image_qp4xg_65 layout-component layout-normal\" data-fullscreen- data-track-element-type=\"Article image fullscreen\" data-track-name=\"ImageFullscreen\" decoding=\"async\" loading=\"lazy\" height=\"2400\" itemprop=\"image\"  src=\"https:\/\/www.europesays.com\/no\/wp-content\/uploads\/2025\/11\/01e52bfc-3afa-449f-bdc7-c13d0f16f30b\"  style=\"object-position:0% 0%\" width=\"3600\"\/>Grint spilte Ronald i alle \u00e5tte filmene i serien.  Foto: Sandrew Metronome Norge AS \/ Murray Close Sandrew Metronome Norge AS<\/p>\n<p class=\"_paragraph_o9xde_4 _paragraph_xtcu6_10 layout-component text-serif-m layout-normal text-serif-m layout-padded\">\u2013 Jeg elsker \u00e5 m\u00f8te folk som virkelig f\u00f8lte at dette var en del av barndommen deres.<\/p>\n<p class=\"_paragraph_o9xde_4 _paragraph_xtcu6_10 layout-component text-serif-m layout-normal text-serif-m layout-padded\">Grint spilte Ronald i alle \u00e5tte filmene i serien, og har n\u00e5 skrevet et brev til barneskuespilleren som skal ta over rollen i den kommende TV-serien.<\/p>\n<p class=\"_paragraph_o9xde_4 _paragraph_xtcu6_10 layout-component text-serif-m layout-normal text-serif-m layout-padded\">\u2013 Det er ganske rart \u00e5 ha syklusen som skjer igjen. Jeg er virkelig nysgjerrig p\u00e5 hvordan det kommer til \u00e5 bli, sier han.<\/p>\n<p class=\"_paragraph_o9xde_4 _paragraph_xtcu6_10 layout-component text-serif-m layout-normal layout-padded\"><strong class=\"_strong_o9xde_25\">Les ogs\u00e5:<\/strong> <a href=\"https:\/\/www.vg.no\/i\/eMgA99\" data-track-element-type=\"Link\" data-track-id=\"link:eMgA99\" class=\"_link_o9xde_39\" rel=\"nofollow noopener\" target=\"_blank\">Dette er nye Harry Potter<\/a><\/p>\n<p class=\"_paragraph_o9xde_4 _paragraph_xtcu6_10 layout-component text-serif-m layout-normal text-serif-m layout-padded\">Grint var bare 11 \u00e5r gammel da han ble castet som \u00abRonny\u00bb, og beskriver opplevelsen som \u00abgal\u00bb.<\/p>\n<p class=\"_paragraph_o9xde_4 _paragraph_xtcu6_10 layout-component text-serif-m layout-normal text-serif-m layout-padded\">\u2013 Det forandret hele livet mitt ganske raskt. Jeg var en stor fan av b\u00f8kene, s\u00e5 for meg var det som \u00e5 g\u00e5 inn i b\u00f8kene, og det var veldig spesielt, forteller han.<\/p>\n<p><img alt=\"Den ber\u00f8mte trioen skal spilles av nykommerne\u00a0Arabella Stanton, \u00a0Dominic McLaughlin og\u00a0Alastair Stout.  Foto: Warner Bros\" class=\"_image_qp4xg_65 layout-component layout-normal\" data-fullscreen- data-track-element-type=\"Article image fullscreen\" data-track-name=\"ImageFullscreen\" decoding=\"async\" loading=\"lazy\" height=\"1067\" itemprop=\"image\"  src=\"https:\/\/www.europesays.com\/no\/wp-content\/uploads\/2025\/11\/0cb046c7-ab5f-428c-bfeb-e4f3e018cf18\"  style=\"object-position:0% 0%\" width=\"1600\"\/>Den ber\u00f8mte trioen skal spilles av nykommerne\u00a0Arabella Stanton, \u00a0Dominic McLaughlin og\u00a0Alastair Stout.  Foto: Warner Bros<\/p>\n<p class=\"_paragraph_o9xde_4 _paragraph_xtcu6_10 layout-component text-serif-m layout-normal text-serif-m layout-padded\">Sammenlignet med <a href=\"https:\/\/www.vg.no\/tag\/daniel-radcliffe?utm_source=vg-article&amp;utm_medium=auto-tagger&amp;utm_campaign=rrpdQA\" class=\"_link_o9xde_39\" rel=\"nofollow noopener\" target=\"_blank\">Daniel Radcliffe<\/a> og Emma Watson synes Grint det har v\u00e6rt ganske vanskelig \u00e5 bryte ut av Potter-rollen.<\/p>\n<p class=\"_paragraph_o9xde_4 _paragraph_xtcu6_10 layout-component text-serif-m layout-normal text-serif-m layout-padded\">\u2013 Jeg tror ikke jeg noen gang helt kommer til \u00e5 slippe unna skyggen hans, men jeg har det bra med det, sier Grint.<\/p>\n<p class=\"_paragraph_o9xde_4 _paragraph_xtcu6_10 layout-component text-serif-m layout-normal text-serif-m layout-padded\">Han har skrevet brev til Alastair Stout, som skal spille Ronald i den nye HBO-serien.<\/p>\n<p class=\"_paragraph_o9xde_4 _paragraph_xtcu6_10 layout-component text-serif-m layout-normal text-serif-m layout-padded\">\u2013 Jeg skrev ham et brev f\u00f8r de begynte, og ga ham stafettpinnen, sier han.<\/p>\n","protected":false},"excerpt":{"rendered":"N\u00e5 har han skrevet brev til den nye \u00abRonny\u00bb-skuespilleren. Rupert Grint tror ikke han noen gang vil klare&hellip;\n","protected":false},"author":2,"featured_media":94623,"comment_status":"","ping_status":"","sticky":false,"template":"","format":"standard","meta":{"footnotes":""},"categories":[58],"tags":[7071,71,3842,30,28,29,792,72],"class_list":{"0":"post-94622","1":"post","2":"type-post","3":"status-publish","4":"format-standard","5":"has-post-thumbnail","7":"category-underholdning","8":"tag-daniel-radcliffe","9":"tag-entertainment","10":"tag-harry-potter","11":"tag-no","12":"tag-norge","13":"tag-norway","14":"tag-tv-serie","15":"tag-underholdning"},"share_on_mastodon":{"url":"https:\/\/pubeurope.com\/@no\/115599810915357555","error":""},"_links":{"self":[{"href":"https:\/\/www.europesays.com\/no\/wp-json\/wp\/v2\/posts\/94622","targetHints":{"allow":["GET"]}}],"collection":[{"href":"https:\/\/www.europesays.com\/no\/wp-json\/wp\/v2\/posts"}],"about":[{"href":"https:\/\/www.europesays.com\/no\/wp-json\/wp\/v2\/types\/post"}],"author":[{"embeddable":true,"href":"https:\/\/www.europesays.com\/no\/wp-json\/wp\/v2\/users\/2"}],"replies":[{"embeddable":true,"href":"https:\/\/www.europesays.com\/no\/wp-json\/wp\/v2\/comments?post=94622"}],"version-history":[{"count":0,"href":"https:\/\/www.europesays.com\/no\/wp-json\/wp\/v2\/posts\/94622\/revisions"}],"wp:featuredmedia":[{"embeddable":true,"href":"https:\/\/www.europesays.com\/no\/wp-json\/wp\/v2\/media\/94623"}],"wp:attachment":[{"href":"https:\/\/www.europesays.com\/no\/wp-json\/wp\/v2\/media?parent=94622"}],"wp:term":[{"taxonomy":"category","embeddable":true,"href":"https:\/\/www.europesays.com\/no\/wp-json\/wp\/v2\/categories?post=94622"},{"taxonomy":"post_tag","embeddable":true,"href":"https:\/\/www.europesays.com\/no\/wp-json\/wp\/v2\/tags?post=94622"}],"curies":[{"name":"wp","href":"https:\/\/api.w.org\/{rel}","templated":true}]}}