{"id":94624,"date":"2025-11-23T15:56:11","date_gmt":"2025-11-23T15:56:11","guid":{"rendered":"https:\/\/www.europesays.com\/no\/94624\/"},"modified":"2025-11-23T15:56:11","modified_gmt":"2025-11-23T15:56:11","slug":"jan-erik-aalbu-hopp-jan-erik-aalbu-raser-etter-disk-dummeste-regelen-som-finnes","status":"publish","type":"post","link":"https:\/\/www.europesays.com\/no\/94624\/","title":{"rendered":"Jan-Erik Aalbu, Hopp | Jan-Erik Aalbu raser etter disk: \u2013 Dummeste regelen som finnes"},"content":{"rendered":"\n<p>Hoppernes sportssjef, Jan-Erik Aalbu, reagerer sterkt p\u00e5 regelen.<\/p>\n<p>\u2013 Jeg skal ikke bruke for store ord, men det m\u00e5 v\u00e6re den dummeste regelen som finnes. Det er en glidel\u00e5s p\u00e5 armen som r\u00f8k p\u00e5 toppen av bakken, og da f\u00e5r han ikke gjort noe annet. Den r\u00f8k der oppe dessverre, og da hoppet han med den, sa Aalbu til blant andre NTB i intervjusonen.<\/p>\n<p>Aalbu presiserer at brudd p\u00e5 regelen ikke gir noen fordeler ved selve hoppingen.<\/p>\n<p>\u2013 N\u00e5r regelen er der, s\u00e5 kan man ikke v\u00e6re uenig i det, men det er i hvert fall den d\u00e5rligste regelen som er der. De m\u00e5 se p\u00e5 regelen, for det gir ingen fordeler, fortsatte han.<\/p>\n<p><b>Les ogs\u00e5: <a href=\"https:\/\/www.nettavisen.no\/sport\/sjokkseier-pa-beitostolen-for-en-skrell\/s\/5-95-2743004\" rel=\"Follow nofollow noopener\" target=\"_blank\">Sjokkseier p\u00e5 Beitost\u00f8len: \u2013 For en skrell<\/a><\/b><\/p>\n<p>   <img decoding=\"async\" width=\"3327\" height=\"2218\" fetchpriority=\"low\"  loading=\"lazy\"  src=\"https:\/\/www.europesays.com\/no\/wp-content\/uploads\/2025\/11\/cueres_scp-mangler_navn_KzqfkhpkHCc.jpg\" alt=\"Trondheim 20250112. &#10;Isak Andreas Langmo under NM i hopp, stor bakke, som arrangeres i Gran\u00e5sen i Trondheim.&#10;Foto: Jan Langhaug \/ NTB\" class=\"brick-c-cFOWSL\" style=\"--brick-image-ratio: 3327 \/ 2218;\"\/><\/p>\n<p>      Isak Andreas Langmo under NM i hopp i Gran\u00e5sen i januar.<br \/>\n      Foto: Jan Langhaug\n    <\/p>\n<p>  S\u00f8nderknust<\/p>\n<p>Langmo merket at glidel\u00e5sen r\u00f8k f\u00f8r han skulle hoppe.<\/p>\n<p>\u2013 Det er katastrofe. Jeg klarer ikke \u00e5 konkret huske hva som skjedde, annet enn at jeg kjente at det var l\u00f8st rundt armen rett f\u00f8r jeg hoppet, sa Langmo.<\/p>\n<p>\u2013 Jeg er s\u00f8nderknust, Jeg er ikke her for at utstyret skal ryke. Det er ikke maks hopping, men jeg greide \u00e5 kvalifisere meg inn, s\u00e5 da er det dumt at jeg ikke f\u00e5r hoppe mer, sa han til NTB.<\/p>\n<p>iHvordan r\u00f8k den?\/i<\/p>\n<p>\u2013 Den er sydd. Det kan v\u00e6re at hvis du drar for hardt, s\u00e5 kan den ryke, sa Aalbu.<\/p>\n<p>Nye regler<\/p>\n<p>FIS har strammet inn p\u00e5 reglene foran \u00e5rets sesong etter hoppskandalen i VM i Trondheim sist vinter, der det norske laget erkjente \u00e5 ha jukset med hoppdressen.<\/p>\n<p>Nytt av sesongen er blant annet at en disk f\u00f8rer til gult kort. Blir du deretter disket en gang til, m\u00e5 man st\u00e5 over neste konkurranse.<\/p>\n<p>I tillegg skal det alltid v\u00e6re to kontroll\u00f8rer til stede i kontrollrommet. Fram til n\u00e5 har det stort sett v\u00e6rt \u00e9n.<\/p>\n<p>Verdenscupsesongen startet fredag med lagkonkurranse. Da ble ingen ut\u00f8vere disket. For kvinnene ble Ping Zeng fra Kina diskvalifisert l\u00f8rdag.<\/p>\n<p>(\u00a9NTB)<\/p>\n","protected":false},"excerpt":{"rendered":"Hoppernes sportssjef, Jan-Erik Aalbu, reagerer sterkt p\u00e5 regelen. \u2013 Jeg skal ikke bruke for store ord, men det&hellip;\n","protected":false},"author":2,"featured_media":94625,"comment_status":"","ping_status":"","sticky":false,"template":"","format":"standard","meta":{"footnotes":""},"categories":[5],"tags":[20,21,24,25,15,19,22,23,17,18,13,30,28,29,14,16,26,27],"class_list":{"0":"post-94624","1":"post","2":"type-post","3":"status-publish","4":"format-standard","5":"has-post-thumbnail","7":"category-overskrifter","8":"tag-breaking-news","9":"tag-breakingnews","10":"tag-featured-news","11":"tag-featurednews","12":"tag-headlines","13":"tag-hovedoppslag","14":"tag-latest-news","15":"tag-latestnews","16":"tag-main-news","17":"tag-mainnews","18":"tag-news","19":"tag-no","20":"tag-norge","21":"tag-norway","22":"tag-nyheter","23":"tag-overskrifter","24":"tag-top-stories","25":"tag-topstories"},"share_on_mastodon":{"url":"https:\/\/pubeurope.com\/@no\/115599834242664286","error":""},"_links":{"self":[{"href":"https:\/\/www.europesays.com\/no\/wp-json\/wp\/v2\/posts\/94624","targetHints":{"allow":["GET"]}}],"collection":[{"href":"https:\/\/www.europesays.com\/no\/wp-json\/wp\/v2\/posts"}],"about":[{"href":"https:\/\/www.europesays.com\/no\/wp-json\/wp\/v2\/types\/post"}],"author":[{"embeddable":true,"href":"https:\/\/www.europesays.com\/no\/wp-json\/wp\/v2\/users\/2"}],"replies":[{"embeddable":true,"href":"https:\/\/www.europesays.com\/no\/wp-json\/wp\/v2\/comments?post=94624"}],"version-history":[{"count":0,"href":"https:\/\/www.europesays.com\/no\/wp-json\/wp\/v2\/posts\/94624\/revisions"}],"wp:featuredmedia":[{"embeddable":true,"href":"https:\/\/www.europesays.com\/no\/wp-json\/wp\/v2\/media\/94625"}],"wp:attachment":[{"href":"https:\/\/www.europesays.com\/no\/wp-json\/wp\/v2\/media?parent=94624"}],"wp:term":[{"taxonomy":"category","embeddable":true,"href":"https:\/\/www.europesays.com\/no\/wp-json\/wp\/v2\/categories?post=94624"},{"taxonomy":"post_tag","embeddable":true,"href":"https:\/\/www.europesays.com\/no\/wp-json\/wp\/v2\/tags?post=94624"}],"curies":[{"name":"wp","href":"https:\/\/api.w.org\/{rel}","templated":true}]}}