{"id":94628,"date":"2025-11-23T16:03:35","date_gmt":"2025-11-23T16:03:35","guid":{"rendered":"https:\/\/www.europesays.com\/no\/94628\/"},"modified":"2025-11-23T16:03:35","modified_gmt":"2025-11-23T16:03:35","slug":"sophie-elise-setter-mobilen-i-flymodus-nar-hun-er-sammen-med-sonnen-i-frykt-for-straling","status":"publish","type":"post","link":"https:\/\/www.europesays.com\/no\/94628\/","title":{"rendered":"Sophie Elise setter mobilen i flymodus n\u00e5r hun er sammen med s\u00f8nnen, i frykt for str\u00e5ling"},"content":{"rendered":"<p>\u00abEt lite tips som jeg pr\u00f8ver \u00e5 alltid huske, er \u00e5 skru telefonen i flymodus n\u00e5r jeg har den rundt Helmer, for \u00e5 beskytte den lille kroppen mot all str\u00e5lingen og signalene &#8211; nekter \u00e5 tro det kan v\u00e6re bra for han\ud83e\udd79 skrur av Bluetooth og!\u00bb<\/p>\n<p>Det skrev forfatter og influenser Sofie Steen Isachsen (30) &#8211; bedre kjent som Sophie Elise &#8211; p\u00e5 Snapchat 9. november.<\/p>\n<p>Der har hun 380 000 f\u00f8lgere.<\/p>\n<p>          <img loading=\"lazy\" decoding=\"async\" src=\"https:\/\/www.europesays.com\/no\/wp-content\/uploads\/2025\/11\/83868635.webp\" width=\"686\" height=\"995\" title=\"VIL BESKYTTE BARNET: I Snapchat-storyen deler Sophie Elise om egne mobilvaner rundt s\u00f8nnen. Dagbladet har sladdet bildet. Skjermdump: Sophie Elise \/ Snapchat\" alt=\"\" class=\"\" style=\"--aspect-ratio-image: 0.69; \"\/><\/p>\n<p>\n          VIL BESKYTTE BARNET: I Snapchat-storyen deler Sophie Elise om egne mobilvaner rundt s\u00f8nnen. Dagbladet har sladdet bildet. Skjermdump: Sophie Elise \/ Snapchat\n      <\/p>\n<p>Men if\u00f8lge norske str\u00e5lingseksperter er slike tiltak helt un\u00f8dvendige.<\/p>\n<p>&#8211; Herregud, skriver Sophie Elise i en SMS da Dagbladet sp\u00f8r om hun kan utdype mobilvanene hun beskriver i Snapchat-storyen.<\/p>\n<p>Seinere i artikkelen svarer hun ogs\u00e5 p\u00e5 kritikken fra ekspertene.<\/p>\n<p>    <a itemprop=\"url\" href=\"https:\/\/www.dagbladet.no\/kjendis\/var-ganske-redd\/83724530\" rel=\"nofollow noopener\" target=\"_blank\"><\/p>\n<p>      <img loading=\"lazy\" decoding=\"async\" src=\"https:\/\/www.europesays.com\/no\/wp-content\/uploads\/2025\/11\/1763913813_61_83724589.webp\" width=\"980\" height=\"441\" title=\"- Var ganske redd\" alt=\"\" class=\"lazyload\" style=\"--aspect-ratio-image: 2.22; \"\/><\/p>\n<p>        &#8211; Var ganske redd<\/p>\n<p>    <\/a><\/p>\n<p>&#8211; Har ingen effekt\t<\/p>\n<p>Direktoratet for str\u00e5levern og atomsikkerhet (DSA) er tydelige p\u00e5 at tiltakene Sophie Elise beskriver ikke gir noen helsemessig effekt.<\/p>\n<p>&#8211; Det er regler for hvor kraftige signaler mobiltelefoner kan sende, sier seniorforsker og str\u00e5lingsekspert Lars Kl\u00e6boe til Dagbladet og fortsetter:\u00a0<\/p>\n<p>&#8211; Grenseverdien for str\u00e5ling fra mobiltelefoner er satt med gode sikkerhetsmarginer, og selv om telefonene sender maksimalt av hva som er lovlig, er det ingen dokumentasjon p\u00e5 at dette kan v\u00e6re helseskadelig.<\/p>\n<p>        <img loading=\"lazy\" decoding=\"async\" itemprop=\"image\" src=\"https:\/\/www.europesays.com\/no\/wp-content\/uploads\/2025\/11\/83868806.webp\" width=\"180\" height=\"180\" alt=\"Lars Kl\u00e6boe\"\/><\/p>\n<p>            Lars Kl\u00e6boe<br \/>\n            Lars<br \/>\n            Kl\u00e6boe        <\/p>\n<p>Seniorforsker og str\u00e5lingsekspert i Direktoratet for str\u00e5levern og atomsikkerhet (DSA)<\/p>\n<p>Bluetooth har heller ikke noe \u00e5 si, if\u00f8lge eksperten.<\/p>\n<p>&#8211; Ut fra et str\u00e5levernst\u00e5sted er det ingen helsemessig forskjell om det er av eller p\u00e5.<\/p>\n<p>Kl\u00e6boe tror at foreldre kanskje tar slike grep fordi det \u00abf\u00f8les trygt\u00bb.<\/p>\n<p>&#8211; \u00c5 skru av disse funksjonene har derimot ingen effekt, utover at det kan v\u00e6re med p\u00e5 \u00e5 dempe foreldrenes bekymring.<\/p>\n<p>Forsker: &#8211; Barn mer utsatt\t<\/p>\n<p>Folkehelseinstituttet (FHI) st\u00f8tter denne vurderingen. Seniorforsker Dag Eide skriver i en e-post til Dagbladet at forskning ikke viser helserisiko ved vanlig mobilbruk.<\/p>\n<p>        <img loading=\"lazy\" decoding=\"async\" itemprop=\"image\" src=\"https:\/\/www.europesays.com\/no\/wp-content\/uploads\/2025\/11\/83868761.webp\" width=\"180\" height=\"180\" alt=\"Dag Markus Eide\"\/><\/p>\n<p>            Dag Markus Eide<br \/>\n            Dag Markus<br \/>\n            Eide        <\/p>\n<p>Seniorforsker ved Avdeling for kjemikalietoksikologi ved Folkehelseinstituttet (FHI)<\/p>\n<p>Han viser til at studier har unders\u00f8kt, men ikke funnet, noen sammenheng mellom mobilstr\u00e5ling og kreft, som leukemi eller hjernesvulster, eller p\u00e5virkning av hjernefunksjoner.\u00a0<\/p>\n<p>    Kan mobilen gi str\u00e5leskader?<\/p>\n<ul>\n<li class=\"lab-bodytext-line\">Mobiltelefoner, Bluetooth og wifi bruker radiofrekvente felt som regnes som ikke-ioniserende str\u00e5ling.<\/li>\n<li class=\"lab-bodytext-line\">Eksponeringen fra vanlige tr\u00e5dl\u00f8se enheter ligger normalt langt under internasjonale grenseverdier.<\/li>\n<li class=\"lab-bodytext-line\">WHO og EUs ekspertgruppe SCHEER oppgir at forskning ikke viser helserisiko ved normal bruk.<\/li>\n<li class=\"lab-bodytext-line\">Langtidsstudien COSMOS, som f\u00f8lger hundretusener av mobilbrukere, har ikke funnet \u00f8kt risiko for kreft eller andre helseskader.<\/li>\n<li class=\"lab-bodytext-line\">Debatten om mobilstr\u00e5ling blusser jevnlig opp, s\u00e6rlig ved nye teknologier som 5G. Noen enkeltstudier har rapportert mulige sammenhenger med hjernekreft ved sv\u00e6rt h\u00f8yt mobilbruk, eller med hodepine hos enkelte grupper, men disse funnene er usikre og ikke bekreftet i st\u00f8rre forskningsoppsummeringer.<\/li>\n<\/ul>\n<p>Kilder: <a href=\"https:\/\/pmc.ncbi.nlm.nih.gov\/articles\/PMC12490090\/\" target=\"_blank\" rel=\"nofollow noopener\">Environ Health<\/a> \/ <a href=\"https:\/\/pmc.ncbi.nlm.nih.gov\/articles\/PMC12490090\/?utm_source=chatgpt.com\" target=\"_blank\" rel=\"nofollow noopener\">WHO<\/a><\/p>\n<p>      Vis mer<br \/>\n      Vis mindre<\/p>\n<p>Eide forklarer ogs\u00e5 at mobiltelefoner, wifi og Bluetooth sender sv\u00e6rt svake signaler i hverdagen, og at utstyr\u00a0som babycall heller ikke er risikofylt.<\/p>\n<p>&#8211; Barn antas \u00e5 v\u00e6re mer utsatt for effekter av elektromagnetiske felt, men det er ingen holdepunkter for at reell eksponering har noen betydning, sier Eide.<\/p>\n<p>Internasjonal forskning sier det samme. Verdens helseorganisasjon (WHO) og EUs ekspertgruppe\u00a0<a href=\"https:\/\/health.ec.europa.eu\/system\/files\/2023-06\/scheer_o_044.pdf\" target=\"_blank\" rel=\"nofollow noopener\">SCHEER<\/a>\u00a0konkluderer med at det ikke finnes bevis for at mobil, Bluetooth eller wifi er skadelig ved vanlig bruk.<\/p>\n<p>Heller ikke den store studien\u00a0<a href=\"http:\/\/pubmed.ncbi.nlm.nih.gov\/38458118\" target=\"_blank\" rel=\"nofollow noopener\">COSMOS<\/a>,\u00a0som f\u00f8lger hundretusener av mobilbrukere over mange \u00e5r, finner noen \u00f8kt risiko for kreft eller andre helseskader.<\/p>\n<p>    <a itemprop=\"url\" href=\"https:\/\/www.dagbladet.no\/kjendis\/ferdig-med-a-unnskylde-meg\/83690669\" rel=\"nofollow noopener\" target=\"_blank\"><\/p>\n<p>      <img loading=\"lazy\" decoding=\"async\" src=\"https:\/\/www.europesays.com\/no\/wp-content\/uploads\/2025\/11\/83691065.webp\" width=\"980\" height=\"441\" title=\"- Ferdig med \u00e5 unnskylde meg\" alt=\"\" class=\"lazyload\" style=\"--aspect-ratio-image: 2.22; \"\/><\/p>\n<p>        &#8211; Ferdig med \u00e5 unnskylde meg<\/p>\n<p>    <\/a><\/p>\n<p>Skjerm kan forstyrre samspill\t<\/p>\n<p>Dagbladet spurte Sophie Elise hva hun synes om at eksperter ikke finner dokumentasjon for at mobilstr\u00e5ling ved vanlig bruk er skadelig, og at tiltakene hun beskriver anses som un\u00f8dvendige.<\/p>\n<p>&#8211; Herregud, skriver hun, og fortsetter:\u00a0<\/p>\n<p>&#8211; Det er likevel ikke skadelig \u00e5 legge bort telefonen rundt barnet sitt, str\u00e5ling eller ei, og mer enn det har jeg ikke \u00e5 si.\u00a0<\/p>\n<p>Forsker ved Avdeling for helsefremmende arbeid ved FHI, Jens Christoffer Skogen, peker p\u00e5 at \u00e9n del av det Sophie Elise sier, faktisk har st\u00f8tte i forskning.<\/p>\n<p>&#8211; Det er en bekymring rundt hva foreldres skjermbruk gj\u00f8r med tilknytning, samspill, l\u00e6ring og emosjonell utvikling blant barn og ungdom, sier han.<\/p>\n<p>        <img loading=\"lazy\" decoding=\"async\" itemprop=\"image\" src=\"https:\/\/www.europesays.com\/no\/wp-content\/uploads\/2025\/11\/83871926.webp\" width=\"180\" height=\"180\" alt=\"Jens Christoffer Skogen\"\/><\/p>\n<p>            Jens Christoffer Skogen<br \/>\n            Jens Christoffer<br \/>\n            Skogen        <\/p>\n<p>Forsker ved Avdeling for helsefremmende arbeid ved Folkehelseinstituttet (FHI)<\/p>\n<p>Han viser til begrepet \u00abtechnoference\u00bb, som beskriver hvordan voksnes skjermbruk kan forstyrre samspillet med barn.<\/p>\n<p>If\u00f8lge Skogen finner studier at barn kan reagere med stress n\u00e5r foreldre bruker skjerm, og at foreldre kan overse barnets signaler.<\/p>\n<p>&#8211; En amerikansk studie fant for eksempel at hyppig mobilbruk hos foreldre henger sammen med seinere psykiske vansker hos barn. Andre studier viser at barn protesterer n\u00e5r mor ser p\u00e5 telefonen, men gir opp og blir mindre engasjert etter hvert, sier han.<\/p>\n<p>        R\u00d8PER: Gjengen i \u00abA-laget\u00bb settes ut av hva Sophie Elise har i nattbordskuffen. Video: NRK TV\/ R\u00f8d L\u00f8per<\/p>\n<p>Skogen understreker samtidig at forskning ogs\u00e5 viser positive sider dersom foreldre og barn bruker skjerm sammen.<\/p>\n<p>Han viser til at <a href=\"https:\/\/skjermbrukutvalget.no\/2024\/11\/12\/overlevering-av-skjermbrukutvalgets-nou-202420\/\" target=\"_blank\" rel=\"nofollow noopener\">Skjermbrukutvalget<\/a> anbefaler at foreldre begrenser egen skjermbruk rundt barn under to \u00e5r og reduserer varslinger.<\/p>\n<p>&#8211; Dette er en aktuell problemstilling ogs\u00e5 for eldre barn. Nesten 30 prosent av ungdom p\u00e5 videreg\u00e5ende er delvis eller mer enig i at de ofte opplever at foreldrene er s\u00e5 opptatt med mobilen at de ikke f\u00e5r kontakt med dem, if\u00f8lge <a href=\"https:\/\/www.frontiersin.org\/journals\/public-health\/articles\/10.3389\/fpubh.2023.1192788\/full\" target=\"_blank\" rel=\"nofollow noopener\">\u00abLivet p\u00e5 SoMe\u00bb-unders\u00f8kelsen<\/a>, sier Skogen.<\/p>\n","protected":false},"excerpt":{"rendered":"\u00abEt lite tips som jeg pr\u00f8ver \u00e5 alltid huske, er \u00e5 skru telefonen i flymodus n\u00e5r jeg har&hellip;\n","protected":false},"author":2,"featured_media":94629,"comment_status":"","ping_status":"","sticky":false,"template":"","format":"standard","meta":{"footnotes":""},"categories":[5],"tags":[20,21,24,25,477,15,19,479,22,23,17,18,4273,13,30,28,29,14,16,4005,2828,4581,26,27],"class_list":{"0":"post-94628","1":"post","2":"type-post","3":"status-publish","4":"format-standard","5":"has-post-thumbnail","7":"category-overskrifter","8":"tag-breaking-news","9":"tag-breakingnews","10":"tag-featured-news","11":"tag-featurednews","12":"tag-foreldre","13":"tag-headlines","14":"tag-hovedoppslag","15":"tag-kjendis","16":"tag-latest-news","17":"tag-latestnews","18":"tag-main-news","19":"tag-mainnews","20":"tag-mobil","21":"tag-news","22":"tag-no","23":"tag-norge","24":"tag-norway","25":"tag-nyheter","26":"tag-overskrifter","27":"tag-some","28":"tag-sophie-elise","29":"tag-straling","30":"tag-top-stories","31":"tag-topstories"},"share_on_mastodon":{"url":"https:\/\/pubeurope.com\/@no\/115599861688277898","error":""},"_links":{"self":[{"href":"https:\/\/www.europesays.com\/no\/wp-json\/wp\/v2\/posts\/94628","targetHints":{"allow":["GET"]}}],"collection":[{"href":"https:\/\/www.europesays.com\/no\/wp-json\/wp\/v2\/posts"}],"about":[{"href":"https:\/\/www.europesays.com\/no\/wp-json\/wp\/v2\/types\/post"}],"author":[{"embeddable":true,"href":"https:\/\/www.europesays.com\/no\/wp-json\/wp\/v2\/users\/2"}],"replies":[{"embeddable":true,"href":"https:\/\/www.europesays.com\/no\/wp-json\/wp\/v2\/comments?post=94628"}],"version-history":[{"count":0,"href":"https:\/\/www.europesays.com\/no\/wp-json\/wp\/v2\/posts\/94628\/revisions"}],"wp:featuredmedia":[{"embeddable":true,"href":"https:\/\/www.europesays.com\/no\/wp-json\/wp\/v2\/media\/94629"}],"wp:attachment":[{"href":"https:\/\/www.europesays.com\/no\/wp-json\/wp\/v2\/media?parent=94628"}],"wp:term":[{"taxonomy":"category","embeddable":true,"href":"https:\/\/www.europesays.com\/no\/wp-json\/wp\/v2\/categories?post=94628"},{"taxonomy":"post_tag","embeddable":true,"href":"https:\/\/www.europesays.com\/no\/wp-json\/wp\/v2\/tags?post=94628"}],"curies":[{"name":"wp","href":"https:\/\/api.w.org\/{rel}","templated":true}]}}