{"id":94636,"date":"2025-11-23T16:39:21","date_gmt":"2025-11-23T16:39:21","guid":{"rendered":"https:\/\/www.europesays.com\/no\/94636\/"},"modified":"2025-11-23T16:39:21","modified_gmt":"2025-11-23T16:39:21","slug":"jorgen-karterud-om-dramatikken-for-71-grader-nord-finalen","status":"publish","type":"post","link":"https:\/\/www.europesays.com\/no\/94636\/","title":{"rendered":"J\u00f8rgen Karterud om dramatikken f\u00f8r \u00ab71 grader nord\u00bb finalen"},"content":{"rendered":"<p>    Kort fortalt<\/p>\n<ul lang=\"nb-NO\">\n<li>Seerfavoritten \u00ab71 grader nord &#8211; Norges t\u00f8ffeste kjendis\u00bb er over for denne gang. \u00c5rets finalister var Hedvig Glestad, Mushaga Bakenga og J\u00f8rgen Karterud.<\/li>\n<li>J\u00f8rgen opplevde en personlig krise like f\u00f8r innspilling, da moren hans fikk hjertestans. Hun oppmuntret ham til \u00e5 delta i programmet.<\/li>\n<li>Det oppsto et f\u00f8lelsesladd \u00f8yeblikk da J\u00f8rgen mottok et brev fra mora under konkurransen, noe som ga ham ny motivasjon.<\/li>\n<li>Finalen sendes tirsdag 18. november, hvor vinneren f\u00e5r en helelektrisk Skoda Elroq og tittelen \u00abNorges t\u00f8ffeste kjendis\u00bb.<\/li>\n<\/ul>\n<p class=\"italic ai-disclaimer\" data-lab-italic=\"italic\">Sammendraget er laget av ChatGPT og godkjent av Dagbladet.<\/p>\n<p>      Vis mer<br \/>\n      Vis mindre<\/p>\n<p>Seerfavoritten \u00ab71 grader nord &#8211; Norges t\u00f8ffeste kjendis\u00bb har n\u00e5dd veis ende, etter nok en intens reise gjennom den norske villmarka.\u00a0<\/p>\n<p> Deltakerne som sto igjen var Hedvig Glestad (34), Mushaga Bakenga (33) og J\u00f8rgen Karterud (31), etter at Susanne Wergeland (40) m\u00e5tte takke for seg like f\u00f8r finalen. <\/p>\n<p>    <a itemprop=\"url\" href=\"https:\/\/www.dagbladet.no\/kjendis\/han-er-slem-mot-alle\/83684351\" rel=\"nofollow noopener\" target=\"_blank\"><\/p>\n<p>      <img loading=\"lazy\" decoding=\"async\" src=\"https:\/\/www.europesays.com\/no\/wp-content\/uploads\/2025\/11\/83690789.webp\" width=\"980\" height=\"441\" title=\"- Han er slem mot alle\" alt=\"\" class=\"lazyload\" style=\"--aspect-ratio-image: 2.22; \"\/><\/p>\n<p>        &#8211; Han er slem mot alle<\/p>\n<p>    <\/a><\/p>\n<p>Til slutt ble det klart at det var <a href=\"https:\/\/www.dagbladet.no\/kjendis\/ble-norges-toffeste-kjendis\/83858872\" rel=\"nofollow noopener\" target=\"_blank\">J\u00f8rgen Karterud som vant konkurrasen<\/a>.\u00a0<\/p>\n<p>Hockeyspilleren fra V\u00e5lerenga har sjarmert det norske folk gjennom sesongen, blant annet ved \u00e5 b\u00e6re sekker og bidra med sterk lag\u00e5nd. F\u00f8r sesongen ble vist p\u00e5 TV kunne han r\u00f8pe at <a href=\"https:\/\/www.dagbladet.no\/sport\/tror-vi-er-toffe-og-harde\/83574274\" rel=\"nofollow noopener\" target=\"_blank\">turen ble intens<\/a>.\u00a0<\/p>\n<p>          <img loading=\"lazy\" decoding=\"async\" src=\"https:\/\/www.europesays.com\/no\/wp-content\/uploads\/2025\/11\/83690790.webp\" width=\"980\" height=\"559\" title=\"D\u00c5RLIG STEMNING: Det var f\u00e5 smil \u00e5 hente blant gjengen i lag Nordkapp under en av de f\u00f8rste etappene i \u00e5rets sesong. Foto: Warner Bros. Discovery\" alt=\"\" class=\"\" style=\"--aspect-ratio-image: 1.75; \"\/><\/p>\n<p>\n          D\u00c5RLIG STEMNING: Det var f\u00e5 smil \u00e5 hente blant gjengen i lag Nordkapp under en av de f\u00f8rste etappene i \u00e5rets sesong. Foto: Warner Bros. Discovery\n      <\/p>\n<p class=\"font-weight-bold m-font-weight-bold\" data-lab-font_weight=\"font-weight-bold\">&#8211; Det g\u00e5r absolutt en kule varmt. Det har v\u00e6rt grining p\u00e5 TV og alt sammen. Jeg tror det blir j\u00e6vlig g\u00f8y, fortalte han til Dagbladet like f\u00f8r f\u00f8rste episode ble kringkastet.\u00a0<\/p>\n<p class=\"no_italic m-no_italic\" data-lab-italic=\"\" data-lab-font_weight=\"\">Blant annet ble det alt annet enn hyggelig stemning p\u00e5 lag Nordkapp da laget gikk en etappe med <a href=\"https:\/\/www.dagbladet.no\/kjendis\/han-var-skikkelig-feig\/83699593\" rel=\"nofollow noopener\" target=\"_blank\">Henrik Fladseth (36) som lagleder<\/a>.\u00a0<\/p>\n<p>        Etter flere uker p\u00e5 tur, ble det endelig avgjort hvem som ble k\u00e5ret til vinner av \u00ab71 grader nord &#8211; Norges t\u00f8ffeste kjendis\u00bb 2025.<\/p>\n<p>Til tross for at det var en dr\u00f8m for ham \u00e5 bli spurt om \u00e5 v\u00e6re deltaker i TV-programmet, var det ikke et enkelt valg for 31-\u00e5ringen. Like f\u00f8r konkurransestart opplevde han og familien marerittet.\u00a0<\/p>\n<p>Ventet 22 minutter p\u00e5 ambulanse\u00a0\t<\/p>\n<p>Det var en under en helg p\u00e5 familiens hytte p\u00e5 Skeikampen at ting br\u00e5tt endret seg.\u00a0<\/p>\n<p class=\"font-weight-bold m-font-weight-bold\" data-lab-font_weight=\"font-weight-bold\">Mens mora l\u00e5 p\u00e5 sofaen, reagerte plutselig hunden til s\u00f8stera hans p\u00e5 noe. Det viste seg at mora hadde svimt av. Hun hadde f\u00e5tt hjertestans.\u00a0<\/p>\n<p>          <img loading=\"lazy\" decoding=\"async\" src=\"https:\/\/www.europesays.com\/no\/wp-content\/uploads\/2025\/11\/83865088.webp\" width=\"686\" height=\"604\" title=\"REAGERTE RASKT: Det var hunden til s\u00f8stera til J\u00f8rgen, Kasper, som f\u00f8rst reagerte ved \u00e5 begynne \u00e5 bjeffe. Da skal de andre ha skj\u00f8nt at noe var galt. Foto: Privat\" alt=\"\" class=\"\" style=\"--aspect-ratio-image: 1.14; \"\/><\/p>\n<p>\n          REAGERTE RASKT: Det var hunden til s\u00f8stera til J\u00f8rgen, Kasper, som f\u00f8rst reagerte ved \u00e5 begynne \u00e5 bjeffe. Da skal de andre ha skj\u00f8nt at noe var galt. Foto: Privat\n      <\/p>\n<p>J\u00f8rgen, som ikke var med p\u00e5 hytteturen, fikk telefonen om at mora var flydd til Ullevaal sykehus.\u00a0<\/p>\n<p>Samtidig ble han fortalt at faren og s\u00f8stera hadde handlet raskt. De utf\u00f8rte hjerte- og lungeredning i 22 minutter fram til luftambulansen kom. <\/p>\n<p>        M\u00c5 AVBRYTE: Sikkerhetsteamet m\u00e5 ta grep under en dramatisk kajakktur i \u00ab71 grader nord &#8211; Norges t\u00f8ffeste kjendis\u00bb. Video: TV Norge \/ HBO Max \/ Thea Hope<\/p>\n<p>&#8211; Alt g\u00e5r veldig bra n\u00e5, s\u00e5 det er lettere \u00e5 prate om det, forsikrer J\u00f8rgen til Dagbladet.<\/p>\n<p>Mora ble liggende p\u00e5 sykehuset etter hjertestansen. Etter hvert ble hun sterkere og begynte med opptrening og oppf\u00f8lging utenfor sykehuset.\u00a0<\/p>\n<p>          <img loading=\"lazy\" decoding=\"async\" src=\"https:\/\/www.europesays.com\/no\/wp-content\/uploads\/2025\/11\/83865080.webp\" width=\"686\" height=\"879\" title=\"N\u00c6RE: Tida f\u00f8r startskuddet gikk p\u00e5 \u00ab71 grader nord\u00bb ble preget av den vonde hendelsen. Selv om hun var syk, var det mora til J\u00f8rgen som \u00f8nsket at han skulle delta. Foto: Privat\" alt=\"\" class=\"\" style=\"--aspect-ratio-image: 0.78; \"\/><\/p>\n<p>\n          N\u00c6RE: Tida f\u00f8r startskuddet gikk p\u00e5 \u00ab71 grader nord\u00bb ble preget av den vonde hendelsen. Selv om hun var syk, var det mora til J\u00f8rgen som \u00f8nsket at han skulle delta. Foto: Privat\n      <\/p>\n<p>J\u00f8rgen hadde allerede takket ja til \u00e5 bli med p\u00e5 programmet. Han ville ikke forlate henne, men han visste at hun ville at han skulle delta i kappl\u00f8pet.\u00a0<\/p>\n<p>&#8211;\u00a0Jeg tenkte meg om flere ganger n\u00e5r mutter&#8217;n l\u00e5 p\u00e5 sykehuset. Men jeg vet at hun unnet meg \u00e5 dra, og \u00e5 f\u00e5 hele opplevelsen. Alt sammen, sier han og fortsetter:<\/p>\n<p class=\"font-weight-bold m-font-weight-bold\" data-lab-font_weight=\"font-weight-bold\">&#8211; Man f\u00e5r ogs\u00e5 holde litt kontakt. Da var det mye lettere for min del \u00e5 kunne dra, da jeg visste det.\u00a0<\/p>\n<p>        SAMMENBRUDD: Ingrid Gjessing Linhave n\u00e5r bristepunktet etter en lang og krevende etappe i \u00ab71 grader nord\u00bb. Video: TV Norge \/ Kine Falch \/ Nora Skavhaug<\/p>\n<p>&#8211; Knakk helt sammen\t<\/p>\n<p>Til tross for at man i konkurransen stort sett blir isolert fra omverdenen, og med det sine n\u00e6rmeste, fikk J\u00f8rgen h\u00f8re fra mora da han trengte det mest.\u00a0<\/p>\n<p>    <a itemprop=\"url\" href=\"https:\/\/www.dagbladet.no\/kjendis\/det-er-veldig-flaut\/83705657\" rel=\"nofollow noopener\" target=\"_blank\"><\/p>\n<p>      <img loading=\"lazy\" decoding=\"async\" src=\"https:\/\/www.europesays.com\/no\/wp-content\/uploads\/2025\/11\/83707415.webp\" width=\"980\" height=\"441\" title=\"- Det er veldig flaut\" alt=\"\" class=\"lazyload\" style=\"--aspect-ratio-image: 2.22; \"\/><\/p>\n<p>        &#8211; Det er veldig flaut<\/p>\n<p>    <\/a><\/p>\n<p>Da han,\u00a0Glestad, Bakenga og Wergeland\u00a0satt i steinr\u00f8ysa etter \u00e5 ha besteget Bj\u00f8rndalstindane, som ligger over 1400 meter over havet, fikk de brev hjemmefra.\u00a0<\/p>\n<p>Det ble t\u00e5rev\u00e5tt fra start da J\u00f8rgen inns\u00e5 at brevet var fra mora hans, og ikke fra de tidligere lagkameratene p\u00e5 Nordkapp.\u00a0<\/p>\n<p>          <img loading=\"lazy\" decoding=\"async\" src=\"https:\/\/www.europesays.com\/no\/wp-content\/uploads\/2025\/11\/83865059.webp\" width=\"980\" height=\"559\" title=\"KNAKK SAMMEN: Det tok ikke lang tid f\u00f8r J\u00f8rgen Karterud tok til t\u00e5rene da han leste brevet fra familien sin, og fikk h\u00f8re at mora var p\u00e5 bedringens vei. Foto: Warner Bros. Discovery\" alt=\"\" class=\"\" style=\"--aspect-ratio-image: 1.75; \"\/><\/p>\n<p>\n          KNAKK SAMMEN: Det tok ikke lang tid f\u00f8r J\u00f8rgen Karterud tok til t\u00e5rene da han leste brevet fra familien sin, og fikk h\u00f8re at mora var p\u00e5 bedringens vei. Foto: Warner Bros. Discovery\n      <\/p>\n<p class=\"font-weight-bold m-font-weight-bold\" data-lab-font_weight=\"font-weight-bold\">&#8211; Det var da jeg fikk det brevet at jeg knakk helt sammen. Jeg trodde det skulle v\u00e6re en k\u00f8ddete og fleipete tone, men s\u00e5 det kom fra mutter&#8217;n og fatter&#8217;n. De sa at alt var bra hjemme.\u00a0<\/p>\n<p>        HOVNER OPP: Daniel Kvammen f\u00e5r en kraftig allergisk reaksjon under innspillingen av \u00ab71 grader nord\u00bb. Video: TV Norge \/ R\u00f8d L\u00f8per<\/p>\n<p> Med st\u00f8ttende ord hjemmefra, og en forsikring om at alt sto bra til med moras helse, fikk J\u00f8rgen ny giv. <\/p>\n<p class=\"font-weight-bold m-font-weight-bold\" data-lab-font_weight=\"font-weight-bold\">&#8211; Man f\u00e5r ikke akkurat mindre motivasjon av noe s\u00e5nn. S\u00e5 da tenkte jeg at jeg skulle kjempe mot finalen for dem. Det var veldig sterkt, forteller han.\u00a0<\/p>\n<p>          <img loading=\"lazy\" decoding=\"async\" src=\"https:\/\/www.europesays.com\/no\/wp-content\/uploads\/2025\/11\/83865098.webp\" width=\"980\" height=\"559\" title=\"GRUPPEKLEM: Etter at alle semifinalistene leste brevene de hadde f\u00e5tt hjemmefra tok de seg tid til en god klem. J\u00f8rgen forteller at brevet fra familien motiverte ham sterkt til \u00e5 fullf\u00f8re. Foto: Warner Bros. Discovery\" alt=\"\" class=\"\" style=\"--aspect-ratio-image: 1.75; \"\/><\/p>\n<p>\n          GRUPPEKLEM: Etter at alle semifinalistene leste brevene de hadde f\u00e5tt hjemmefra tok de seg tid til en god klem. J\u00f8rgen forteller at brevet fra familien motiverte ham sterkt til \u00e5 fullf\u00f8re. Foto: Warner Bros. Discovery\n      <\/p>\n<p>Selv om det ikke var planen \u00e5 gr\u00e5te p\u00e5 TV, gjorde det lite for V\u00e5lerenga-stjerna \u00e5 vise f\u00f8lelser mens han leste brevet. Han st\u00e5r fint i det, forteller han.\u00a0<\/p>\n<p>&#8211; Det er s\u00e5nn det er. Jeg tror de aller fleste hadde kjent p\u00e5 det samme hvis de var i samme situasjon. Det var bare veldig fint.<\/p>\n<p>        IKKE SKJEDD F\u00d8R: \u00ab71 grader nord\u00bb-programleder Tom Stiansen m\u00f8ter p\u00e5 utfordringer under innspillingen. Video: TV Norge \/ Kine Falch<\/p>\n<p>Utelukker ikke mer reality\t<\/p>\n<p>Tirsdag 18. november var det klart for finaleepisoden av \u00ab71 grader nord &#8211; Norges t\u00f8ffeste kjendis\u00bb, og Karterud kunne endelig r\u00f8pe at det var han som sto igjen som den endelige vinneren.<\/p>\n<p>          <img loading=\"lazy\" decoding=\"async\" src=\"https:\/\/www.europesays.com\/no\/wp-content\/uploads\/2025\/11\/83865071.webp\" width=\"980\" height=\"559\" title=\"SLUTTEN P\u00c5 EVENTYRET: Tolv deltakere ble til tre finalister. P\u00e5 tirsdag ble de tre finalistene til \u00e9n vinner. Foto: Warner Bros. Discovery\" alt=\"\" class=\"\" style=\"--aspect-ratio-image: 1.75; \"\/><\/p>\n<p>\n          SLUTTEN P\u00c5 EVENTYRET: Tolv deltakere ble til tre finalister. P\u00e5 tirsdag ble de tre finalistene til \u00e9n vinner. Foto: Warner Bros. Discovery\n      <\/p>\n<p>V\u00e5lerengagutten samlet venner og supportere p\u00e5 hjemstedet &#8211; V\u00e5lerenga i Oslo &#8211; for \u00e5 se den avgj\u00f8rende episoden. Det gledet han seg til, sa han i forkant:\u00a0<\/p>\n<p class=\"font-weight-bold m-font-weight-bold\" data-lab-font_weight=\"font-weight-bold\">&#8211;\u00a0\u00c5 f\u00e5 samlet min n\u00e6rmeste familie, noen av gutta p\u00e5 laget og mine n\u00e6rmeste venner og kunne se finalen med alle dem, det blir stas, sa han f\u00f8r den store festen.<\/p>\n<p>    <a itemprop=\"url\" href=\"https:\/\/www.dagbladet.no\/kjendis\/de-ma-roe-seg-litt-ned\/83777085\" rel=\"nofollow noopener\" target=\"_blank\"><\/p>\n<p>      <img loading=\"lazy\" decoding=\"async\" src=\"https:\/\/www.europesays.com\/no\/wp-content\/uploads\/2025\/11\/83782156.webp\" width=\"980\" height=\"441\" title=\"- De m\u00e5 roe seg litt ned\" alt=\"\" class=\"lazyload\" style=\"--aspect-ratio-image: 2.22; \"\/><\/p>\n<p>        &#8211; De m\u00e5 roe seg litt ned<\/p>\n<p>    <\/a><\/p>\n<p>Ettersom finalen sakte men sikkert har n\u00e6rmet seg, har flere meldinger tikket inn i innboksen hans fra seere som synes at han har gjort en god figur.\u00a0<\/p>\n<p>          <img loading=\"lazy\" decoding=\"async\" src=\"https:\/\/www.europesays.com\/no\/wp-content\/uploads\/2025\/11\/83864811.webp\" width=\"686\" height=\"460\" title=\"LAGSPILLER: J\u00f8rgen Karterud spiller p\u00e5 ishockeylaget til V\u00e5lerenga, dit han returnerte midtveis i sesongen 2019\/2020. Foto: Carina Johansen \/ NTB\" alt=\"\" class=\"\" style=\"--aspect-ratio-image: 1.49; \"\/><\/p>\n<p>\n          LAGSPILLER: J\u00f8rgen Karterud spiller p\u00e5 ishockeylaget til V\u00e5lerenga, dit han returnerte midtveis i sesongen 2019\/2020. Foto: Carina Johansen \/ NTB\n      <\/p>\n<p class=\"font-weight-bold m-font-weight-bold\" data-lab-font_weight=\"font-weight-bold\">&#8211; Det er klart, det varmer jo at folk skriver og f\u00f8lger med og engasjerer seg.\u00a0Folk kan kanskje ha litt fordommer mot hockeyspillere iblant, s\u00e5 det er hyggelig at de synes at jeg er en fin fyr, forteller han.\u00a0<\/p>\n<p>Om deltakelsen har gitt mersmak for \u00e5 delta i flere reality-serier, er hockeyspilleren derimot usikker p\u00e5.\u00a0<\/p>\n<p>    <a itemprop=\"url\" href=\"https:\/\/www.dagbladet.no\/kjendis\/gikk-til-kamerafolkene-og-grat\/83670975\" rel=\"nofollow noopener\" target=\"_blank\"><\/p>\n<p>      <img loading=\"lazy\" decoding=\"async\" src=\"https:\/\/www.europesays.com\/no\/wp-content\/uploads\/2025\/11\/1763915961_114_83673570.webp\" width=\"980\" height=\"441\" title=\"- Gikk til kamerafolkene og gr\u00e5t\" alt=\"\" class=\"lazyload\" style=\"--aspect-ratio-image: 2.22; \"\/><\/p>\n<p>        &#8211; Gikk til kamerafolkene og gr\u00e5t<\/p>\n<p>    <\/a><\/p>\n<p>&#8211; Da skal det v\u00e6re noe som er veldig g\u00f8y og interessant. Men jeg tror ikke at jeg skal runde alle reality-programmer, det tror jeg ikke, sier han lattermildt.\u00a0<\/p>\n","protected":false},"excerpt":{"rendered":"Kort fortalt Seerfavoritten \u00ab71 grader nord &#8211; Norges t\u00f8ffeste kjendis\u00bb er over for denne gang. \u00c5rets finalister var&hellip;\n","protected":false},"author":2,"featured_media":94637,"comment_status":"","ping_status":"","sticky":false,"template":"","format":"standard","meta":{"footnotes":""},"categories":[5],"tags":[4575,20,21,24,25,15,9464,19,8278,479,22,23,17,18,13,30,28,29,14,16,26,27],"class_list":{"0":"post-94636","1":"post","2":"type-post","3":"status-publish","4":"format-standard","5":"has-post-thumbnail","7":"category-overskrifter","8":"tag-71-grader-nord","9":"tag-breaking-news","10":"tag-breakingnews","11":"tag-featured-news","12":"tag-featurednews","13":"tag-headlines","14":"tag-hjertestans","15":"tag-hovedoppslag","16":"tag-jorgen-karterud","17":"tag-kjendis","18":"tag-latest-news","19":"tag-latestnews","20":"tag-main-news","21":"tag-mainnews","22":"tag-news","23":"tag-no","24":"tag-norge","25":"tag-norway","26":"tag-nyheter","27":"tag-overskrifter","28":"tag-top-stories","29":"tag-topstories"},"share_on_mastodon":{"url":"https:\/\/pubeurope.com\/@no\/115600003444256339","error":""},"_links":{"self":[{"href":"https:\/\/www.europesays.com\/no\/wp-json\/wp\/v2\/posts\/94636","targetHints":{"allow":["GET"]}}],"collection":[{"href":"https:\/\/www.europesays.com\/no\/wp-json\/wp\/v2\/posts"}],"about":[{"href":"https:\/\/www.europesays.com\/no\/wp-json\/wp\/v2\/types\/post"}],"author":[{"embeddable":true,"href":"https:\/\/www.europesays.com\/no\/wp-json\/wp\/v2\/users\/2"}],"replies":[{"embeddable":true,"href":"https:\/\/www.europesays.com\/no\/wp-json\/wp\/v2\/comments?post=94636"}],"version-history":[{"count":0,"href":"https:\/\/www.europesays.com\/no\/wp-json\/wp\/v2\/posts\/94636\/revisions"}],"wp:featuredmedia":[{"embeddable":true,"href":"https:\/\/www.europesays.com\/no\/wp-json\/wp\/v2\/media\/94637"}],"wp:attachment":[{"href":"https:\/\/www.europesays.com\/no\/wp-json\/wp\/v2\/media?parent=94636"}],"wp:term":[{"taxonomy":"category","embeddable":true,"href":"https:\/\/www.europesays.com\/no\/wp-json\/wp\/v2\/categories?post=94636"},{"taxonomy":"post_tag","embeddable":true,"href":"https:\/\/www.europesays.com\/no\/wp-json\/wp\/v2\/tags?post=94636"}],"curies":[{"name":"wp","href":"https:\/\/api.w.org\/{rel}","templated":true}]}}