{"id":94638,"date":"2025-11-23T16:40:10","date_gmt":"2025-11-23T16:40:10","guid":{"rendered":"https:\/\/www.europesays.com\/no\/94638\/"},"modified":"2025-11-23T16:40:10","modified_gmt":"2025-11-23T16:40:10","slug":"sport-fotball-bryne-tapte-det-betyr-at-kbk-har-berget-plassen","status":"publish","type":"post","link":"https:\/\/www.europesays.com\/no\/94638\/","title":{"rendered":"Sport, Fotball | Bryne tapte \u2013 det betyr at KBK har berget plassen"},"content":{"rendered":"\n<p>Med \u00e9n runde igjen av \u00e5rets eliteseriesesong har KBK en luke p\u00e5 sju poeng ned i Bryne. Uansett hvordan det g\u00e5r med protesten V\u00e5lerenga sendte inn etter at KBK l\u00f8rdag brukte Leander N\u00e6ss Alvheim, til tross for at han hadde fire gule kort, s\u00e5 blir det eliteseriespill ogs\u00e5 neste \u00e5r i Kristiansund.<\/p>\n<p>Det kan de takke Sarpsborg 08 for, som \u2013 uten altfor store problemer \u2013 slo Bryne s\u00f8ndag ettermiddag.<\/p>\n<p>0\u20133 i oppgj\u00f8ret p\u00e5 J\u00e6ren slokket det siste som var av h\u00e5p for vertene. Nederlaget betyr at det ikke lenger er mulig \u00e5 spille seg bort fra kvalifiseringsplassen.<\/p>\n<p>  <a href=\"https:\/\/www.tk.no\/5-51-1775284\" class=\"related-teaser has-image default-story-teaser article--c-eRUmMG article--c-eRUmMG-jKCPdD-design-default\" rel=\"nofollow noopener\" target=\"_blank\"><\/p>\n<p>    <img decoding=\"async\" loading=\"lazy\"  src=\"https:\/\/www.europesays.com\/no\/wp-content\/uploads\/2025\/11\/NTB_7QdNE4LbMgA.jpg\" alt=\"\" class=\"brick-c-cFOWSL\" style=\"\"\/><\/p>\n<p>\n            Les ogs\u00e5<\/p>\n<p>              KBKs sportslige leder Hoseth: \u2013 Det er fryktelig tungt \u00e5 st\u00e5 her\n        <\/p>\n<p>  <\/a><br \/>\n  Fem minutter<\/p>\n<p>0\u20131 kom f\u00f8r fem minutter var spilt. Jacob Haahr Steffensen mistet ballen til Frederik Carstensen, som var effektiv alene med keeper. Etter hvilen suste Daniel Job gjennom Bryne-forsvaret og ordnet 0\u20132. I sluttsekundene s\u00f8rget Daniel Karlsbakk for trem\u00e5lsseier.<\/p>\n<p>Det betyr en forlenget sesong for Bryne med et nervepirrende dobbeltoppgj\u00f8r mot 1.-divisjonsmotstand. De m\u00f8ter enten Egersund, Aalesund eller Kongsvinger.<\/p>\n<p>I siste runde m\u00f8ter Bryne et Haugesund-lag som i lang tid har v\u00e6rt klart for nedrykk.<\/p>\n<p>KBK f\u00e5r bes\u00f8k av Troms\u00f8, som spiller for medalje.<\/p>\n<p>Uansett hva som skjer i de kampene, kan Amund Skiri og hans mannskap rette blikket mot en ny sesong p\u00e5 \u00f8verste niv\u00e5.<\/p>\n","protected":false},"excerpt":{"rendered":"Med \u00e9n runde igjen av \u00e5rets eliteseriesesong har KBK en luke p\u00e5 sju poeng ned i Bryne. Uansett&hellip;\n","protected":false},"author":2,"featured_media":94639,"comment_status":"","ping_status":"","sticky":false,"template":"","format":"standard","meta":{"footnotes":""},"categories":[59],"tags":[36,9199,134,92,298,30,28,29,133,83,82,1510],"class_list":{"0":"post-94638","1":"post","2":"type-post","3":"status-publish","4":"format-standard","5":"has-post-thumbnail","7":"category-sport","8":"tag-art","9":"tag-bryne","10":"tag-eliteserien","11":"tag-fotball","12":"tag-kristiansund","13":"tag-no","14":"tag-norge","15":"tag-norway","16":"tag-sarpsborg-08","17":"tag-sport","18":"tag-sports","19":"tag-story"},"share_on_mastodon":{"url":"https:\/\/pubeurope.com\/@no\/115600007147506498","error":""},"_links":{"self":[{"href":"https:\/\/www.europesays.com\/no\/wp-json\/wp\/v2\/posts\/94638","targetHints":{"allow":["GET"]}}],"collection":[{"href":"https:\/\/www.europesays.com\/no\/wp-json\/wp\/v2\/posts"}],"about":[{"href":"https:\/\/www.europesays.com\/no\/wp-json\/wp\/v2\/types\/post"}],"author":[{"embeddable":true,"href":"https:\/\/www.europesays.com\/no\/wp-json\/wp\/v2\/users\/2"}],"replies":[{"embeddable":true,"href":"https:\/\/www.europesays.com\/no\/wp-json\/wp\/v2\/comments?post=94638"}],"version-history":[{"count":0,"href":"https:\/\/www.europesays.com\/no\/wp-json\/wp\/v2\/posts\/94638\/revisions"}],"wp:featuredmedia":[{"embeddable":true,"href":"https:\/\/www.europesays.com\/no\/wp-json\/wp\/v2\/media\/94639"}],"wp:attachment":[{"href":"https:\/\/www.europesays.com\/no\/wp-json\/wp\/v2\/media?parent=94638"}],"wp:term":[{"taxonomy":"category","embeddable":true,"href":"https:\/\/www.europesays.com\/no\/wp-json\/wp\/v2\/categories?post=94638"},{"taxonomy":"post_tag","embeddable":true,"href":"https:\/\/www.europesays.com\/no\/wp-json\/wp\/v2\/tags?post=94638"}],"curies":[{"name":"wp","href":"https:\/\/api.w.org\/{rel}","templated":true}]}}