{"id":94640,"date":"2025-11-23T16:44:12","date_gmt":"2025-11-23T16:44:12","guid":{"rendered":"https:\/\/www.europesays.com\/no\/94640\/"},"modified":"2025-11-23T16:44:12","modified_gmt":"2025-11-23T16:44:12","slug":"ber-om-usa-garanti-som-speiler-nato-hjelp","status":"publish","type":"post","link":"https:\/\/www.europesays.com\/no\/94640\/","title":{"rendered":"Ber om USA-garanti som speiler Nato-hjelp"},"content":{"rendered":"<p class=\"extendedContent hyperion-css-eyn926\" data-test-tag=\"lead-text\">Europeiske ledere vil at USA skal gi Ukraina en sikkerhetsgaranti p\u00e5 lik linje med Natos artikkel 5.<\/p>\n<p><img decoding=\"async\" class=\"image-asset hyperion-css-u06ts1\" data-test-tag=\"image-asset\" src=\"https:\/\/www.europesays.com\/no\/wp-content\/uploads\/2025\/11\/5e1db727-393a-4bdb-ad90-5206dd41c301\"  alt=\"USA og Ukraina m\u00f8ttes i Gen\u00e8ve s\u00f8ndag, der det foreg\u00e5r det n\u00e5 forhandlinger om fredsavtale. \"  loading=\"eager\" fetchpriority=\"high\" style=\"aspect-ratio:2048 \/ 1365\"\/>USA og Ukraina m\u00f8ttes i Gen\u00e8ve s\u00f8ndag, der det foreg\u00e5r det n\u00e5 forhandlinger om fredsavtale. Foto: Martial Trezzini \/ AP \/ NTBKortversjonen<\/p>\n<ul class=\"hyperion-css-1wfq1v6\" data-test-tag=\"list\">\n<li class=\"hyperion-css-13wylk3\">Lekkasjer viser Europas motforslag til Trumps 28-punktsplan for fred i Ukraina.<\/li>\n<li class=\"hyperion-css-13wylk3\">Europeiske ledere \u00f8nsker at USA gir Ukraina en sikkerhetsgaranti lik Natos artikkel 5. <\/li>\n<li class=\"hyperion-css-13wylk3\">Samtalene mellom USA og Ukraina omtales som produktive. Trump kritiserer europeiske ledere for \u00e5 kj\u00f8pe russisk olje.<\/li>\n<\/ul>\n<p data-nosnippet=\"true\" class=\"hyperion-css-1qe9pn0\">Sammendraget er laget ved hjelp av kunstig intelligens (KI) og kvalitetssikret av Aftenpostens journalister.<\/p>\n<p>Vis mer<\/p>\n<p class=\"paywall hyperion-css-1j42uic\">Onsdag ble det kjent at Russland og USA i all hemmelighet <a data-test-tag=\"internal-link\" href=\"https:\/\/www.aftenposten.no\/verden\/i\/zO5gXO\/medier-usa-foreslaar-at-ukraina-gir-fra-seg-land-og-reduserer-haeren\" class=\"hyperion-css-1raymq9\" rel=\"nofollow noopener\" target=\"\" aria-label=\"har diskutert en plan\" theme=\"breaking-short\">har diskutert en plan<\/a> for \u00e5 avslutte krigen.<\/p>\n<p class=\"paywall hyperion-css-1j42uic\">L\u00f8rdag sa europeiske ledere at de er klare til \u00e5 involvere seg for \u00e5 sikre en varig fremtidig fred i Ukraina. Men det kom frem at de ogs\u00e5 var sv\u00e6rt kritiske til deler av avtalen.<\/p>\n<p class=\"paywall hyperion-css-1j42uic\">S\u00f8ndag ettermiddag kommer det lekkasjer fra det som skal v\u00e6re europas motforslag til <a data-test-tag=\"internal-link\" href=\"https:\/\/www.aftenposten.no\/verden\/i\/OkbkPq\/trumps-fredsplan-for-ukraina-og-russland-vekker-oppsikt-putin-er-positiv\" class=\"hyperion-css-1raymq9\" rel=\"nofollow noopener\" target=\"\" aria-label=\"Trumps 28 punkter.\" theme=\"breaking-short\">Trumps 28 punkter.<\/a><\/p>\n<p class=\"paywall hyperion-css-1j42uic\">Forslaget skiller seg fra Trumps punkter p\u00e5 flere vesentlige omr\u00e5der. If\u00f8lge nyhetsbyr\u00e5et Reuters, som hevder de har sett et dokument, skal europeiske ledere ha foresl\u00e5tt f\u00f8lgende:<\/p>\n<p>Skal ikke ha tropper i Ukraina<\/p>\n<ul class=\"paywall hyperion-css-1waisbu\" data-test-tag=\"list\">\n<li class=\"hyperion-css-1jomj7h\">Ukraina skal motta en sikkerhetsgaranti fra USA som speiler <a aria-label=\"Natos artikkel 5\" class=\"breaking-short hyperion-css-1raymq9\" href=\"https:\/\/lovdata.no\/traktat\/1949-04-04-1\/a5\" target=\"_blank\" rel=\"noopener nofollow noreferrer\" data-test-tag=\"external-link\">Natos artikkel 5<\/a>. Den sier at et angrep p\u00e5 ett Nato-land er et angrep p\u00e5 alle Nato-land.<\/li>\n<li class=\"hyperion-css-1jomj7h\">Ukrainas milit\u00e6re styrker skal han en grense p\u00e5 800.000 mennesker. <\/li>\n<li class=\"hyperion-css-1jomj7h\">Ukraina skal holde valg s\u00e5 fort en fredsavtale er underskrevet.<\/li>\n<li class=\"hyperion-css-1jomj7h\">Natos kampfly skal stasjoneres i Polen.<\/li>\n<li class=\"hyperion-css-1jomj7h\">Ukraina kan bli medlem av Nato dersom Natos medlemsland blir enige om dette.<\/li>\n<li class=\"hyperion-css-1jomj7h\">Ukraina forplikter seg til \u00e5 ikke gjenvinne sine okkuperte suverene omr\u00e5der med milit\u00e6re midler, forhandlinger om bytte av landomr\u00e5der vil starte fra frontlinjen.<\/li>\n<li class=\"hyperion-css-1jomj7h\">Ukraina skal kompenseres finansielt, inkludert gjennom russiske midler som vil forbli frosset inntil Russland kompenserer for skadene de har p\u00e5f\u00f8rt Ukraina. <\/li>\n<li class=\"hyperion-css-1jomj7h\">Nato g\u00e5r med p\u00e5 \u00e5 ikke ha tropper under Nato-kommando permanent stasjonert i Ukraina. <\/li>\n<\/ul>\n<p><img decoding=\"async\" class=\"image-asset hyperion-css-4lzzdy\" data-test-tag=\"image-asset\" src=\"https:\/\/www.europesays.com\/no\/wp-content\/uploads\/2025\/11\/9dba6dd2-5db9-40c2-b614-ebb73d7bb45b\"  alt=\"USAs spesialutsending Steve Witkoff (nummer to fra venstre) og USAs utenriksminter Marco Rubio til h\u00f8yre p\u00e5 starten av samtalene med de ukrainske delegasjonen i Sveits.\"  loading=\"eager\" fetchpriority=\"high\" style=\"aspect-ratio:2048 \/ 1365\"\/>USAs spesialutsending Steve Witkoff (nummer to fra venstre) og USAs utenriksminter Marco Rubio til h\u00f8yre p\u00e5 starten av samtalene med de ukrainske delegasjonen i Sveits. Foto: Martial Trezzini, NTBVesentlige forskjeller i forslagene<\/p>\n<p class=\"paywall hyperion-css-1j42uic\">Punktene til de europeiske lederne skiller seg fra flere Trumps forslag p\u00e5 flere sentrale omr\u00e5der.<\/p>\n<p class=\"paywall hyperion-css-1j42uic\">Trump krever for eksempel at den ukrainske h\u00e6ren skal kuttes med 200.000 flere personer enn forslaget fra Europa.<\/p>\n<p class=\"paywall hyperion-css-1j42uic\">Der Trump sier at Ukraina m\u00e5 grunnlovsfeste at de ikke skal bli Nato-medlem, mener Europas ledere at Nato selv skal f\u00e5 bestemme om Ukraina skal v\u00e6re med eller ikke.<\/p>\n<p class=\"paywall hyperion-css-1j42uic\">I USAs forslag foresl\u00e5s det at b\u00e5de Rusland og Ukraina skal gi fra seg omr\u00e5der de allerede holder og kontrollerer. I Europas forslag skal utgangspunktet for bytte av land v\u00e6re frontlinjen slik den er n\u00e5.<\/p>\n<p class=\"paywall hyperion-css-1j42uic\">I de europeiske forslagene, slik de er gjengitt av Reuters, st\u00e5r det ingen ting om at Russland skal integreres i den globale \u00f8konomien, slik USA krever.<\/p>\n<p class=\"paywall hyperion-css-1j42uic\">I Trumps forslag skal 100 milliarder dollar av Russlands fryste midler brukes til gjenoppbygging av Ukraina. If\u00f8lge motforslaget fra Europa kreves det at russiske fryste midler forblir frosset til Russland har betalt for skadene de har p\u00e5f\u00f8rt Ukraina. <\/p>\n<p><img decoding=\"async\" class=\"image-asset hyperion-css-379o7\" data-test-tag=\"image-asset\" src=\"https:\/\/www.europesays.com\/no\/wp-content\/uploads\/2025\/11\/3773dbcf-377a-4c94-bf9c-ad5da35a9c49\"  alt=\"USAs president Donald Trump langet s\u00f8ndag ut mot Ukraina p\u00e5 sitt eget sosiale medium. \"  loading=\"eager\" fetchpriority=\"high\" style=\"aspect-ratio:2048 \/ 1365\"\/>USAs president Donald Trump langet s\u00f8ndag ut mot Ukraina p\u00e5 sitt eget sosiale medium. Foto: Aaron Schwartz, NTBHevder samtalene er produktive <\/p>\n<p class=\"paywall hyperion-css-1j42uic\">Lekkasjene fra dokumentet kom samtidig med at amerikanske tjenestepersoner, if\u00f8lge Reuters, omtaler samtalene mellom USA og Ukraina som \u00abproduktive og til og med konkluderende p\u00e5 noen omr\u00e5der\u00bb. <\/p>\n<p class=\"paywall hyperion-css-1j42uic\">I et innlegg p\u00e5 Truth Social kom USAs president Donald Trump s\u00f8ndag formiddag med en tirade om krigen i Ukraina og skrev at det er en krig som aldri burde ha skjedd. <\/p>\n<p class=\"paywall hyperion-css-1j42uic\">Utspillet kom mens fredsplanen hans diskuteres. Lederskapet i Ukraina har ikke vist takknemlighet for USAs fredsinnsats, mener Trump. <\/p>\n<p class=\"paywall hyperion-css-1j42uic\">Han rettet ogs\u00e5 fingeren mot europeiske ledere.<\/p>\n<p class=\"paywall hyperion-css-1j42uic\">\u2013 Europa fortsetter \u00e5 kj\u00f8pe olje fra Russland, skrev han med store bokstaver.<\/p>\n","protected":false},"excerpt":{"rendered":"Europeiske ledere vil at USA skal gi Ukraina en sikkerhetsgaranti p\u00e5 lik linje med Natos artikkel 5. USA&hellip;\n","protected":false},"author":2,"featured_media":94641,"comment_status":"","ping_status":"","sticky":false,"template":"","format":"standard","meta":{"footnotes":""},"categories":[12],"tags":[20,21,24,25,15,22,23,13,30,28,29,14,16,26,27,42,43,44,45],"class_list":{"0":"post-94640","1":"post","2":"type-post","3":"status-publish","4":"format-standard","5":"has-post-thumbnail","7":"category-verden","8":"tag-breaking-news","9":"tag-breakingnews","10":"tag-featured-news","11":"tag-featurednews","12":"tag-headlines","13":"tag-latest-news","14":"tag-latestnews","15":"tag-news","16":"tag-no","17":"tag-norge","18":"tag-norway","19":"tag-nyheter","20":"tag-overskrifter","21":"tag-top-stories","22":"tag-topstories","23":"tag-verden","24":"tag-world","25":"tag-world-news","26":"tag-worldnews"},"share_on_mastodon":{"url":"https:\/\/pubeurope.com\/@no\/115600023106947962","error":""},"_links":{"self":[{"href":"https:\/\/www.europesays.com\/no\/wp-json\/wp\/v2\/posts\/94640","targetHints":{"allow":["GET"]}}],"collection":[{"href":"https:\/\/www.europesays.com\/no\/wp-json\/wp\/v2\/posts"}],"about":[{"href":"https:\/\/www.europesays.com\/no\/wp-json\/wp\/v2\/types\/post"}],"author":[{"embeddable":true,"href":"https:\/\/www.europesays.com\/no\/wp-json\/wp\/v2\/users\/2"}],"replies":[{"embeddable":true,"href":"https:\/\/www.europesays.com\/no\/wp-json\/wp\/v2\/comments?post=94640"}],"version-history":[{"count":0,"href":"https:\/\/www.europesays.com\/no\/wp-json\/wp\/v2\/posts\/94640\/revisions"}],"wp:featuredmedia":[{"embeddable":true,"href":"https:\/\/www.europesays.com\/no\/wp-json\/wp\/v2\/media\/94641"}],"wp:attachment":[{"href":"https:\/\/www.europesays.com\/no\/wp-json\/wp\/v2\/media?parent=94640"}],"wp:term":[{"taxonomy":"category","embeddable":true,"href":"https:\/\/www.europesays.com\/no\/wp-json\/wp\/v2\/categories?post=94640"},{"taxonomy":"post_tag","embeddable":true,"href":"https:\/\/www.europesays.com\/no\/wp-json\/wp\/v2\/tags?post=94640"}],"curies":[{"name":"wp","href":"https:\/\/api.w.org\/{rel}","templated":true}]}}