{"id":94655,"date":"2025-11-23T17:00:12","date_gmt":"2025-11-23T17:00:12","guid":{"rendered":"https:\/\/www.europesays.com\/no\/94655\/"},"modified":"2025-11-23T17:00:12","modified_gmt":"2025-11-23T17:00:12","slug":"sport-langrenn-hedegart-knuste-alle-for-et-lop","status":"publish","type":"post","link":"https:\/\/www.europesays.com\/no\/94655\/","title":{"rendered":"Sport, Langrenn | Hedegart knuste alle: \u2013 For et l\u00f8p!"},"content":{"rendered":"\n<p><b>BEITOST\u00d8LEN:<\/b> 24-\u00e5ringen fra Inder\u00f8y gikk et kjempel\u00f8p p\u00e5 10 kilometer fri teknikk under sesong\u00e5pningen p\u00e5 Beitost\u00f8len s\u00f8ndag.<\/p>\n<p>Skiskytteren har gjort det for vane \u00e5 gj\u00f8re seg bemerket ogs\u00e5 i langrennssirkuset. S\u00f8ndag vant han like gjerne i konkurranse med de beste norske langrennsgutta.<\/p>\n<p>\u2013 For et l\u00f8p! kommenterte NRK-ekspert Fredrik Aukland da Hedegart gikk i m\u00e5l.<\/p>\n<p>\u2013 Dette var bra, konstaterte han overfor Tr\u00f8nder-Avisa.<\/p>\n<p>24-\u00e5ringen var 13,2 sekunder raskere enn annenmann Andreas Fjorden Ree i m\u00e5l. Tredjemann Iver Tildheim Andersen var hele 36,4 sekunder bak. Simen Hegstad Kr\u00fcger var 0,3 sekunder bak pallen.<\/p>\n<p>Hedegart har s\u00e5 langt i karrieren satset p\u00e5 skiskyting, men kunngjorde tidligere i m\u00e5neden at han heller skal satse p\u00e5 langrenn fremover. Det mener han gir st\u00f8rre muligheter for \u00e5 ta seg til OL.<\/p>\n<p>  <a href=\"https:\/\/www.t-a.no\/5-116-2261498\" class=\"related-teaser has-image default-story-teaser article--c-eRUmMG article--c-eRUmMG-jKCPdD-design-default\" rel=\"nofollow noopener\" target=\"_blank\"><\/p>\n<p>    <img decoding=\"async\" loading=\"lazy\"  src=\"https:\/\/www.europesays.com\/no\/wp-content\/uploads\/2025\/11\/JAhedegartseier01.jpg\" alt=\"\" class=\"brick-c-cFOWSL\" style=\"\"\/><\/p>\n<p>\n            Les ogs\u00e5<\/p>\n<p>              Kometen avsl\u00f8rer sms fra Nossum: \u2013 Klink beskjed!\n        <\/p>\n<p>  <\/a><br \/>\n  \u2013 Ekstremt deilig<\/p>\n<p>Til Tr\u00f8nder-Avisa meldte han storform til frokosten samme dag. Vi kan trygt sl\u00e5 fast at den f\u00f8lelsen viste seg \u00e5 stemme!<\/p>\n<p>\u2013 Jeg tror jeg leverte p\u00e5 mitt beste i dag. Det er ekstremt deilig, sa 24-\u00e5ringen til NRK \u2013 mens han ventet p\u00e5 at de norske landslagsl\u00f8perne skulle g\u00e5 i m\u00e5l.<\/p>\n<p>Ingen av dem klarte \u00e5 matche inder\u00f8yningens tid. Han kunne dermed slippe jubelen l\u00f8s fra lederstolen.<\/p>\n<p>P\u00e5 sp\u00f8rsm\u00e5l om hva det betyr \u00e5 lykkes slik svarer Hedegart f\u00f8lgende:<\/p>\n<p>\u2013 Det er bare \u00e5 se tilbake p\u00e5 den jobben jeg har gjort. Jeg har ikke v\u00e6rt hjemme p\u00e5 Inder\u00f8ya siden april og har v\u00e6rt ni uker i h\u00f8yden. Jeg har brukt hver eneste dag p\u00e5 \u00e5 bli en bedre langrennsl\u00f8per. Jeg er blitt en 24-timersut\u00f8ver. Jeg har lagt ned det lille ekstra for \u00e5 heve niv\u00e5et fra i fjor. N\u00e5 startet jeg der jeg avsluttet i fjor, og det f\u00f8les ekstremt godt, sa den finslepne teknikeren med den store motoren.<\/p>\n<p>\u2013 Det er helt vilt det han driver med her, sa Fredrik Aukland p\u00e5 NRKs sending.<\/p>\n<p>\u2013 Han mener alvor. Han vil til OL og det som er, sa kollega Jann Post.<\/p>\n<p>  <a href=\"https:\/\/www.t-a.no\/5-116-2261159\" class=\"related-teaser has-image default-story-teaser article--c-eRUmMG article--c-eRUmMG-jKCPdD-design-default\" rel=\"nofollow noopener\" target=\"_blank\"><\/p>\n<p>    <img decoding=\"async\" loading=\"lazy\"  src=\"https:\/\/www.europesays.com\/no\/wp-content\/uploads\/2025\/11\/JAhedegart-tren02.jpg\" alt=\"\" class=\"brick-c-cFOWSL\" style=\"\"\/><\/p>\n<p>\n            Les ogs\u00e5<\/p>\n<p>              Hedegart: \u2013 Skal bevise at fjor\u00e5ret ikke var en bl\u00f8ff\n        <\/p>\n<p>  <\/a><\/p>\n","protected":false},"excerpt":{"rendered":"BEITOST\u00d8LEN: 24-\u00e5ringen fra Inder\u00f8y gikk et kjempel\u00f8p p\u00e5 10 kilometer fri teknikk under sesong\u00e5pningen p\u00e5 Beitost\u00f8len s\u00f8ndag. Skiskytteren&hellip;\n","protected":false},"author":2,"featured_media":94656,"comment_status":"","ping_status":"","sticky":false,"template":"","format":"standard","meta":{"footnotes":""},"categories":[5],"tags":[36,12007,20,21,11507,24,25,15,19,9061,398,22,23,17,18,13,30,28,29,14,16,83,1510,26,27],"class_list":{"0":"post-94655","1":"post","2":"type-post","3":"status-publish","4":"format-standard","5":"has-post-thumbnail","7":"category-overskrifter","8":"tag-art","9":"tag-beitostolen","10":"tag-breaking-news","11":"tag-breakingnews","12":"tag-einar-hedegart","13":"tag-featured-news","14":"tag-featurednews","15":"tag-headlines","16":"tag-hovedoppslag","17":"tag-inderoy","18":"tag-langrenn","19":"tag-latest-news","20":"tag-latestnews","21":"tag-main-news","22":"tag-mainnews","23":"tag-news","24":"tag-no","25":"tag-norge","26":"tag-norway","27":"tag-nyheter","28":"tag-overskrifter","29":"tag-sport","30":"tag-story","31":"tag-top-stories","32":"tag-topstories"},"share_on_mastodon":{"url":"https:\/\/pubeurope.com\/@no\/115600085967230649","error":""},"_links":{"self":[{"href":"https:\/\/www.europesays.com\/no\/wp-json\/wp\/v2\/posts\/94655","targetHints":{"allow":["GET"]}}],"collection":[{"href":"https:\/\/www.europesays.com\/no\/wp-json\/wp\/v2\/posts"}],"about":[{"href":"https:\/\/www.europesays.com\/no\/wp-json\/wp\/v2\/types\/post"}],"author":[{"embeddable":true,"href":"https:\/\/www.europesays.com\/no\/wp-json\/wp\/v2\/users\/2"}],"replies":[{"embeddable":true,"href":"https:\/\/www.europesays.com\/no\/wp-json\/wp\/v2\/comments?post=94655"}],"version-history":[{"count":0,"href":"https:\/\/www.europesays.com\/no\/wp-json\/wp\/v2\/posts\/94655\/revisions"}],"wp:featuredmedia":[{"embeddable":true,"href":"https:\/\/www.europesays.com\/no\/wp-json\/wp\/v2\/media\/94656"}],"wp:attachment":[{"href":"https:\/\/www.europesays.com\/no\/wp-json\/wp\/v2\/media?parent=94655"}],"wp:term":[{"taxonomy":"category","embeddable":true,"href":"https:\/\/www.europesays.com\/no\/wp-json\/wp\/v2\/categories?post=94655"},{"taxonomy":"post_tag","embeddable":true,"href":"https:\/\/www.europesays.com\/no\/wp-json\/wp\/v2\/tags?post=94655"}],"curies":[{"name":"wp","href":"https:\/\/api.w.org\/{rel}","templated":true}]}}