{"id":94661,"date":"2025-11-23T17:14:09","date_gmt":"2025-11-23T17:14:09","guid":{"rendered":"https:\/\/www.europesays.com\/no\/94661\/"},"modified":"2025-11-23T17:14:09","modified_gmt":"2025-11-23T17:14:09","slug":"libanon-israel-israel-har-angrepet-mal-i-beirut","status":"publish","type":"post","link":"https:\/\/www.europesays.com\/no\/94661\/","title":{"rendered":"Libanon, Israel | Israel har angrepet m\u00e5l i Beirut"},"content":{"rendered":"\n<p>Israel har gjennomf\u00f8rt et luftangrep mot Libanons hovedstad Beirut. Hizbollah mener angrepet har krysset en \u00abny, r\u00f8d grense\u00bb.<\/p>\n<p>If\u00f8lge libanesiske medier fant angrepet sted i S\u00f8r-Beirut, der Hizbollah-militsen er kjent for \u00e5 st\u00e5 sterkt.<\/p>\n<p>Den Hizbollah-tilknyttede TV-kanalen Al-Mayadeen melder at tre personer ble drept og 25 s\u00e5ret i angrepet. Libanons helsedepartement har meldt om \u00e9n drept.<\/p>\n<p>If\u00f8lge den israelske h\u00e6ren var det Hizbollahs stabssjef som var m\u00e5l for angrepet, men vedkommende er ikke navngitt.<\/p>\n<p>Det er ikke kjent om han er ett av ofrene, men Hizbollah bekrefter at en av deres ledere var m\u00e5let for angrepet.<\/p>\n<p>\u2013 Resultatet er ikke kjent, sier Hizbollah-talsmann Mahmud Qomati til pressen ved \u00e5stedet for angrepet.<\/p>\n<p>\u2013 Dette krysser en ny, r\u00f8d grense, sier han.<\/p>\n<p>Libanons president Joseph Aoun ber verdenssamfunnet om \u00e5 gripe inn for \u00e5 hindre israelske angrep.<\/p>\n<p>\u2013 Libanon gjentar sin oppfordring til verdenssamfunnet om \u00e5 ta ansvar og gripe inn avgjort og bestemt for \u00e5 stoppe angrepene p\u00e5 Libanon og dets folk, sier han i en uttalelse.<\/p>\n<p>Israel og Hizbollah inngikk for ett \u00e5r siden v\u00e5penhvile, men anklager hverandre for \u00e5 bryte denne.<\/p>\n<p>Israel har n\u00e6rmest daglig gjennomf\u00f8rt angrep mot det de omtaler som Hizbollah-m\u00e5l i Libanon siden v\u00e5penhvilen tr\u00e5dte i kraft, og har ogs\u00e5 etablert flere milit\u00e6rposter p\u00e5 libanesisk territorium.<\/p>\n<p>Hizbollah har ikke gjennomf\u00f8rt angrep mot Israel siden v\u00e5penhvilen tr\u00e5dte i kraft.<\/p>\n<p>(\u00a9NTB)<\/p>\n","protected":false},"excerpt":{"rendered":"Israel har gjennomf\u00f8rt et luftangrep mot Libanons hovedstad Beirut. Hizbollah mener angrepet har krysset en \u00abny, r\u00f8d grense\u00bb.&hellip;\n","protected":false},"author":2,"featured_media":94662,"comment_status":"","ping_status":"","sticky":false,"template":"","format":"standard","meta":{"footnotes":""},"categories":[5],"tags":[20,21,24,25,15,19,22,23,17,18,13,30,28,29,14,16,26,27],"class_list":{"0":"post-94661","1":"post","2":"type-post","3":"status-publish","4":"format-standard","5":"has-post-thumbnail","7":"category-overskrifter","8":"tag-breaking-news","9":"tag-breakingnews","10":"tag-featured-news","11":"tag-featurednews","12":"tag-headlines","13":"tag-hovedoppslag","14":"tag-latest-news","15":"tag-latestnews","16":"tag-main-news","17":"tag-mainnews","18":"tag-news","19":"tag-no","20":"tag-norge","21":"tag-norway","22":"tag-nyheter","23":"tag-overskrifter","24":"tag-top-stories","25":"tag-topstories"},"share_on_mastodon":{"url":"https:\/\/pubeurope.com\/@no\/115600140738053460","error":""},"_links":{"self":[{"href":"https:\/\/www.europesays.com\/no\/wp-json\/wp\/v2\/posts\/94661","targetHints":{"allow":["GET"]}}],"collection":[{"href":"https:\/\/www.europesays.com\/no\/wp-json\/wp\/v2\/posts"}],"about":[{"href":"https:\/\/www.europesays.com\/no\/wp-json\/wp\/v2\/types\/post"}],"author":[{"embeddable":true,"href":"https:\/\/www.europesays.com\/no\/wp-json\/wp\/v2\/users\/2"}],"replies":[{"embeddable":true,"href":"https:\/\/www.europesays.com\/no\/wp-json\/wp\/v2\/comments?post=94661"}],"version-history":[{"count":0,"href":"https:\/\/www.europesays.com\/no\/wp-json\/wp\/v2\/posts\/94661\/revisions"}],"wp:featuredmedia":[{"embeddable":true,"href":"https:\/\/www.europesays.com\/no\/wp-json\/wp\/v2\/media\/94662"}],"wp:attachment":[{"href":"https:\/\/www.europesays.com\/no\/wp-json\/wp\/v2\/media?parent=94661"}],"wp:term":[{"taxonomy":"category","embeddable":true,"href":"https:\/\/www.europesays.com\/no\/wp-json\/wp\/v2\/categories?post=94661"},{"taxonomy":"post_tag","embeddable":true,"href":"https:\/\/www.europesays.com\/no\/wp-json\/wp\/v2\/tags?post=94661"}],"curies":[{"name":"wp","href":"https:\/\/api.w.org\/{rel}","templated":true}]}}