{"id":94663,"date":"2025-11-23T17:19:13","date_gmt":"2025-11-23T17:19:13","guid":{"rendered":"https:\/\/www.europesays.com\/no\/94663\/"},"modified":"2025-11-23T17:19:13","modified_gmt":"2025-11-23T17:19:13","slug":"dramaet-bak-it-ends-with-us","status":"publish","type":"post","link":"https:\/\/www.europesays.com\/no\/94663\/","title":{"rendered":"Dramaet bak \u00abIt Ends With Us\u00bb"},"content":{"rendered":"<p>  Ny norsk fiasko da hopper ble disket. Sportssjefen reagerer: &#8211; Dummeste regelen som finnes.<\/p>\n<p>\n    Foto: Tore Ulrik Bratland \/ Dagbladet\n  <\/p>\n<p>LILLEHAMMER \/ OSLO (Dagbladet): Det ble ingen stor dag for de norske hopperne \u2013 Marius Lindvik ble beste nordmann med en 17.-plass, mens Kristoffer Eriksen Sundal endte p\u00e5 19.-plass.<\/p>\n<p>Japanske Ryoyu Kobayashi vant foran slovenske Domen Prevc og tyske Felix Hoffmann.<\/p>\n<p>Men det store dramaet kom allerede i kvalifiseringen, da Isak Andreas Langmo ble disket etter at en glidel\u00e5s r\u00f8k.<\/p>\n<p>&#8211; Det m\u00e5 v\u00e6re den dummeste regelen som finnes. Det er en glidel\u00e5s som r\u00f8yk p\u00e5 toppen av hoppet, og da f\u00e5r du ikke gjort noe annet, sier hoppernes sportssjef Jan-Erik Aalbu oppgitt.<\/p>\n<p>    <a itemprop=\"url\" href=\"https:\/\/www.dagbladet.no\/sport\/maper\/83889994\" rel=\"nofollow noopener\" target=\"_blank\"><\/p>\n<p>      <img loading=\"lazy\" decoding=\"async\" src=\"https:\/\/www.europesays.com\/no\/wp-content\/uploads\/2025\/11\/83890000.webp\" width=\"980\" height=\"441\" title=\"M\u00e5per\" alt=\"\" class=\"lazyload\" style=\"--aspect-ratio-image: 2.22; \"\/><\/p>\n<p>        M\u00e5per<\/p>\n<p>    <\/a><\/p>\n<p>D<\/p>\n<p>&#8211; Bare litt s\u00e5nn i forhold til at vi vil ha Langmos gule kort slettet, for det er ikke noe som er ved bevist handling. S\u00e5 vi forventer at vi skal f\u00e5 bort det, sier Aalbu til Dagbladet.\u00a0<\/p>\n<p>&#8211; Hvis du f\u00e5r to gule kort, s\u00e5 f\u00e5r du r\u00f8dt, og da mister du en kvoteplass en helg og har f\u00e6rre folk som deltar.<\/p>\n<p> Et r\u00f8dt kort betyr alts\u00e5 at Norge mister \u00e9n plass i verdenscuplaget den aktuelle helga.\u00a0<\/p>\n<p>Sportssjefen mener ogs\u00e5 at nye bilder styrker saken deres.<\/p>\n<p>&#8211; Vi mener at vi b\u00f8r f\u00e5 bort det, og vi har ogs\u00e5 noe bildebevis p\u00e5 at noe lignende har skjedd med andre deltakere i dag. Men vi skal g\u00e5 inn i et m\u00f8te etterp\u00e5, s\u00e5 f\u00e5r vi se hva vi f\u00e5r til.<\/p>\n<p>          <img loading=\"lazy\" decoding=\"async\" src=\"https:\/\/www.europesays.com\/no\/wp-content\/uploads\/2025\/11\/83890487.webp\" width=\"686\" height=\"412\" title=\"LANGT NEDE: Isak Andreas Langmo var ikke h\u00f8y i hatten p\u00e5 sletta etter disken. Foto: Geir Olsen \/ NTB\" alt=\"\" class=\"\" style=\"--aspect-ratio-image: 1.67; \"\/><\/p>\n<p>\n          LANGT NEDE: Isak Andreas Langmo var ikke h\u00f8y i hatten p\u00e5 sletta etter disken. Foto: Geir Olsen \/ NTB\n      <\/p>\n<p>Selv beskriver Langmo situasjonen med ett ord:<\/p>\n<p>&#8211; Det er katastrofisk, verken mer eller mindre, sier han til Dagbladet.<\/p>\n<p>Hva som egentlig skjedde, er han usikker p\u00e5.<\/p>\n<p>. Jeg klarer ikke konkret \u00e5 huske hva som skjedde, annet enn at rett f\u00f8r jeg skulle hoppe s\u00e5 var det l\u00f8st rundt venstrearmen.<\/p>\n<p>Dermed ble det en trist avslutning p\u00e5 helga.<\/p>\n<p>&#8211; Jeg er s\u00f8ndeknust. Jeg er ikke her for at utstyret skal ryke, sier skihopperen.<\/p>\n<p class=\"font-weight-bold m-font-weight-bold\" data-lab-font_weight=\"font-weight-bold\">N\u00e5r noe ryker har du i utgangspunktet ikke kontroll p\u00e5 utstyret.<\/p>\n<p>&#8211; Han merket det der oppe etter at han hadde g\u00e5tt gjennom skrittm\u00e5leren, sier Aalbu til Dagbladet.<\/p>\n<p>&#8211; Du f\u00e5r negative fordeler. En glidel\u00e5s som ryker er det ingen fordel med. Null, sier han.<\/p>\n<p>          <img loading=\"lazy\" decoding=\"async\" src=\"https:\/\/www.europesays.com\/no\/wp-content\/uploads\/2025\/11\/83890496.webp\" width=\"686\" height=\"474\" title=\"T\u00d8FFE MINUTTER: Jan-Erik Aalbu kommer med tr\u00f8stende ord til Isak Andreas Langmo. Foto: Geir Olsen \/ NTB\" alt=\"\" class=\"\" style=\"--aspect-ratio-image: 1.45; \"\/><\/p>\n<p>\n          T\u00d8FFE MINUTTER: Jan-Erik Aalbu kommer med tr\u00f8stende ord til Isak Andreas Langmo. Foto: Geir Olsen \/ NTB\n      <\/p>\n<p> Halvor Egner Granerud landet p\u00e5 124 meter i 1. omgang og kom seg ikke til finalen.\u00a0<\/p>\n<p>Johann Andr\u00e9 Forfang har f\u00e5tt en d\u00e5rlig start p\u00e5 sesongen og maktet ikke \u00e5 kvalifisere seg. Han endte p\u00e5 en skuffende 54. plass.<\/p>\n<p>Jan H\u00f6rl hoppet lengst i kvaliken. Han vant foran Domen Prevc og Ryoyu Kobayashi.<\/p>\n","protected":false},"excerpt":{"rendered":"Ny norsk fiasko da hopper ble disket. Sportssjefen reagerer: &#8211; Dummeste regelen som finnes. Foto: Tore Ulrik Bratland&hellip;\n","protected":false},"author":2,"featured_media":94664,"comment_status":"","ping_status":"","sticky":false,"template":"","format":"standard","meta":{"footnotes":""},"categories":[12],"tags":[10704,20,21,24,25,15,12110,10702,479,22,23,13,30,28,29,14,16,26,27,42,43,44,45],"class_list":{"0":"post-94663","1":"post","2":"type-post","3":"status-publish","4":"format-standard","5":"has-post-thumbnail","7":"category-verden","8":"tag-blake-lively","9":"tag-breaking-news","10":"tag-breakingnews","11":"tag-featured-news","12":"tag-featurednews","13":"tag-headlines","14":"tag-it-ends-with-us","15":"tag-justin-baldoni","16":"tag-kjendis","17":"tag-latest-news","18":"tag-latestnews","19":"tag-news","20":"tag-no","21":"tag-norge","22":"tag-norway","23":"tag-nyheter","24":"tag-overskrifter","25":"tag-top-stories","26":"tag-topstories","27":"tag-verden","28":"tag-world","29":"tag-world-news","30":"tag-worldnews"},"share_on_mastodon":{"url":"https:\/\/pubeurope.com\/@no\/115600160757394094","error":""},"_links":{"self":[{"href":"https:\/\/www.europesays.com\/no\/wp-json\/wp\/v2\/posts\/94663","targetHints":{"allow":["GET"]}}],"collection":[{"href":"https:\/\/www.europesays.com\/no\/wp-json\/wp\/v2\/posts"}],"about":[{"href":"https:\/\/www.europesays.com\/no\/wp-json\/wp\/v2\/types\/post"}],"author":[{"embeddable":true,"href":"https:\/\/www.europesays.com\/no\/wp-json\/wp\/v2\/users\/2"}],"replies":[{"embeddable":true,"href":"https:\/\/www.europesays.com\/no\/wp-json\/wp\/v2\/comments?post=94663"}],"version-history":[{"count":0,"href":"https:\/\/www.europesays.com\/no\/wp-json\/wp\/v2\/posts\/94663\/revisions"}],"wp:featuredmedia":[{"embeddable":true,"href":"https:\/\/www.europesays.com\/no\/wp-json\/wp\/v2\/media\/94664"}],"wp:attachment":[{"href":"https:\/\/www.europesays.com\/no\/wp-json\/wp\/v2\/media?parent=94663"}],"wp:term":[{"taxonomy":"category","embeddable":true,"href":"https:\/\/www.europesays.com\/no\/wp-json\/wp\/v2\/categories?post=94663"},{"taxonomy":"post_tag","embeddable":true,"href":"https:\/\/www.europesays.com\/no\/wp-json\/wp\/v2\/tags?post=94663"}],"curies":[{"name":"wp","href":"https:\/\/api.w.org\/{rel}","templated":true}]}}