{"id":94667,"date":"2025-11-23T17:22:16","date_gmt":"2025-11-23T17:22:16","guid":{"rendered":"https:\/\/www.europesays.com\/no\/94667\/"},"modified":"2025-11-23T17:22:16","modified_gmt":"2025-11-23T17:22:16","slug":"elise-thorsnes-avsluttet-karrieren-med-sitt-attende-cupgull-valerenga-vant-2-0-mot-rosenborg","status":"publish","type":"post","link":"https:\/\/www.europesays.com\/no\/94667\/","title":{"rendered":"Elise Thorsnes avsluttet karrieren med sitt \u00e5ttende cupgull \u2013 V\u00e5lerenga vant 2\u20130 mot Rosenborg"},"content":{"rendered":"\n<p class=\"_paragraph_o9xde_4 _paragraph_xtcu6_10 layout-component text-serif-m layout-normal text-serif-m layout-padded\">Etter litt feiring av cupgullet delte hun gladnyheten:<\/p>\n<p class=\"_paragraph_o9xde_4 _paragraph_xtcu6_10 layout-component text-serif-m layout-normal text-serif-m layout-padded\">\u2013 N\u00e5 er jeg gravid, s\u00e5 da blir nok ikke (mer spill) med det f\u00f8rste. Men du skal ikke se bort fra et comeback, sier Thorsnes. <\/p>\n<p class=\"_paragraph_o9xde_4 _paragraph_xtcu6_10 layout-component text-serif-m layout-normal text-serif-m layout-padded\">Hun var bare s\u00e5 vidt innom banen \u2013 men like fullt fikk V\u00e5lerenga-spilleren den avslutningen hun kunne h\u00e5pe p\u00e5: V\u00e5lerenga vant 2\u20130 mot Rosenborg og forsvarte cupgullet.<\/p>\n<p class=\"_paragraph_o9xde_4 _paragraph_xtcu6_10 layout-component text-serif-m layout-normal text-serif-m layout-padded\">\u2013 Det betyr alt. Jeg har dr\u00f8mt om en s\u00e5nn opplevelse med klanen. Det er helt fantatastisk og r\u00f8rende, sier Thorsnes til NRK.<\/p>\n<p class=\"_paragraph_o9xde_4 _paragraph_xtcu6_10 layout-component text-serif-m layout-normal text-serif-m layout-padded\">Kj\u00e6resten Janni Thomsen, som til daglig spiller i Utah Royals, var tilstede p\u00e5 Ullev\u00e5l.<\/p>\n<p class=\"_paragraph_o9xde_4 _paragraph_xtcu6_10 layout-component text-serif-m layout-normal text-serif-m layout-padded\">Tidligere denne uken annonserte Thorsnes at hun skulle legge opp etter s\u00f8ndagens cupfinale.<\/p>\n<p class=\"_paragraph_o9xde_4 _paragraph_xtcu6_10 layout-component text-serif-m layout-normal text-serif-m layout-padded\">\u2013 \u00c5 f\u00e5 lov til \u00e5 avslutta med ein velfungerande kropp, ingen varige mein og p\u00e5 mine eigne premisser er eg s\u00e5 takknemlig for. Eg kunne spelt i tre \u00e5r til. Kroppen vil, hove vil, men hjertet mitt er klar for noko nytt, skrev Thorsnes (37) p\u00e5 <a href=\"https:\/\/www.instagram.com\/p\/DRSVOZvDNt1\/?utm_source=ig_web_copy_link&amp;igsh=MzRlODBiNWFlZA==\" class=\"_link_o9xde_39\" rel=\"nofollow noopener\" target=\"_blank\">Instagram.<\/a><\/p>\n<ul class=\"_gallery_1qa3s_23\" tabindex=\"0\">\n<li class=\"_item_1qa3s_37\" data-index=\"0\"><img decoding=\"async\" class=\"_image_foru8_23 _articleGallery_foru8_39\" data-fullscreen- width=\"2613\" height=\"1743\" itemprop=\"image\" loading=\"lazy\"  src=\"https:\/\/www.europesays.com\/no\/wp-content\/uploads\/2025\/11\/dad1eb50-3fc5-4184-aca1-22ed83884656\"  style=\"object-position:50% 50%;aspect-ratio:var(--gallery-aspect-ratio, 16 \/ 9)\"\/>Thorsnes ble hyllet av fotballpresident og tidligere landslagsvenninne Lise Klaveness f\u00f8r kampstart. Foto: Thomas Fure \/ NTB<\/li>\n<li class=\"_item_1qa3s_37\" data-index=\"1\"><img decoding=\"async\" class=\"_image_foru8_23 _articleGallery_foru8_39\" data-fullscreen- width=\"5352\" height=\"3568\" itemprop=\"image\" loading=\"lazy\"  src=\"https:\/\/www.europesays.com\/no\/wp-content\/uploads\/2025\/11\/3b00251e-3db8-491b-be68-4a1dacbf87b2\"  style=\"object-position:50% 50%;aspect-ratio:var(--gallery-aspect-ratio, 16 \/ 9)\"\/>Kultur- og likestillingsminister Lubna Jaffery og kronprins Haakon p\u00e5 tribunen. Foto: Thomas Fure \/ NTB<\/li>\n<\/ul>\n<p>Thorsnes ble hyllet av fotballpresident og tidligere landslagsvenninne Lise Klaveness f\u00f8r kampstart. Foto: Thomas Fure \/ NTB<\/p>\n<p class=\"_paragraph_o9xde_4 _paragraph_xtcu6_10 layout-component text-serif-m layout-normal text-serif-m layout-padded\"><strong class=\"_strong_o9xde_25\">Med 255 m\u00e5l i serie- og cupspill er 37-\u00e5ringen fra Leikanger den mestscorende spilleren i norsk kvinnefotball noensinne.<\/strong><\/p>\n<p class=\"_paragraph_o9xde_4 _paragraph_xtcu6_10 layout-component text-serif-m layout-normal text-serif-m layout-padded\">N\u00e5 legger hun opp \u2013 med en merittliste f\u00e5 kan m\u00e5le seg med:<\/p>\n<ul class=\"_list_o9xde_3 _list_xtcu6_9 _unordered_o9xde_106 layout-component text-serif-m layout-normal text-serif-m layout-padded\">\n<li class=\"_item_o9xde_30\">Tidenes toppscorer p\u00e5 \u00f8verste niv\u00e5 i norsk fotball<\/li>\n<li class=\"_item_o9xde_30\">Seks seriemesterskap og \u00e5tte cuptitler<\/li>\n<li class=\"_item_o9xde_30\">M\u00e5l i hele 19 ulike Toppserie-sesonger \u2013 mer enn noen andre<\/li>\n<\/ul>\n<p class=\"_paragraph_o9xde_4 _paragraph_xtcu6_10 layout-component text-serif-m layout-normal text-serif-m layout-padded\">Pappa Tore Thorsnes forteller til NRK at han lenge har gruet seg til denne dagen. <\/p>\n<p class=\"_paragraph_o9xde_4 _paragraph_xtcu6_10 layout-component text-serif-m layout-normal text-serif-m layout-padded\">\u2013 Det har v\u00e6rt en stor del av livet mitt, jeg har reist sammen med henne i 20 \u00e5r til alle verdensdeler og opplevd fantastisk mange fine stunder p\u00e5 og utenfor banen, sier han. <\/p>\n<p>Elise Thorsnes\u2019 karriereTidlige klubber:<\/p>\n<ul class=\"_list_o9xde_3 _list_xtcu6_9 _list_16v91_9 _unordered_o9xde_106 layout-component text-serif-m layout-normal text-sans-m layout-padded\" itemprop=\"text\">\n<li class=\"_item_o9xde_30\">2004\u20132006: Kaupanger<\/li>\n<li class=\"_item_o9xde_30\">2006\u20132008: Arna-Bj\u00f8rnar<\/li>\n<li class=\"_item_o9xde_30\">2009\u20132012: R\u00f8a<\/li>\n<li class=\"_item_o9xde_30\">2013\u20132014: Stab\u00e6k<\/li>\n<li class=\"_item_o9xde_30\">2015\u20132017: Avaldsnes<\/li>\n<li class=\"_item_o9xde_30\">2017\u20132018: Canberra United (Australia)<\/li>\n<li class=\"_item_o9xde_30\">2018: Utah Royals (USA), <\/li>\n<li class=\"_item_o9xde_30\">2019: LSK Kvinner<\/li>\n<li class=\"_item_o9xde_30\">2019\u20132020: Canberra United (Australia) p\u00e5 utl\u00e5n<\/li>\n<li class=\"_item_o9xde_30\">2020: Avaldsnes<\/li>\n<li class=\"_item_o9xde_30\">2021\u20132025: V\u00e5lerenga<\/li>\n<\/ul>\n<p>Meritter, klubb:<\/p>\n<ul class=\"_list_o9xde_3 _list_xtcu6_9 _list_16v91_9 _unordered_o9xde_106 layout-component text-serif-m layout-normal text-sans-m layout-padded\" itemprop=\"text\">\n<li class=\"_item_o9xde_30\">R\u00f8a: To seriegull og to cupgull<\/li>\n<li class=\"_item_o9xde_30\">Stab\u00e6k: Ett seriegull og ett cupgull <\/li>\n<li class=\"_item_o9xde_30\">LSK Kvinner: Ett seriegull og ett cupgull <\/li>\n<li class=\"_item_o9xde_30\">Avaldsnes: Ett cupgull <\/li>\n<li class=\"_item_o9xde_30\">V\u00e5lerenga: To seriegull og tre cupgull <\/li>\n<\/ul>\n<p class=\"_paragraph_o9xde_4 _paragraph_xtcu6_10 _paragraph_16v91_10 layout-component text-serif-m layout-normal text-sans-m layout-padded\" itemprop=\"text\">Totalt har hun seks seriegull og \u00e5tte cupgull.<\/p>\n<p>Meritter, landslaget: <\/p>\n<ul class=\"_list_o9xde_3 _list_xtcu6_9 _list_16v91_9 _unordered_o9xde_106 layout-component text-serif-m layout-normal text-sans-m layout-padded\" itemprop=\"text\">\n<li class=\"_item_o9xde_30\">EM-bronse 2009<\/li>\n<li class=\"_item_o9xde_30\">EM-s\u00f8lv 2013<\/li>\n<li class=\"_item_o9xde_30\">Var med i syv sluttspill, spilte 130 kamper og scoret 21 m\u00e5l<\/li>\n<\/ul>\n<p>Individuelle meritter:<\/p>\n<ul class=\"_list_o9xde_3 _list_xtcu6_9 _list_16v91_9 _unordered_o9xde_106 layout-component text-serif-m layout-normal text-sans-m layout-padded\" itemprop=\"text\">\n<li class=\"_item_o9xde_30\">Er den mestscorende spilleren p\u00e5 toppniv\u00e5 i norsk fotball<\/li>\n<li class=\"_item_o9xde_30\">Har scoret i 19 ulike sesonger i Toppserien \u2013 det er ogs\u00e5 rekord <\/li>\n<li class=\"_item_o9xde_30\">Toppscorer i Toppserien fire ganger: 2006, 2011, 2013 og 2022<\/li>\n<\/ul>\n<p class=\"_paragraph_o9xde_4 _paragraph_xtcu6_10 layout-component text-serif-m layout-normal text-serif-m layout-padded\">Thorsnes har gjennom karrieren spilt for \u00e5tte toppklubber i b\u00e5de inn- og utland, inkludert opphold i Australia og USA.<\/p>\n<p class=\"_paragraph_o9xde_4 _paragraph_xtcu6_10 layout-component text-serif-m layout-normal text-serif-m layout-padded\">P\u00e5 landslaget debuterte hun som 17-\u00e5ring og endte med \u00e5 spille 130 landskamper og score 21 m\u00e5l for Norge. Hun har representert landet i ett OL, tre EM og tre VM.<\/p>\n<p class=\"_paragraph_o9xde_4 _paragraph_xtcu6_10 layout-component text-serif-m layout-normal text-serif-m layout-padded\">Selv om V\u00e5lerenga har to Champions League-kamper igjen denne h\u00f8sten, har Thorsnes bestemt seg for \u00e5 sette punktum n\u00e5.<\/p>\n<p class=\"_paragraph_o9xde_4 _paragraph_xtcu6_10 layout-component text-serif-m layout-normal text-serif-m layout-padded\">\u2013 Eg har alltid dr\u00f8mt om \u00e5 f\u00e5 avslutta karrieren med ein cupfinale p\u00e5 Ullevaal, derfor blir da slik, forklarte hun i Instagram-innlegget. <\/p>\n<p class=\"_paragraph_o9xde_4 _paragraph_xtcu6_10 layout-component text-serif-m layout-normal text-serif-m layout-padded\">Med et superinnhopp var det Thorsnes som sikret at det ble cupfinale for V\u00e5lerenga denne sesongen:<\/p>\n<p class=\"_paragraph_o9xde_4 _paragraph_xtcu6_10 layout-component text-serif-m layout-normal text-serif-m layout-padded\">S\u00f8ndagens finale ble det tredje cupoppgj\u00f8ret p\u00e5 rad mellom V\u00e5lerenga og Rosenborg.<\/p>\n<ul class=\"_list_o9xde_3 _list_xtcu6_9 _unordered_o9xde_106 layout-component text-serif-m layout-normal text-serif-m layout-padded\">\n<li class=\"_item_o9xde_30\">I 2023 vant RBK 1\u20130. <\/li>\n<li class=\"_item_o9xde_30\">I 2024 fikk VIF revansje med samme sifre. <\/li>\n<li class=\"_item_o9xde_30\">I 2025 forsvarte VIF tittelen med 2\u20130-seier. <\/li>\n<\/ul>\n<p class=\"_paragraph_o9xde_4 _paragraph_xtcu6_10 layout-component text-serif-m layout-normal text-serif-m layout-padded\">I pjuskete novemberregn og et par r\u00f8de grader p\u00e5 gradestokken, var det Karina S\u00e6vik og Linn Vickius som satte tonen for V\u00e5lerenga. Etter et flott angrep var det sistnevnte som kunne bredside inn kampens f\u00f8rste. <\/p>\n<p class=\"_paragraph_o9xde_4 _paragraph_xtcu6_10 layout-component text-serif-m layout-normal text-serif-m layout-padded\">Olaug Tvedten doblet ledelsen og kunne feire med \u00e5 skli p\u00e5 kn\u00e6rne ned mot cornerflagget. I bakgrunnen hadde samtidig Rosenborg-spillerne oppvaskm\u00f8te i en sirkel ved krittmerket.<\/p>\n<p class=\"_paragraph_o9xde_4 _paragraph_xtcu6_10 layout-component text-serif-m layout-normal text-serif-m layout-padded\">\u2013 Dette er magi, kommenterte NRK-ekspert Carl-Erik Torp om scoringen. <\/p>\n<p class=\"_paragraph_o9xde_4 _paragraph_xtcu6_10 layout-component text-serif-m layout-normal text-serif-m layout-padded\">Det ble kampens to eneste m\u00e5l. <\/p>\n<ul class=\"_gallery_1qa3s_23\" tabindex=\"0\">\n<li class=\"_item_1qa3s_37\" data-index=\"0\"><img decoding=\"async\" class=\"_image_foru8_23 _articleGallery_foru8_39\" data-fullscreen- width=\"5562\" height=\"3708\" itemprop=\"image\" loading=\"lazy\"  src=\"https:\/\/www.europesays.com\/no\/wp-content\/uploads\/2025\/11\/2e535a07-ad99-415f-bec7-2b0f27ae30f9\"  style=\"object-position:50% 50%;aspect-ratio:var(--gallery-aspect-ratio, 16 \/ 9)\"\/>Foto: MARIUS SIMENSEN \/ Bildbyr\u00e5n<\/li>\n<li class=\"_item_1qa3s_37\" data-index=\"1\"><img decoding=\"async\" class=\"_image_foru8_23 _articleGallery_foru8_39\" data-fullscreen- width=\"5976\" height=\"3984\" itemprop=\"image\" loading=\"lazy\"  src=\"https:\/\/www.europesays.com\/no\/wp-content\/uploads\/2025\/11\/5cc2e2dc-e03b-4390-bc16-1ecf6aaba9d6\"  style=\"object-position:50% 50%;aspect-ratio:var(--gallery-aspect-ratio, 16 \/ 9)\"\/>Foto: MARIUS SIMENSEN \/ Bildbyr\u00e5n<\/li>\n<li class=\"_item_1qa3s_37\" data-index=\"2\"><img decoding=\"async\" class=\"_image_foru8_23 _articleGallery_foru8_39\" data-fullscreen- width=\"6000\" height=\"4000\" itemprop=\"image\" loading=\"lazy\"  src=\"https:\/\/www.europesays.com\/no\/wp-content\/uploads\/2025\/11\/27413b67-f41d-40ae-ad39-e11e8dee9ac3\"  style=\"object-position:50% 50%;aspect-ratio:var(--gallery-aspect-ratio, 16 \/ 9)\"\/>Foto: MARIUS SIMENSEN \/ Bildbyr\u00e5n<\/li>\n<li class=\"_item_1qa3s_37\" data-index=\"3\"><img decoding=\"async\" class=\"_image_foru8_23 _articleGallery_foru8_39\" data-fullscreen- width=\"6000\" height=\"4000\" itemprop=\"image\" loading=\"lazy\"  src=\"https:\/\/www.europesays.com\/no\/wp-content\/uploads\/2025\/11\/e5025ff7-13b3-44aa-9b95-3646075ea077\"  style=\"object-position:50% 50%;aspect-ratio:var(--gallery-aspect-ratio, 16 \/ 9)\"\/>Foto: Thomas Fure \/ NTB<\/li>\n<\/ul>\n<p>Foto: MARIUS SIMENSEN \/ Bildbyr\u00e5n<\/p>\n<p class=\"_paragraph_o9xde_4 _paragraph_xtcu6_10 layout-component text-serif-m layout-normal text-serif-m layout-padded\"><a href=\"https:\/\/www.vg.no\/tag\/elise-thorsnes?utm_source=vg-article&amp;utm_medium=auto-tagger&amp;utm_campaign=j09Kxe\" class=\"_link_o9xde_39\" rel=\"nofollow noopener\" target=\"_blank\">Elise Thorsnes<\/a> debuterte allerede som 17-\u00e5ring i Toppserien, da hun i 2006 tok steget opp for Arna-Bj\u00f8rnar. <\/p>\n<p class=\"_paragraph_o9xde_4 _paragraph_xtcu6_10 layout-component text-serif-m layout-normal text-serif-m layout-padded\">Allerede i sin f\u00f8rste sesong ble hun toppscorer i ligaen og k\u00e5ret til \u00e5rets unge spiller.<\/p>\n<p class=\"_paragraph_o9xde_4 _paragraph_xtcu6_10 layout-component text-serif-m layout-normal text-serif-m layout-padded\">\u2013 Det var jo helt r\u00e5tt talent, sier Maren Mjelde til VG.<\/p>\n<p class=\"_paragraph_o9xde_4 _paragraph_xtcu6_10 layout-component text-serif-m layout-normal text-serif-m layout-padded\">Mjelde var selv bare 16 \u00e5r den gangen og lagvenninne med Thorsnes i Arna-Bj\u00f8rnar.<\/p>\n<p class=\"_paragraph_o9xde_4 _paragraph_xtcu6_10 layout-component text-serif-m layout-normal text-serif-m layout-padded\">\u2013 Jeg s\u00e5 jo allerede da at det var en spiller som kom til \u00e5 prege norsk fotball i &#8230; alts\u00e5, s\u00e5 lenge hun ville. Det var liksom ikke noen grunner til at Elise ikke skulle bli god. Hun hadde hodet p\u00e5 rett plass og talent til tusen, supplerer Mjelde. <\/p>\n<p><img alt=\"\u2013 Noe av det fineste og beste jeg har fra fotballen er det jeg har sammen med Elise, sier Maren Mjelde \u2013 som har delt mange stunder med Thorsnes b\u00e5de p\u00e5 klubb- og landslag.   Foto: Privat.\" class=\"_image_qp4xg_65 layout-component layout-normal\" data-fullscreen- data-track-element-type=\"Article image fullscreen\" data-track-name=\"ImageFullscreen\" decoding=\"async\" loading=\"lazy\" height=\"403\" itemprop=\"image\"  src=\"https:\/\/www.europesays.com\/no\/wp-content\/uploads\/2025\/11\/96f5abee-c2e0-436f-95cd-9eb1135ed4e1\"  style=\"object-position:0% 0%\" width=\"604\"\/>\u2013 Noe av det fineste og beste jeg har fra fotballen er det jeg har sammen med Elise, sier Maren Mjelde \u2013 som har delt mange stunder med Thorsnes b\u00e5de p\u00e5 klubb- og landslag.   Foto: Privat.<\/p>\n<p class=\"_paragraph_o9xde_4 _paragraph_xtcu6_10 layout-component text-serif-m layout-normal text-serif-m layout-padded\">Ogs\u00e5 R\u00f8a-legenden Geir Nordby, som trente Thorsnes fra 2009 til 2012, skj\u00f8nte tidlig at hun var noe helt spesielt.<\/p>\n<p class=\"_paragraph_o9xde_4 _paragraph_xtcu6_10 layout-component text-serif-m layout-normal text-serif-m layout-padded\">\u2013 Et st\u00f8rre multitalent, en personlighet, et menneske med et st\u00f8rre hjerte og vinnervilje \u2013 det skal du lete lenge etter. Hun er jo ingrediensen av alt som skal til for \u00e5 lykkes, sier han til VG.<\/p>\n<p class=\"_paragraph_o9xde_4 _paragraph_xtcu6_10 layout-component text-serif-m layout-normal text-serif-m layout-padded\">Nordby mener Thorsnes har satt standarden \u2013 b\u00e5de p\u00e5 og utenfor banen.<\/p>\n<p class=\"_paragraph_o9xde_4 _paragraph_xtcu6_10 layout-component text-serif-m layout-normal text-serif-m layout-padded\">\u2013 Hun har v\u00e6rt et forbilde og satt referanser som andre kan se p\u00e5, l\u00e6re av og strekke seg etter.<\/p>\n<p class=\"_paragraph_o9xde_4 _paragraph_xtcu6_10 layout-component text-serif-m layout-normal text-serif-m layout-padded\">Nordby mener at Thorsnes har \u00abvist at man kan v\u00e6re best uten \u00e5 v\u00e6re egoist\u00bb. <\/p>\n<p class=\"_paragraph_o9xde_4 _paragraph_xtcu6_10 layout-component text-serif-m layout-normal text-serif-m layout-padded\">\u2013 Med sine individuelle kvaliteter har hun vist at det g\u00e5r an \u00e5 v\u00e6re best uten \u00e5 v\u00e6re egoist. Hun har alle de verdiene som skal til, og det tror jeg veldig mange har sett, analysert og blitt p\u00e5virket av i norsk fotball. <\/p>\n<p><img alt=\"R\u00f8a-gjengen feirer cupfinaletriumfen etter 7\u20130 mot Trondheims \u00d8rn i 2010. Thorsnes i midten av bildet, Nordby til h\u00f8yre i gullblazer.   Foto: Marius Knutsen \/ VG\" class=\"_image_qp4xg_65 layout-component layout-normal\" data-fullscreen- data-track-element-type=\"Article image fullscreen\" data-track-name=\"ImageFullscreen\" decoding=\"async\" loading=\"lazy\" height=\"3744\" itemprop=\"image\"  src=\"https:\/\/www.europesays.com\/no\/wp-content\/uploads\/2025\/11\/f4d9c1ca-f8e2-4275-b17e-6cc655f53658\"  style=\"object-position:0% 0%\" width=\"5616\"\/>R\u00f8a-gjengen feirer cupfinaletriumfen etter 7\u20130 mot Trondheims \u00d8rn i 2010. Thorsnes i midten av bildet, Nordby til h\u00f8yre i gullblazer.   Foto: Marius Knutsen \/ VG<\/p>\n<p class=\"_paragraph_o9xde_4 _paragraph_xtcu6_10 layout-component text-serif-m layout-normal text-serif-m layout-padded\">Om m\u00e5lene \u2013 de 255 hun st\u00e5r igjen med \u2013 er Nordby klar i talen.<\/p>\n<p class=\"_paragraph_o9xde_4 _paragraph_xtcu6_10 layout-component text-serif-m layout-normal text-serif-m layout-padded\">\u2013 Det er bare helt utrolige tall. Men det henger sammen med hennes m\u00e5te \u00e5 ut\u00f8ve idretten og fotballen p\u00e5 \u2013 det er som h\u00e5nd i hanske. Det er ikke overraskende. Hun er en legende, og p\u00e5 sin m\u00e5te er hun helt unik i norsk idrettssammenheng, synes jeg.<\/p>\n<p class=\"_paragraph_o9xde_4 _paragraph_xtcu6_10 layout-component text-serif-m layout-normal text-serif-m layout-padded\">Bjarne Berntsen var mannen som ga henne sjansen p\u00e5 landslaget i 2006.<\/p>\n<p class=\"_paragraph_o9xde_4 _paragraph_xtcu6_10 layout-component text-serif-m layout-normal text-serif-m layout-padded\">\u2013 Med en s\u00e5 lang karriere sier det seg selv hvor viktig hun har v\u00e6rt. Hun har ogs\u00e5 hatt opphold i utlandet som viste at hun holdt niv\u00e5et. Hun har v\u00e6rt en veldig viktig spiller med kontinuitet, oppsummerer han til VG. <\/p>\n<p class=\"_paragraph_o9xde_4 _paragraph_xtcu6_10 layout-component text-serif-m layout-normal text-serif-m layout-padded\">Maren Mjelde tror scoringsrekorden kan bli st\u00e5ende for alltid. Geir Nordby er ikke uenig. <\/p>\n<p class=\"_paragraph_o9xde_4 _paragraph_xtcu6_10 layout-component text-serif-m layout-normal text-serif-m layout-padded\">\u2013 Det er unike tall, men det er prestert av en unik person som ikke vokser p\u00e5 tr\u00e6r. Jeg tror man m\u00e5 vente veldig lenge \u2013 om det i det hele tatt skjer \u2013 f\u00f8r vi f\u00e5r se slike tall igjen, sier han.<\/p>\n<p>    <script async src=\"\/\/www.instagram.com\/embed.js\"><\/script><\/p>\n","protected":false},"excerpt":{"rendered":"Etter litt feiring av cupgullet delte hun gladnyheten: \u2013 N\u00e5 er jeg gravid, s\u00e5 da blir nok ikke&hellip;\n","protected":false},"author":2,"featured_media":94668,"comment_status":"","ping_status":"","sticky":false,"template":"","format":"standard","meta":{"footnotes":""},"categories":[59],"tags":[12269,1599,1395,6196,11017,1139,7407,30,28,29,898,83,82,897],"class_list":{"0":"post-94667","1":"post","2":"type-post","3":"status-publish","4":"format-standard","5":"has-post-thumbnail","7":"category-sport","8":"tag-bjarne-berntsen","9":"tag-cupen","10":"tag-cupfinale","11":"tag-elise-thorsnes","12":"tag-geir-nordby","13":"tag-maren-mjelde","14":"tag-nm-cup-kvinner","15":"tag-no","16":"tag-norge","17":"tag-norway","18":"tag-rosenborg-kvinner","19":"tag-sport","20":"tag-sports","21":"tag-valerenga-kvinner"},"share_on_mastodon":{"url":"https:\/\/pubeurope.com\/@no\/115600172469825298","error":""},"_links":{"self":[{"href":"https:\/\/www.europesays.com\/no\/wp-json\/wp\/v2\/posts\/94667","targetHints":{"allow":["GET"]}}],"collection":[{"href":"https:\/\/www.europesays.com\/no\/wp-json\/wp\/v2\/posts"}],"about":[{"href":"https:\/\/www.europesays.com\/no\/wp-json\/wp\/v2\/types\/post"}],"author":[{"embeddable":true,"href":"https:\/\/www.europesays.com\/no\/wp-json\/wp\/v2\/users\/2"}],"replies":[{"embeddable":true,"href":"https:\/\/www.europesays.com\/no\/wp-json\/wp\/v2\/comments?post=94667"}],"version-history":[{"count":0,"href":"https:\/\/www.europesays.com\/no\/wp-json\/wp\/v2\/posts\/94667\/revisions"}],"wp:featuredmedia":[{"embeddable":true,"href":"https:\/\/www.europesays.com\/no\/wp-json\/wp\/v2\/media\/94668"}],"wp:attachment":[{"href":"https:\/\/www.europesays.com\/no\/wp-json\/wp\/v2\/media?parent=94667"}],"wp:term":[{"taxonomy":"category","embeddable":true,"href":"https:\/\/www.europesays.com\/no\/wp-json\/wp\/v2\/categories?post=94667"},{"taxonomy":"post_tag","embeddable":true,"href":"https:\/\/www.europesays.com\/no\/wp-json\/wp\/v2\/tags?post=94667"}],"curies":[{"name":"wp","href":"https:\/\/api.w.org\/{rel}","templated":true}]}}