{"id":94689,"date":"2025-11-23T17:49:31","date_gmt":"2025-11-23T17:49:31","guid":{"rendered":"https:\/\/www.europesays.com\/no\/94689\/"},"modified":"2025-11-23T17:49:31","modified_gmt":"2025-11-23T17:49:31","slug":"varsogbygdas-hemmelighet-hans-hyldbakk-og-overgrepsryktene-i-surnadal","status":"publish","type":"post","link":"https:\/\/www.europesays.com\/no\/94689\/","title":{"rendered":"V\u00e5rs\u00f8gbygdas hemmelighet \u2014 Hans Hyldbakk og overgrepsryktene i Surnadal"},"content":{"rendered":"\n<ul class=\"_list_o9xde_3 _list_64s2r_85 _unordered_o9xde_106 text-sans-m\">\n<li class=\"_item_o9xde_30\">Flere i Surnadal hevder at den avd\u00f8de kulturpersonligheten Hans Hyldbakk utsatte dem for overgrep som barn.<\/li>\n<li class=\"_item_o9xde_30\">Ordf\u00f8rer Hugo Pedersen gikk ut med en kunngj\u00f8ring og opprettet hjelpetelefon. Det utl\u00f8ste politisk storm.<\/li>\n<li class=\"_item_o9xde_30\">Bygda diskuterer hvordan alt fra bysten av Hyldbakk foran kommunehuset til hjemmet hans, priser og kulturarven skal forvaltes. <\/li>\n<li class=\"_item_o9xde_30\">Ryktene har g\u00e5tt i generasjoner. Politiet har i nyere tid ikke f\u00e5tt anmeldelser.<\/li>\n<\/ul>\n<p>Vis mer <\/p>\n<p class=\"_paragraph_o9xde_4 _paragraph_xtcu6_10 layout-component text-serif-m layout-normal text-serif-m layout-padded\">Detaljene har han fortrengt, men de som har festet seg har han slept gjennom livet. <\/p>\n<p class=\"_paragraph_o9xde_4 _paragraph_xtcu6_10 layout-component text-serif-m layout-normal text-serif-m layout-padded\">Mannen i den r\u00f8de hettegenseren gysergyserEn gr\u00f8ssende reaksjon p\u00e5 i dette tilfellet skrekk og frykt. over minnet.<\/p>\n<p class=\"_paragraph_o9xde_4 _paragraph_xtcu6_10 layout-component text-serif-m layout-normal text-serif-m layout-padded\">Sier han ikke fatter hvordan bygdas voksne kunne sende barna opp til lokalkjendisen p\u00e5 husmannsplassen i h\u00f8yden.<\/p>\n<p><img alt=\"\" class=\"_image_qp4xg_65 layout-component layout-normal\" data-fullscreen- data-track-element-type=\"Article image fullscreen\" data-track-name=\"ImageFullscreen\" decoding=\"async\" loading=\"lazy\" height=\"5596\" itemprop=\"image\"  src=\"https:\/\/www.europesays.com\/no\/wp-content\/uploads\/2025\/11\/c5e5bb99-a73e-4fc0-94e6-77ca4a0ccfc3\"  style=\"object-position:0% 0%\" width=\"3695\"\/><\/p>\n<p class=\"_paragraph_o9xde_4 _paragraph_xtcu6_10 layout-component text-serif-m layout-normal text-serif-m layout-padded\"><strong class=\"_strong_o9xde_25\">I generasjoner har ryktene<\/strong> om \u00abV\u00e5rs\u00f8gV\u00e5rs\u00f8gHans Hyldbakks mest kjente dikt ble skrevet mot slutten av andre verdenskrig. V\u00e5ren i diktet tolkes som en metafor p\u00e5 frigj\u00f8ringen. Diktet er en hyllest til freden.\u00bb-forfatter og lokalhistoriker <a href=\"https:\/\/www.vg.no\/tag\/hans-hyldbakk?utm_source=vg-article&amp;utm_medium=auto-tagger&amp;utm_campaign=xmGJkj\" class=\"_link_o9xde_39\" rel=\"nofollow noopener\" target=\"_blank\">Hans Hyldbakk<\/a> (1898\u20132001) g\u00e5tt i Surnadal. <\/p>\n<p class=\"_paragraph_o9xde_4 _paragraph_xtcu6_10 layout-component text-serif-m layout-normal text-serif-m layout-padded\">Men bygda har lagt lokk over overgrepshistoriene. <\/p>\n<p class=\"_paragraph_o9xde_4 _paragraph_xtcu6_10 layout-component text-serif-m layout-normal text-serif-m layout-padded\">Ingen har s\u00e5 vidt politiet vet unders\u00f8kt om ryktene stemte.<\/p>\n<p class=\"_paragraph_o9xde_4 _paragraph_xtcu6_10 layout-component text-serif-m layout-normal text-serif-m layout-padded\"><strong class=\"_strong_o9xde_25\">Til \u00e9n mann ikke orket taushet lenger. Og flere fulgte.<\/strong><\/p>\n<p class=\"_paragraph_o9xde_4 _paragraph_xtcu6_10 layout-component text-serif-m layout-normal text-serif-m layout-padded\">Deres p\u00e5stander og ordf\u00f8rerens h\u00e5ndtering av saken har kastet Nordm\u00f8re-kommunen inn i en identitetskrise og politisk skandale.<\/p>\n<blockquote class=\"_quote_o9xde_6 _quote_xtcu6_53 layout-component text-serif-m layout-normal text-serif-m layout-padded\"><p>\u2013 Jeg har valgt \u00e5 tro p\u00e5 ofrene.<\/p><\/blockquote>\n<p class=\"_paragraph_o9xde_4 _paragraph_xtcu6_10 layout-component text-serif-m layout-normal text-serif-m layout-padded\">Det sier ordf\u00f8rer Hugo Pedersen til VG. <\/p>\n<p class=\"_paragraph_o9xde_4 _paragraph_xtcu6_10 layout-component text-serif-m layout-normal text-serif-m layout-padded\">Kritikerne mener soloutspillet hans g\u00e5r p\u00e5 rettssikkerheten l\u00f8s. Hans Hyldbakk har aldri blitt anmeldt eller d\u00f8mt.<\/p>\n<p class=\"_paragraph_o9xde_4 _paragraph_xtcu6_10 layout-component text-serif-m layout-normal text-serif-m layout-padded\"><strong class=\"_strong_o9xde_25\">Dette har skjedd:<\/strong><\/p>\n<p><img alt=\"\" class=\"_image_qp4xg_65 layout-component layout-fullwidth\" data-fullscreen- data-track-element-type=\"Article image fullscreen\" data-track-name=\"ImageFullscreen\" decoding=\"async\" loading=\"lazy\" height=\"3915\" itemprop=\"image\"  src=\"https:\/\/www.europesays.com\/no\/wp-content\/uploads\/2025\/11\/76a815b5-2307-41b5-9fa2-25a83b69b248\"  style=\"object-position:0% 0%\" width=\"5929\"\/><\/p>\n<ul class=\"_list_o9xde_3 _list_xtcu6_9 _unordered_o9xde_106 layout-component text-serif-m layout-normal text-serif-m layout-padded\">\n<li class=\"_item_o9xde_30\">Under en pressekonferanse 23. september gikk ordf\u00f8rer Hugo Pedersen ut med en <a href=\"https:\/\/www.surnadal.kommune.no\/_f\/p1\/i24a22b24-2460-4e97-a106-31cbca62eef8\/00_2025-overgrep-ordforar-kunngjering-versjon-av-23092025.pdf\" class=\"_link_o9xde_39\" rel=\"nofollow noopener\" target=\"_blank\">kunngj\u00f8ring<\/a>. Der tok han for seg overgrepsanklagene.<\/li>\n<li class=\"_item_o9xde_30\">I forkant hadde ordf\u00f8reren hatt kontakt med flere personer som hevdet at de i barne- og ungdomstiden ble utsatt for seksuelle overgrep av en avd\u00f8d kulturpersonlighet i bygda. <\/li>\n<li class=\"_item_o9xde_30\">Surnadal kommune opprettet en hjelpetelefon for overgrepsutsatte som f\u00f8lge av varslingene.<\/li>\n<\/ul>\n<p><img decoding=\"async\" alt=\"Bilde av Hugo Pedersen (Sp)\" class=\"_image_ygndg_42\" height=\"53\" itemprop=\"image\" loading=\"lazy\"  src=\"https:\/\/www.europesays.com\/no\/wp-content\/uploads\/2025\/11\/dc8a5268-116e-471b-8678-4b572ca9323e\"  width=\"40\"\/><strong class=\"_name_ygndg_51 title-serif-xs\">Hugo Pedersen (Sp)<\/strong><\/p>\n<p class=\"_paragraph_o9xde_4 text-sans-m _description_ygndg_56\">Ordf\u00f8rer i Surnadal<\/p>\n<p class=\"_paragraph_o9xde_4 _paragraph_xtcu6_10 layout-component text-serif-m layout-normal text-serif-m layout-padded\">Overfor media hevdet ordf\u00f8reren \u2013 som handlet p\u00e5 eget initiativ \u2013 \u00e5 ha st\u00f8tte i formannskapet.<\/p>\n<p class=\"_paragraph_o9xde_4 _paragraph_xtcu6_10 layout-component text-serif-m layout-normal text-serif-m layout-padded\"><strong class=\"_strong_o9xde_25\">Da ble det br\u00e5k.<\/strong><\/p>\n<ul class=\"_list_o9xde_3 _list_xtcu6_9 _unordered_o9xde_106 layout-component text-serif-m layout-normal text-serif-m layout-padded\">\n<li class=\"_item_o9xde_30\">Varaordf\u00f8reren og flere representanter i formannskapet krevde et ekstraordin\u00e6rt (oppvask) m\u00f8te og <a href=\"https:\/\/www.driva.no\/nyheter\/n\/RzvA1O\/hvis-dere-foeler-at-jeg-har-sviktet-dere-eller-gaatt-bak-ryggen-paa-dere-var-det-ikke-min-hensikt\" class=\"_link_o9xde_39\" rel=\"nofollow noopener\" target=\"_blank\">en beklagelse<\/a>.<\/li>\n<li class=\"_item_o9xde_30\">Samtidig gikk de gikk ut mot ordf\u00f8reren i lokalmedia og anklaget ham for rolleblanding.<\/li>\n<\/ul>\n<p class=\"_paragraph_o9xde_4 _paragraph_xtcu6_10 layout-component text-serif-m layout-normal text-serif-m layout-padded\">Lokalavisene <a href=\"https:\/\/www.driva.no\/meninger\/n\/JbkvRX\/derfor-identifiserer-driva-den-omtala-kulturpersonen-kommunen-har-eit-spesielt-ansvar-i-denne-saka\" class=\"_link_o9xde_39\" rel=\"nofollow noopener\" target=\"_blank\">Driva<\/a> og <a href=\"https:\/\/www.tk.no\/hyldbakk-forfatteren-fikk-sjokk-tenker-pa-ofrene\/s\/5-51-1746761\" class=\"_link_o9xde_39\" rel=\"nofollow noopener\" target=\"_blank\">Tidens Krav<\/a> omtalte saken f\u00f8rst.<\/p>\n<p class=\"_paragraph_o9xde_4 _paragraph_xtcu6_10 layout-component text-serif-m layout-normal text-serif-m layout-padded\">Vi kommer tilbake til ordf\u00f8rerens h\u00e5ndtering. Men f\u00f8rst litt kontekst:<\/p>\n<p class=\"_paragraph_o9xde_4 _paragraph_xtcu6_10 layout-component text-serif-m layout-normal text-serif-m layout-padded\"><strong class=\"_strong_o9xde_25\">En hustrig oktoberdag<\/strong> st\u00e5r VGs team under svaiende tr\u00e6r p\u00e5 husmannsplassen Kleiva og stirrer p\u00e5 en trestatue av hovedpersonen selv.<\/p>\n<p class=\"_paragraph_o9xde_4 _paragraph_xtcu6_10 layout-component text-serif-m layout-normal text-serif-m layout-padded\">Han st\u00e5r i lehj\u00f8rnet p\u00e5 en konsertplatting med et evigvarende glis, mens regnet trommer p\u00e5 taket og t\u00e5ke fyller luften.<\/p>\n<p class=\"_paragraph_o9xde_4 _paragraph_xtcu6_10 layout-component text-serif-m layout-normal text-serif-m layout-padded\">Sist folkets avis avla Hyldbakk et bes\u00f8k var i 1998, i anledning hans hundre\u00e5rsdag. <\/p>\n<p class=\"_paragraph_o9xde_4 _paragraph_xtcu6_10 layout-component text-serif-m layout-normal text-serif-m layout-padded\">Da lot han seg fotografere sittende p\u00e5 en benk med biografien om seg selv i nevene. <\/p>\n<p><img alt=\"Hans Hyldbakk fotografert som 100-\u00e5ring i 1998.  Foto: Arnljot Bringedal \/ VG\" class=\"_image_qp4xg_65 layout-component layout-normal\" data-fullscreen- data-track-element-type=\"Article image fullscreen\" data-track-name=\"ImageFullscreen\" decoding=\"async\" loading=\"lazy\" height=\"1154\" itemprop=\"image\"  src=\"https:\/\/www.europesays.com\/no\/wp-content\/uploads\/2025\/11\/2508c3eb-d795-4962-94ea-16e79930c56b\"  style=\"object-position:51.220897217490055% 48.52686308492201%\" width=\"1761\"\/>Hans Hyldbakk fotografert som 100-\u00e5ring i 1998.  Foto: Arnljot Bringedal \/ VG<\/p>\n<p class=\"_paragraph_o9xde_4 _paragraph_xtcu6_10 layout-component text-serif-m layout-normal text-serif-m layout-padded\">Rikskjent ble forfatteren i godt voksen alder.<\/p>\n<p class=\"_paragraph_o9xde_4 _paragraph_xtcu6_10 layout-component text-serif-m layout-normal text-serif-m layout-padded\">F\u00f8rst da surndaling og komponist Henning Sommerro (73) tonesatte \u00ab<a href=\"https:\/\/www.google.com\/search?q=v%C3%A5rs%C3%B8g&amp;rlz=1C5GCEM_enNO1154NO1154&amp;oq=v%C3%A5rs%C3%B8g+&amp;gs_lcrp=EgZjaHJvbWUqBggAEEUYOzIGCAAQRRg7MgYIARBFGDsyBwgCEAAYgAQyBwgDEAAYgAQyBwgEEAAYgAQyBggFEEUYPTIGCAYQRRg8MgYIBxBFGD3SAQgyODI3ajBqN6gCALACAA&amp;sourceid=chrome&amp;ie=UTF-8#fpstate=ive&amp;vld=cid:1496e9bc,vid:xu9t5ii0yJk,st:0\" class=\"_link_o9xde_39\" rel=\"nofollow noopener\" target=\"_blank\">V\u00e5rs\u00f8g<\/a>\u00bb ble Hans Hyldbakks diktning kjent for b\u00e5de skolebarn og folk flest landet over.<\/p>\n<p>Slik ble Hans Hyldbakk kjent<\/p>\n<ul class=\"_list_o9xde_3 _list_xtcu6_9 _list_16v91_9 _unordered_o9xde_106 layout-component text-serif-m layout-normal text-sans-m layout-padded\">\n<li class=\"_item_o9xde_30\">L\u00e5ten \u00abV\u00e5rs\u00f8g\u00bb var kjenningsmelodi for det popul\u00e6re radioprogrammet \u00abNatt\u00f8nsket\u00bb som ble sendt p\u00e5 NRK P1 fra 1984 til 2015.<\/li>\n<li class=\"_item_o9xde_30\">Hyldbakk h\u00f8stet anerkjennelse for \u00e5 skrive rundt 11.000 sider lokalhistorie samlet i bygdeb\u00f8ker for seks kommuner. <\/li>\n<li class=\"_item_o9xde_30\">Han ble hedret med flere \u00e6respriser og fikk Kongens fortjenstmedalje i gull.<\/li>\n<\/ul>\n<p>Vis mer<\/p>\n<p class=\"_paragraph_o9xde_4 _paragraph_xtcu6_10 layout-component text-serif-m layout-normal text-serif-m layout-padded\">I lokalavisen Driva skrev han gjennom 30 \u00e5r spalten \u00abBrev fr\u00e5 Kleiva\u00bb. Han var beundret for sin skarpe penn og fryktet for viljen til \u00e5 bruke den.<\/p>\n<p><img alt=\"\" class=\"_image_qp4xg_65 layout-component layout-normal\" data-fullscreen- data-track-element-type=\"Article image fullscreen\" data-track-name=\"ImageFullscreen\" decoding=\"async\" loading=\"lazy\" height=\"5923\" itemprop=\"image\"  src=\"https:\/\/www.europesays.com\/no\/wp-content\/uploads\/2025\/11\/167a2116-cb05-4750-ae43-a2be5f780339\"  style=\"object-position:0% 0%\" width=\"3911\"\/><\/p>\n<p class=\"_paragraph_o9xde_4 _paragraph_xtcu6_10 layout-component text-serif-m layout-normal text-serif-m layout-padded\"><strong class=\"_strong_o9xde_25\">Femti \u00e5r har g\u00e5tt <\/strong>siden \u00ab\u00d8ystein\u00bb (56) i barndommen fikk beskjed om \u00e5 frakte post og matvarer opp til dikteren.<\/p>\n<p class=\"_paragraph_o9xde_4 _paragraph_xtcu6_10 layout-component text-serif-m layout-normal text-serif-m layout-padded\">Vi kjenner identiteten hans, men har etterkommet \u00f8nsket om \u00e5 anonymisere ham av hensyn til familien.<\/p>\n<p class=\"_paragraph_o9xde_4 _paragraph_xtcu6_10 layout-component text-serif-m layout-normal text-serif-m layout-padded\">\u2013 Hyldbakk ringte ned til bygda for \u00e5 f\u00e5 barna til \u00e5 g\u00e5 \u00e6rend. Vi gikk opp gjennom skogen til Kleiva.<\/p>\n<p><img alt=\"\" class=\"_image_qp4xg_65 layout-component layout-normal\" data-fullscreen- data-track-element-type=\"Article image fullscreen\" data-track-name=\"ImageFullscreen\" decoding=\"async\" loading=\"lazy\" height=\"3872\" itemprop=\"image\"  src=\"https:\/\/www.europesays.com\/no\/wp-content\/uploads\/2025\/11\/1ad48178-855e-40f4-9161-ddd2e4108bf9\"  style=\"object-position:0% 0%\" width=\"5864\"\/><\/p>\n<p class=\"_paragraph_o9xde_4 _paragraph_xtcu6_10 layout-component text-serif-m layout-normal text-serif-m layout-padded\">Hyldbakk skal ha hatt for vane \u00e5 ringe flere familier i bygda.<\/p>\n<p class=\"_paragraph_o9xde_4 _paragraph_xtcu6_10 layout-component text-serif-m layout-normal text-serif-m layout-padded\">Det var derfor barn fra ulike familier som gikk disse turene, bekrefter flere kilder.<\/p>\n<p><img alt=\"\" class=\"_image_qp4xg_65 layout-component layout-normal\" data-fullscreen- data-track-element-type=\"Article image fullscreen\" data-track-name=\"ImageFullscreen\" decoding=\"async\" loading=\"lazy\" height=\"3913\" itemprop=\"image\"  src=\"https:\/\/www.europesays.com\/no\/wp-content\/uploads\/2025\/11\/abd9051b-d7a1-4f82-b6b3-9ef21fc30dc0\"  style=\"object-position:0% 0%\" width=\"5925\"\/><\/p>\n<p class=\"_paragraph_o9xde_4 _paragraph_xtcu6_10 layout-component text-serif-m layout-normal text-serif-m layout-padded\">56-\u00e5ringen startet da han var seks-syv \u00e5r gammel. Allerede ved f\u00f8rste Hyldbakk-bes\u00f8k skal det f\u00f8rste overgrepet ha skjedd, if\u00f8lge \u00ab\u00d8ystein\u00bb.<\/p>\n<p class=\"_paragraph_o9xde_4 _paragraph_xtcu6_10 layout-component text-serif-m layout-normal text-serif-m layout-padded\">Han husker bef\u00f8ling utenp\u00e5 kl\u00e6r og seksuelle overgrep.<\/p>\n<blockquote class=\"_quote_o9xde_6 _quote_xtcu6_53 layout-component text-serif-m layout-normal text-serif-m layout-padded\"><p>\u2013 Det var kvalmt.<\/p><\/blockquote>\n<p class=\"_paragraph_o9xde_4 _paragraph_xtcu6_10 layout-component text-serif-m layout-normal text-serif-m layout-padded\">VG har kun \u00ab\u00d8ysteins\u00bb versjon av det som skal ha skjedd. Siden Hans Hyldbakk er d\u00f8d, har vi ikke kunnet konfrontere ham med p\u00e5standene. Han har ingen etterkommere eller talspersoner.<\/p>\n<p><img alt=\"\" class=\"_image_qp4xg_65 layout-component layout-fullwidth\" data-fullscreen- data-track-element-type=\"Article image fullscreen\" data-track-name=\"ImageFullscreen\" decoding=\"async\" loading=\"lazy\" height=\"3855\" itemprop=\"image\"  src=\"https:\/\/www.europesays.com\/no\/wp-content\/uploads\/2025\/11\/e31231de-72c4-4c95-801d-5afe8282ce7a\"  style=\"object-position:0% 0%\" width=\"5838\"\/><\/p>\n<p class=\"_paragraph_o9xde_4 _paragraph_xtcu6_10 layout-component text-serif-m layout-normal text-serif-m layout-padded\">Husmannsplassen ligger skjermet fra folk i et h\u00f8ytliggende omr\u00e5de med skog og beitemark. Hyldbakk oppholdt seg mest i den r\u00f8dmalte skriverstua med en ytterd\u00f8r malt i r\u00f8dt, hvitt og bl\u00e5tt.<\/p>\n<p class=\"_paragraph_o9xde_4 _paragraph_xtcu6_10 layout-component text-serif-m layout-normal text-serif-m layout-padded\">Der inne hadde han b\u00e5de arbeids- og soverom. Innerst i skriverstua sto dikterens seng. <\/p>\n<p class=\"_paragraph_o9xde_4 _paragraph_xtcu6_10 layout-component text-serif-m layout-normal text-serif-m layout-padded\">\u2013 Han ropte meg til seg under p\u00e5skuddet av at jeg \u00abm\u00e5tte f\u00e5 betalt\u00bb for turen.<\/p>\n<p class=\"_paragraph_o9xde_4 _paragraph_xtcu6_10 layout-component text-serif-m layout-normal text-serif-m layout-padded\">Sosialt kjenner \u00d8ystein mange. <\/p>\n<p class=\"_paragraph_o9xde_4 _paragraph_xtcu6_10 layout-component text-serif-m layout-normal text-serif-m layout-padded\">\u2013 Men hemmeligheten jeg b\u00e6rer p\u00e5 har gjort meg ensom.<\/p>\n<p class=\"_paragraph_o9xde_4 _paragraph_xtcu6_10 layout-component text-serif-m layout-normal text-serif-m layout-padded\"><strong class=\"_strong_o9xde_25\">Overgrepene sluttet ikke<\/strong> f\u00f8r han var 10 \u00e5r gammel, hevder \u00ab\u00d8ystein\u00bb.<\/p>\n<p class=\"_paragraph_o9xde_4 _paragraph_xtcu6_10 layout-component text-serif-m layout-normal text-serif-m layout-padded\">Han ansl\u00e5r at han ble sendt opp til Hyldbakk et tosifret antall ganger totalt i perioden de overgrepene skal ha p\u00e5g\u00e5tt.<\/p>\n<p class=\"_paragraph_o9xde_4 _paragraph_xtcu6_10 layout-component text-serif-m layout-normal text-serif-m layout-padded\">Ofte pr\u00f8vde han \u00e5 uttrykke at han ikke ville g\u00e5 til Kleiva, husker han.<\/p>\n<p class=\"_paragraph_o9xde_4 _paragraph_xtcu6_10 layout-component text-serif-m layout-normal text-serif-m layout-padded\">Men \u00e5 protestere nyttet ikke. Hyldbakk var en gammel mann som \u00abtrengte hjelp\u00bb, var budskapet fra de voksne.<\/p>\n<p class=\"_paragraph_o9xde_4 _paragraph_xtcu6_10 layout-component text-serif-m layout-normal text-serif-m layout-padded\">Opplevelsene p\u00e5 Kleiva gjorde en allerede utrygg gutt ytterligere frynsete.<\/p>\n<p><img alt=\"\" class=\"_image_qp4xg_65 layout-component layout-fullwidth\" data-fullscreen- data-track-element-type=\"Article image fullscreen\" data-track-name=\"ImageFullscreen\" decoding=\"async\" loading=\"lazy\" height=\"3722\" itemprop=\"image\"  src=\"https:\/\/www.europesays.com\/no\/wp-content\/uploads\/2025\/11\/2d3f7977-f7fb-415d-a57a-d7f4e344b2b0\"  style=\"object-position:0% 0%\" width=\"5636\"\/><\/p>\n<p class=\"_paragraph_o9xde_4 _paragraph_xtcu6_10 layout-component text-serif-m layout-normal text-serif-m layout-padded\">\u2013 Jeg ble mer og mer hemmelig og innesluttet. Jeg satt mest bakom stolen til mor.<\/p>\n<p class=\"_paragraph_o9xde_4 _paragraph_xtcu6_10 layout-component text-serif-m layout-normal text-serif-m layout-padded\">Mot slutten av hvert bes\u00f8k oppfattet \u00ab\u00d8ystein\u00bb at Hyldbakk hadde et budskap:<\/p>\n<p class=\"_paragraph_o9xde_4 _paragraph_xtcu6_10 layout-component text-serif-m layout-normal text-serif-m layout-padded\">\u2013 Han lot meg vite at han hadde kontakter og at ingen stolte p\u00e5 unger.<\/p>\n<p class=\"_paragraph_o9xde_4 _paragraph_xtcu6_10 layout-component text-serif-m layout-normal text-serif-m layout-padded\">P\u00e5 vei opp til Kleiva m\u00f8tte han en gang en gutt som kom g\u00e5ende nedover.<\/p>\n<p class=\"_paragraph_o9xde_4 _paragraph_xtcu6_10 layout-component text-serif-m layout-normal text-serif-m layout-padded\">\u2013 Jeg kjente ham og han kjente meg. Likevel m\u00f8tte han ikke blikket mitt, og vi hilste ikke. Da jeg s\u00e5 ham igjen i skoleg\u00e5rden, skjedde det samme. Blikkene v\u00e5re m\u00f8ttes aldri.<\/p>\n<p class=\"_paragraph_o9xde_4 _paragraph_xtcu6_10 layout-component text-serif-m layout-normal text-serif-m layout-padded\">Slik har de fortsatt til dags dato, if\u00f8lge 56-\u00e5ringen.<\/p>\n<p><img alt=\"\" class=\"_image_qp4xg_65 layout-component layout-normal\" data-fullscreen- data-track-element-type=\"Article image fullscreen\" data-track-name=\"ImageFullscreen\" decoding=\"async\" loading=\"lazy\" height=\"5076\" itemprop=\"image\"  src=\"https:\/\/www.europesays.com\/no\/wp-content\/uploads\/2025\/11\/0de92f0d-b35c-4a1a-acf3-207ea8985991\"  style=\"object-position:0% 0%\" width=\"3352\"\/><\/p>\n<p class=\"_paragraph_o9xde_4 _paragraph_xtcu6_10 layout-component text-serif-m layout-normal text-serif-m layout-padded\">\u00ab\u00d8ystein\u00bb blir stille. S\u00e5 skutterskutter\u00c5 gj\u00f8re plutselige ryktninger med skuldrene og overkroppen som reaksjon p\u00e5 noe som vekker ubehag. han seg.<\/p>\n<p class=\"_paragraph_o9xde_4 _paragraph_xtcu6_10 layout-component text-serif-m layout-normal text-serif-m layout-padded\"><strong class=\"_strong_o9xde_25\">\u2013 Gud, n\u00e5 kjenner jeg at jeg f\u00e5r frysninger. Det er veldig spesielt.<\/strong><\/p>\n<p class=\"_paragraph_o9xde_4 _paragraph_xtcu6_10 layout-component text-serif-m layout-normal text-serif-m layout-padded\"><strong class=\"_strong_o9xde_25\">Personen \u00ab\u00d8ystein\u00bb sier han m\u00f8tte<\/strong> har ogs\u00e5 latt seg intervjue anonymt, men VG kjenner identiteten hans. Vedkommende er i dag en mann i 50-\u00e5rene.<\/p>\n<p class=\"_paragraph_o9xde_4 _paragraph_xtcu6_10 layout-component text-serif-m layout-normal text-serif-m layout-padded\">Han hevder at Hyldbakk aldri forgrep seg p\u00e5 ham, men forteller at han selv og to-tre kompiser iblant opps\u00f8kte dikteren for \u00e5 f\u00e5 tomflasker som de kunne pantsette.<\/p>\n<p class=\"_paragraph_o9xde_4 _paragraph_xtcu6_10 layout-component text-serif-m layout-normal text-serif-m layout-padded\">Under bes\u00f8kene skal Hyldbakk ha blottet seg og v\u00e6rt \u00abufin\u00bb, kl\u00f8pet dem i rumpa og vist frem pornoblader f\u00f8r han ba dem ta p\u00e5 seg selv. <\/p>\n<p class=\"_paragraph_o9xde_4 _paragraph_xtcu6_10 layout-component text-serif-m layout-normal text-serif-m layout-padded\"><strong class=\"_strong_o9xde_25\">If\u00f8lge kilden avslo b\u00e5de han og vennene dette.<\/strong><\/p>\n<p><img alt=\"\" class=\"_image_qp4xg_65 layout-component layout-fullwidth\" data-fullscreen- data-track-element-type=\"Article image fullscreen\" data-track-name=\"ImageFullscreen\" decoding=\"async\" loading=\"lazy\" height=\"3916\" itemprop=\"image\"  src=\"https:\/\/www.europesays.com\/no\/wp-content\/uploads\/2025\/11\/9ebb8a83-9a97-40b3-9747-48a272a6dd20\"  style=\"object-position:54.54468802698145% 44.03728294177732%\" width=\"5930\"\/><\/p>\n<p class=\"_paragraph_o9xde_4 _paragraph_xtcu6_10 layout-component text-serif-m layout-normal text-serif-m layout-padded\">Som 10-12-\u00e5ringer skj\u00f8nte de knapt hva Hyldbakk ville, if\u00f8lge VG-kilden, men nok til at de forsto at det \u00abvar unormal oppf\u00f8rsel\u00bb. <\/p>\n<p class=\"_paragraph_o9xde_4 _paragraph_xtcu6_10 layout-component text-serif-m layout-normal text-serif-m layout-padded\">Selv fortalte han aldri noe hjemme.<\/p>\n<blockquote class=\"_quote_o9xde_6 _quote_xtcu6_53 layout-component text-serif-m layout-normal text-serif-m layout-padded\"><p>\u2013 Det var flaut og pinlig. Det var pengene som drev oss tilbake.<\/p><\/blockquote>\n<p class=\"_paragraph_o9xde_4 _paragraph_xtcu6_10 layout-component text-serif-m layout-normal text-serif-m layout-padded\">\u2013 Som voksne flirer vi av det vi opplevde som en r\u00f8verhistorie som er sann. Men jeg ser ikke bort fra at andre gutter kan ha g\u00e5tt med p\u00e5 det han ba om.<\/p>\n<p class=\"_paragraph_o9xde_4 _paragraph_xtcu6_10 layout-component text-serif-m layout-normal text-serif-m layout-padded\"><strong class=\"_strong_o9xde_25\">For to \u00e5r siden<\/strong> ble \u00ab\u00d8ystein\u00bb kontaktet av en kvinne som ville til bunns i ryktene hun hadde h\u00f8rt om hendelser p\u00e5 Kleiva.<\/p>\n<p class=\"_paragraph_o9xde_4 _paragraph_xtcu6_10 layout-component text-serif-m layout-normal text-serif-m layout-padded\">Omtrent samtidig fant han ut at barnebarnet ble satt til \u00e5 skrive og lese dikt av Hyldbakk p\u00e5 skolen.<\/p>\n<p class=\"_paragraph_o9xde_4 _paragraph_xtcu6_10 layout-component text-serif-m layout-normal text-serif-m layout-padded\">Barndomsminnene kom tilbake med full styrke.<\/p>\n<blockquote class=\"_quote_o9xde_6 _quote_xtcu6_53 layout-component text-serif-m layout-normal text-serif-m layout-padded\"><p>\u2013 Jeg f\u00f8lte at jeg kvaltes. Jeg m\u00e5tte gj\u00f8re noe!<\/p><\/blockquote>\n<p class=\"_paragraph_o9xde_4 _paragraph_xtcu6_10 layout-component text-serif-m layout-normal text-serif-m layout-padded\">Da oppslagene kom i lokalavisen i h\u00f8st, fikk han en kraftig fysisk reaksjon.<\/p>\n<p class=\"_paragraph_o9xde_4 _paragraph_xtcu6_10 layout-component text-serif-m layout-normal text-serif-m layout-padded\">\u2013 Jeg ble svimmel og kvalm. Det var nesten s\u00e5 jeg spydde.<\/p>\n<p class=\"_paragraph_o9xde_4 _paragraph_xtcu6_10 layout-component text-serif-m layout-normal text-serif-m layout-padded\">\u00ab\u00d8ystein\u00bb er ikke den eneste. VG har ogs\u00e5 m\u00f8tt en annen mann som hevder at han ble misbrukt av Hyldbakk som barn. Les hans historie lenger nede i denne artikkelen.<\/p>\n<p class=\"_paragraph_o9xde_4 _paragraph_xtcu6_10 layout-component text-serif-m layout-normal text-serif-m layout-padded\"><strong class=\"_strong_o9xde_25\">VG har m\u00f8tt kvinnen <\/strong>som \u00ab\u00d8ystein\u00bb betrodde seg til og lot varsle kommunen. <\/p>\n<p class=\"_paragraph_o9xde_4 _paragraph_xtcu6_10 layout-component text-serif-m layout-normal text-serif-m layout-padded\">Hun serverer kaffe og m\u00f8rk sjokolade, mens hun fremdeles pr\u00f8ver \u00e5 ford\u00f8ye den bitre ettersmaken av hva bygda n\u00e5 st\u00e5r i.<\/p>\n<p class=\"_paragraph_o9xde_4 _paragraph_xtcu6_10 layout-component text-serif-m layout-normal text-serif-m layout-padded\">\u2013 Det er s\u00e5 tydelig at et helt samfunn har visst, men ikke sjekket, sier hun.<\/p>\n<blockquote class=\"_quote_o9xde_6 _quote_xtcu6_53 layout-component text-serif-m layout-normal text-serif-m layout-padded\"><p>\u2013 Sannheten var nok truende.<\/p><\/blockquote>\n<p><img alt=\"\" class=\"_image_qp4xg_65 layout-component layout-normal\" data-fullscreen- data-track-element-type=\"Article image fullscreen\" data-track-name=\"ImageFullscreen\" decoding=\"async\" loading=\"lazy\" height=\"5718\" itemprop=\"image\"  src=\"https:\/\/www.europesays.com\/no\/wp-content\/uploads\/2025\/11\/25b20bc9-b193-4a26-9b32-e0eb18c6df22\"  style=\"object-position:0% 0%\" width=\"3812\"\/><\/p>\n<p class=\"_paragraph_o9xde_4 _paragraph_xtcu6_10 layout-component text-serif-m layout-normal text-serif-m layout-padded\">For et halvt \u00e5rhundre siden kom varsleren som innflytter til Surnadal. Hun \u00f8nsker \u00e5 v\u00e6re anonym av hensyn til familien og for \u00e5 bevare fokus p\u00e5 de som har fortalt sin historie.<\/p>\n<p class=\"_paragraph_o9xde_4 _paragraph_xtcu6_10 layout-component text-serif-m layout-normal text-serif-m layout-padded\"><strong class=\"_strong_o9xde_25\">\u00c5 la ryktene hvile i fred var aldri aktuelt, hevder kvinnen:<\/strong><\/p>\n<p class=\"_paragraph_o9xde_4 _paragraph_xtcu6_10 layout-component text-serif-m layout-normal text-serif-m layout-padded\">\u2013 Jeg ser det som min jobb \u00e5 f\u00e5 stoppe hyllingen av Hyldbakk. Jeg har en sterk rettferdighetssans og kan ikke leve med at ofrene m\u00e5 holde kjeft og gjemme seg.<\/p>\n<p><img alt=\"\" class=\"_image_qp4xg_65 layout-component layout-normal\" data-fullscreen- data-track-element-type=\"Article image fullscreen\" data-track-name=\"ImageFullscreen\" decoding=\"async\" loading=\"lazy\" height=\"3942\" itemprop=\"image\"  src=\"https:\/\/www.europesays.com\/no\/wp-content\/uploads\/2025\/11\/f32bf22d-52e4-4ad0-befa-03a1269b0a3b\"  style=\"object-position:0% 0%\" width=\"5970\"\/><\/p>\n<p class=\"_paragraph_o9xde_4 _paragraph_xtcu6_10 layout-component text-serif-m layout-normal text-serif-m layout-padded\">Bygdefolket \u00abreagerte sunt\u00bb da ordf\u00f8reren gikk offentlig ut, mener hun. <\/p>\n<p class=\"_paragraph_o9xde_4 _paragraph_xtcu6_10 layout-component text-serif-m layout-normal text-serif-m layout-padded\">Derfor har hun inntil videre satt flyttetankene p\u00e5 pause.<\/p>\n<p class=\"_paragraph_o9xde_4 _paragraph_xtcu6_10 layout-component text-serif-m layout-normal text-serif-m layout-padded\"> \u2013 Det er vilje blant folk til \u00e5 rydde opp. N\u00e5v\u00e6rende ordf\u00f8rer skal ha kred for at han ble sjokkert og valgte \u00e5 ta tak.<\/p>\n<p><img alt=\"\" class=\"_image_qp4xg_65 layout-component layout-normal\" data-fullscreen- data-track-element-type=\"Article image fullscreen\" data-track-name=\"ImageFullscreen\" decoding=\"async\" loading=\"lazy\" height=\"5850\" itemprop=\"image\"  src=\"https:\/\/www.europesays.com\/no\/wp-content\/uploads\/2025\/11\/eaa16247-e289-4af5-8769-3092723691d1\"  style=\"object-position:0% 0%\" width=\"3863\"\/><\/p>\n<p class=\"_paragraph_o9xde_4 _paragraph_xtcu6_10 layout-component text-serif-m layout-normal text-serif-m layout-padded\"><strong class=\"_strong_o9xde_25\">Varsleren har reflektert<\/strong> mye over hvorfor ryktene har f\u00e5tt leve gjennom generasjoner \u2013 tilsynelatende uten \u00e5 bli etterg\u00e5tt.<\/p>\n<p class=\"_paragraph_o9xde_4 _paragraph_xtcu6_10 layout-component text-serif-m layout-normal text-serif-m layout-padded\">Hun rister p\u00e5 hodet.<\/p>\n<p class=\"_paragraph_o9xde_4 _paragraph_xtcu6_10 layout-component text-serif-m layout-normal text-serif-m layout-padded\">\u2013 Det er vel noe med at folk har vokst opp med dette. Det har sikkert v\u00e6rt en aksept for det, en holdning om at det \u00abbare er s\u00e5nn Hyldbakk er\u00bb.<\/p>\n<p><img alt=\"\" class=\"_image_qp4xg_65 layout-component layout-normal\" data-fullscreen- data-track-element-type=\"Article image fullscreen\" data-track-name=\"ImageFullscreen\" decoding=\"async\" loading=\"lazy\" height=\"3750\" itemprop=\"image\"  src=\"https:\/\/www.europesays.com\/no\/wp-content\/uploads\/2025\/11\/9b8b60f1-d03f-4323-9e44-7bf04c275e73\"  style=\"object-position:0% 0%\" width=\"5679\"\/><\/p>\n<p class=\"_paragraph_o9xde_4 _paragraph_xtcu6_10 layout-component text-serif-m layout-normal text-serif-m layout-padded\"><strong class=\"_strong_o9xde_25\">I kj\u00f8lvannet av overgrepsvarslene<\/strong> besluttet Laget V\u00e5rs\u00f8gLaget V\u00e5rs\u00f8gOrganisasjonen som hvert \u00e5r arrangerer V\u00e5rs\u00f8ghelga. at arrangementer ikke lenger skal holdes p\u00e5 Kleiva. <\/p>\n<p class=\"_paragraph_o9xde_4 _paragraph_xtcu6_10 layout-component text-serif-m layout-normal text-serif-m layout-padded\">F\u00f8rst gikk styret ut og sa at festivalen V\u00e5rs\u00f8ghelga ville f\u00e5 nytt navn. <\/p>\n<p class=\"_paragraph_o9xde_4 _paragraph_xtcu6_10 layout-component text-serif-m layout-normal text-serif-m layout-padded\">Siden har vinden snudd internt.<\/p>\n<p><img decoding=\"async\" alt=\"Bilde av Ole Magne Ansnes \" class=\"_image_ygndg_42\" height=\"53\" itemprop=\"image\" loading=\"lazy\"  src=\"https:\/\/www.europesays.com\/no\/wp-content\/uploads\/2025\/11\/5f5023c6-8923-435e-9561-d83504c586fe\"  width=\"40\"\/><strong class=\"_name_ygndg_51 title-serif-xs\">Ole Magne Ansnes <\/strong><\/p>\n<p class=\"_paragraph_o9xde_4 text-sans-m _description_ygndg_56\">Styreleder i Laget V\u00e5rs\u00f8g<\/p>\n<p class=\"_paragraph_o9xde_4 _paragraph_xtcu6_10 layout-component text-serif-m layout-normal text-serif-m layout-padded\">\u2013 Alts\u00e5, tida g\u00e5r &#8230; Vi sa i starten at det kanskje var best \u00e5 skifte navn. N\u00e5 har vi g\u00e5tt ut i lokalavisen og bedt om r\u00e5d. Det er fint \u00e5 vite hva folk mener, sier styreleder Ole Magne Ansnes (67) da VG sl\u00e5r p\u00e5 tr\u00e5den.<\/p>\n<p class=\"_paragraph_o9xde_4 _paragraph_xtcu6_10 layout-component text-serif-m layout-normal text-serif-m layout-padded\">\u2013 Personlig er jeg for \u00e5 bruke \u00abV\u00e5rs\u00f8g\u00bb-ordet i alle fall.<\/p>\n<p>Les resten av intervjuet med styreleder i Laget V\u00e5rs\u00f8g<\/p>\n<p class=\"_paragraph_o9xde_4 _paragraph_xtcu6_10 _paragraph_16v91_10 layout-component text-serif-m layout-normal text-sans-m layout-padded\">\u2013 Men dere gikk jo ut og sa at dere skulle skifte navn?<\/p>\n<p class=\"_paragraph_o9xde_4 _paragraph_xtcu6_10 _paragraph_16v91_10 layout-component text-serif-m layout-normal text-sans-m layout-padded\">\u2013 Ja, vi gjorde det. Vi sa det f\u00f8rste uken da alt smalt. Vi f\u00f8lte at det var rett \u00e5 tenke s\u00e5nn da i alle fall s\u00e5nn som stemningen var. N\u00e5 har vi f\u00e5tt ting litt p\u00e5 avstand. \u00abV\u00e5rs\u00f8g\u00bb er et gammelt surnadalsord. Det er ikke direkte knyttet til Hyldbakk.<\/p>\n<p class=\"_paragraph_o9xde_4 _paragraph_xtcu6_10 _paragraph_16v91_10 layout-component text-serif-m layout-normal text-sans-m layout-padded\">\u2013 N\u00e5 heter jo diktet til Hans Hyldbakk \u00abV\u00e5rs\u00f8g\u00bb?<\/p>\n<p class=\"_paragraph_o9xde_4 _paragraph_xtcu6_10 _paragraph_16v91_10 layout-component text-serif-m layout-normal text-sans-m layout-padded\">\u2013 Ja, men det er et ord fra Surnadal. \u00abSuset av v\u00e5r\u00bb. Det er jo fint, da.<\/p>\n<p class=\"_paragraph_o9xde_4 _paragraph_xtcu6_10 _paragraph_16v91_10 layout-component text-serif-m layout-normal text-sans-m layout-padded\">\u2013 Overgrepsanklagene og den politiske skandalen skjedde i slutten av september. N\u00e5 er det november. Har stemningen snudd p\u00e5 under to m\u00e5neder?<\/p>\n<p class=\"_paragraph_o9xde_4 _paragraph_xtcu6_10 _paragraph_16v91_10 layout-component text-serif-m layout-normal text-sans-m layout-padded\">\u2013 Vi skal ha m\u00f8te i slutten av november. S\u00e5 skal vi lande f\u00f8r jul om vi beholder det gamle navnet. Da jeg gikk ut i Driva, var premisset at vi kanskje skal beholde det opprinnelige navnet.<\/p>\n<p class=\"_paragraph_o9xde_4 _paragraph_xtcu6_10 _paragraph_16v91_10 layout-component text-serif-m layout-normal text-sans-m layout-padded\">\u2013 Kommer dere til \u00e5 ha arrangementer p\u00e5 Kleiva?<\/p>\n<p class=\"_paragraph_o9xde_4 _paragraph_xtcu6_10 _paragraph_16v91_10 layout-component text-serif-m layout-normal text-sans-m layout-padded\">\u2013 Nei, det skal vi definitivt ikke. Det er jo til og med folk som har foresl\u00e5tt \u00e5 brenne husene p\u00e5 Kleiva. Det ville v\u00e6re horribelt. Vi skal ikke ha arrangementer p\u00e5 Kleiva n\u00e5 \u2013 s\u00e5 f\u00e5r vi se hva tiden bringer.<\/p>\n<p>Vis mer<\/p>\n<p class=\"_paragraph_o9xde_4 _paragraph_xtcu6_10 layout-component text-serif-m layout-normal text-serif-m layout-padded\">Formannskapet i kommunen har gjennom h\u00f8sten behandlet sp\u00f8rsm\u00e5l knyttet til Kleivaprisen, Kleivafondet og Hyldbakks minne.<\/p>\n<p class=\"_paragraph_o9xde_4 _paragraph_xtcu6_10 layout-component text-serif-m layout-normal text-serif-m layout-padded\">Ingen enkel sak i en bygd som promoterer seg som \u00abV\u00e5rs\u00f8gbygda\u00bb og har et kultur- og n\u00e6ringsliv som har gjort kulturarven etter Hyldbakk til hovedfokus.<\/p>\n<p class=\"_paragraph_o9xde_4 _paragraph_xtcu6_10 layout-component text-serif-m layout-normal text-serif-m layout-padded\">Hans Hyldbakk testamenterte b\u00e5de \u00e5ndsverket og alt han eide materielt til Surnadal kommune. Det setter kommunen i en dobbeltrolle, mener kritikerne.<\/p>\n<p class=\"_paragraph_o9xde_4 _paragraph_xtcu6_10 layout-component text-serif-m layout-normal text-serif-m layout-padded\"><strong class=\"_strong_o9xde_25\">Langt fra alle st\u00f8tter hyllingen av forfatteren. Flere ganger har bysten foran kommunehuset blitt utsatt for h\u00e6rverk.<\/strong><\/p>\n<p><img alt=\"\" class=\"_image_qp4xg_65 layout-component layout-fullwidth\" data-fullscreen- data-track-element-type=\"Article image fullscreen\" data-track-name=\"ImageFullscreen\" decoding=\"async\" loading=\"lazy\" height=\"3942\" itemprop=\"image\"  src=\"https:\/\/www.europesays.com\/no\/wp-content\/uploads\/2025\/11\/6e899d86-19c6-4ae1-a3b5-faf1dfe28844\"  style=\"object-position:0% 0%\" width=\"5970\"\/><\/p>\n<p class=\"_paragraph_o9xde_4 _paragraph_xtcu6_10 layout-component text-serif-m layout-normal text-serif-m layout-padded\"><strong class=\"_strong_o9xde_25\">P\u00e5 kj\u00f8pesenteret Alti Surnadal<\/strong> spiser Rita Flaksnes (50) lunsj med datteren Carita Flaksnes (29) og en felles venn.<\/p>\n<p class=\"_paragraph_o9xde_4 _paragraph_xtcu6_10 layout-component text-serif-m layout-normal text-serif-m layout-padded\">F\u00f8rstnevnte er godt kjent med ryktene om Hans Hyldbakk. Som ten\u00e5ring traff hun KleivakongenKleivakongenHans Hyldbakk var ogs\u00e5 kjent under kallenavnet Kleivakongen. Navnet kommer av husmannsplassen Kleiva er han var bosatt. da hun hadde utplassering p\u00e5 sykehjemmet.<\/p>\n<p class=\"_paragraph_o9xde_4 _paragraph_xtcu6_10 layout-component text-serif-m layout-normal text-serif-m layout-padded\">I likhet med andre sambygdinger VG har snakket med reagerte hun p\u00e5 oppf\u00f8rselen hans.<\/p>\n<p class=\"_paragraph_o9xde_4 _paragraph_xtcu6_10 layout-component text-serif-m layout-normal text-serif-m layout-padded\">\u2013 Jeg m\u00e5 ha v\u00e6rt 16 \u00e5r den gangen.<\/p>\n<p><img alt=\"Carina Flaksnes (29) og moren Rita Flaksnes (50).\" class=\"_image_qp4xg_65 layout-component layout-normal\" data-fullscreen- data-track-element-type=\"Article image fullscreen\" data-track-name=\"ImageFullscreen\" decoding=\"async\" loading=\"lazy\" height=\"3942\" itemprop=\"image\"  src=\"https:\/\/www.europesays.com\/no\/wp-content\/uploads\/2025\/11\/2bc93dec-d8b4-4d11-87e5-9f0ab5c19ad0\"  style=\"object-position:0% 0%\" width=\"5970\"\/>Carina Flaksnes (29) og moren Rita Flaksnes (50).<\/p>\n<p class=\"_paragraph_o9xde_4 _paragraph_xtcu6_10 layout-component text-serif-m layout-normal text-serif-m layout-padded\">Datteren har utenom skoleopplegg derimot h\u00f8rt lite om Hyldbakk.<\/p>\n<p class=\"_paragraph_o9xde_4 _paragraph_xtcu6_10 layout-component text-serif-m layout-normal text-serif-m layout-padded\">\u2013 Jeg fikk sjokk, for jeg har ikke h\u00f8rt noe om overgrepsrykter. Hvordan er det mulig? sp\u00f8r hun moren.<\/p>\n<p class=\"_paragraph_o9xde_4 _paragraph_xtcu6_10 layout-component text-serif-m layout-normal text-serif-m layout-padded\">\u2013 Du var jo knapt f\u00f8dt da han d\u00f8de, og jeg har ikke sett noen grunn til \u00e5 snakke om ham. Det er kanskje s\u00e5nn det som n\u00e5 kommer frem har kunnet p\u00e5g\u00e5. Folk har visst, men ikke pratet, svarer Rita.<\/p>\n<p class=\"_paragraph_o9xde_4 _paragraph_xtcu6_10 layout-component text-serif-m layout-normal text-serif-m layout-padded\"><strong class=\"_strong_o9xde_25\">Ved inngangspartiet<\/strong> selger pensjonistene Inger Marie (79) og Marie (75) lodd til inntekt for Misjonen.<\/p>\n<p class=\"_paragraph_o9xde_4 _paragraph_xtcu6_10 layout-component text-serif-m layout-normal text-serif-m layout-padded\">Ingen av dem er overrasket over saken som n\u00e5 opptar bygda.<\/p>\n<blockquote class=\"_quote_o9xde_6 _quote_xtcu6_53 layout-component text-serif-m layout-normal text-serif-m layout-padded\"><p>\u2013 Vi var veldig glade for at ordf\u00f8reren tok saken opp. Vi m\u00e5 v\u00e6re solidariske med ofrene.<\/p><\/blockquote>\n<p><img alt=\"Misjonskvinnene Marie (75) i r\u00f8d jakke og Inger Marie (79).\" class=\"_image_qp4xg_65 layout-component layout-normal\" data-fullscreen- data-track-element-type=\"Article image fullscreen\" data-track-name=\"ImageFullscreen\" decoding=\"async\" loading=\"lazy\" height=\"3942\" itemprop=\"image\"  src=\"https:\/\/www.europesays.com\/no\/wp-content\/uploads\/2025\/11\/58423a7c-d77f-4719-9b0b-b7ab64e568a6\"  style=\"object-position:0% 0%\" width=\"5970\"\/>Misjonskvinnene Marie (75) i r\u00f8d jakke og Inger Marie (79).<\/p>\n<p class=\"_paragraph_o9xde_4 _paragraph_xtcu6_10 layout-component text-serif-m layout-normal text-serif-m layout-padded\">Lenger inne i sentrum sitter en gruppe av bygdas gamlekarer p\u00e5 kafeen over Coop Extra.<\/p>\n<p class=\"_paragraph_o9xde_4 _paragraph_xtcu6_10 layout-component text-serif-m layout-normal text-serif-m layout-padded\">Pensjonert g\u00e5rdbruker Lars Polden (75) satt tidligere i festivalstyret til V\u00e5rs\u00f8ghelga. Han mener svaret p\u00e5 hvem Hyldbakk var ligger i diktningen hans. <\/p>\n<p class=\"_paragraph_o9xde_4 _paragraph_xtcu6_10 layout-component text-serif-m layout-normal text-serif-m layout-padded\">Som i diktet \u00ab<a href=\"https:\/\/genius.com\/Henning-sommerro-e-slattatja-lyrics\" class=\"_link_o9xde_39\" rel=\"nofollow noopener\" target=\"_blank\">E sl\u00e5ttat\u00e6ja<\/a>\u00bb der Hyldbakk skildrer en scene fra sl\u00e5tteteigenesl\u00e5tteteigeneJordstykker der det vokser gress som man sl\u00e5r for \u00e5 bruke til f\u00f4r. I gamledager var sl\u00e5tten et manuelt arbeid der man slo gresset med lj\u00e5 og t\u00f8rket det p\u00e5 hesjer.. <\/p>\n<p class=\"_paragraph_o9xde_4 _paragraph_xtcu6_10 layout-component text-serif-m layout-normal text-serif-m layout-padded\"><strong class=\"_strong_o9xde_25\">Jeg-personen i diktet hevder at han har kledd seg naken og oppf\u00f8rt seg villstyrig i all sin tid.<\/strong><\/p>\n<p class=\"_paragraph_o9xde_4 _paragraph_xtcu6_10 layout-component text-serif-m layout-normal text-serif-m layout-padded\">\u2013 Her erkjenner Hyldbakk at han var \u00abannerledes\u00bb, mener Polden.<\/p>\n<p class=\"_paragraph_o9xde_4 _paragraph_xtcu6_10 layout-component text-serif-m layout-normal text-serif-m layout-padded\">At Surnadals verkebyll f\u00f8rst n\u00e5 har blitt stukket hull p\u00e5, forklarer bonden med nordm\u00f8ringenes lynne:<\/p>\n<blockquote class=\"_quote_o9xde_6 _quote_xtcu6_53 layout-component text-serif-m layout-normal text-serif-m layout-padded\"><p>\u2013 Vi er et forsiktig folkeferd. Vi vil ikke \u00e5pne oss.<\/p><\/blockquote>\n<p><img alt=\"Fra venstre: Lars Polden (75) og kaf\u00e9kompis Ole Rue (84).\" class=\"_image_qp4xg_65 layout-component layout-normal\" data-fullscreen- data-track-element-type=\"Article image fullscreen\" data-track-name=\"ImageFullscreen\" decoding=\"async\" loading=\"lazy\" height=\"1668\" itemprop=\"image\"  src=\"https:\/\/www.europesays.com\/no\/wp-content\/uploads\/2025\/11\/eef31313-917d-45b7-8bb1-692965f186c6\"  style=\"object-position:51.019999999999996% 48.89088729016787%\" width=\"2500\"\/>Fra venstre: Lars Polden (75) og kaf\u00e9kompis Ole Rue (84).<\/p>\n<p class=\"_paragraph_o9xde_4 _paragraph_xtcu6_10 layout-component text-serif-m layout-normal text-serif-m layout-padded\"><strong class=\"_strong_o9xde_25\">Komponist og musiker Henning Sommerro<\/strong> kommer selv fra Surnadal. I 1979 vant han Spellemannprisen for albumet \u00abV\u00e5rs\u00f8g\u00bb med visegruppen ved samme navn.<\/p>\n<p class=\"_paragraph_o9xde_4 _paragraph_xtcu6_10 layout-component text-serif-m layout-normal text-serif-m layout-padded\">Han er ogs\u00e5 kunstnerisk leder for festivalen V\u00e5rs\u00f8ghelga. <\/p>\n<p class=\"_paragraph_o9xde_4 _paragraph_xtcu6_10 layout-component text-serif-m layout-normal text-serif-m layout-padded\">Sommerro tilkjennegir at han f\u00f8ler p\u00e5 ambivalens n\u00e5r det gjelder Hyldbakk.<\/p>\n<p><img alt=\"Henning Sommerro under Spellemannprisen i 1979.  Foto: Vidar Knai \/ NTB\" class=\"_image_qp4xg_65 layout-component layout-normal\" data-fullscreen- data-track-element-type=\"Article image fullscreen\" data-track-name=\"ImageFullscreen\" decoding=\"async\" loading=\"lazy\" height=\"3299\" itemprop=\"image\"  src=\"https:\/\/www.europesays.com\/no\/wp-content\/uploads\/2025\/11\/64cc9c25-1f47-4f28-8f76-8bdaa3e32b3c\"  style=\"object-position:0% 0%\" width=\"4766\"\/>Henning Sommerro under Spellemannprisen i 1979.  Foto: Vidar Knai \/ NTB<\/p>\n<p class=\"_paragraph_o9xde_4 _paragraph_xtcu6_10 layout-component text-serif-m layout-normal text-serif-m layout-padded\">Professoren i musikk ved NTNUNTNUNorges teknisk-naturvitenskapelige universitet (NTNU). vokste opp med strenge instruksjoner hjemmefra:<\/p>\n<blockquote class=\"_quote_o9xde_6 _quote_xtcu6_53 layout-component text-serif-m layout-normal text-serif-m layout-padded\"><p>\u2013 Mor ga meg forbud mot \u00e5 v\u00e6re alene p\u00e5 Kleiva.<\/p><\/blockquote>\n<p><img decoding=\"async\" alt=\"Bilde av Henning Sommerro\" class=\"_image_ygndg_42\" height=\"27\" itemprop=\"image\" loading=\"lazy\"  src=\"https:\/\/www.europesays.com\/no\/wp-content\/uploads\/2025\/11\/80bcd1b0-1d3d-4be3-bb4a-1d34dbf4ef7e\"  width=\"40\"\/><strong class=\"_name_ygndg_51 title-serif-xs\">Henning Sommerro<\/strong><\/p>\n<p class=\"_paragraph_o9xde_4 text-sans-m _description_ygndg_56\">Komponist, musiker og NTNU-professor<\/p>\n<p class=\"_paragraph_o9xde_4 _paragraph_xtcu6_10 layout-component text-serif-m layout-normal text-serif-m layout-padded\">\u2013 Det har g\u00e5tt rykter om Hans Hyldbakk hele mitt liv. De var uklare, men gikk ut p\u00e5 at han kunne v\u00e6re interessert i sm\u00e5gutter. \u00abHam skal du passe deg for\u00bb. Ryktene ulmet over hele bygda, sier Sommerro p\u00e5 telefon fra Trondheim.<\/p>\n<p class=\"_paragraph_o9xde_4 _paragraph_xtcu6_10 layout-component text-serif-m layout-normal text-serif-m layout-padded\">\u2013 Hva tenker du om det som n\u00e5 har kommet ut?<\/p>\n<p class=\"_paragraph_o9xde_4 _paragraph_xtcu6_10 layout-component text-serif-m layout-normal text-serif-m layout-padded\">\u2013 Jeg betviler ikke at det er noe i ryktene. Det m\u00e5 v\u00e6re grusomt for dem som har levd med dette.<\/p>\n<p><img alt=\"Hans Hyldbakk da VG traff ham som 100-\u00e5ring.  Foto: Arnljot Bringedal \/ VG\" class=\"_image_qp4xg_65 layout-component layout-normal\" data-fullscreen- data-track-element-type=\"Article image fullscreen\" data-track-name=\"ImageFullscreen\" decoding=\"async\" loading=\"lazy\" height=\"1372\" itemprop=\"image\"  src=\"https:\/\/www.europesays.com\/no\/wp-content\/uploads\/2025\/11\/91831ae8-b915-4227-842a-9076f9d3d4c0\"  style=\"object-position:22.82712511938873% 28.24344023323615%\" width=\"2094\"\/>Hans Hyldbakk da VG traff ham som 100-\u00e5ring.  Foto: Arnljot Bringedal \/ VG<\/p>\n<p class=\"_paragraph_o9xde_4 _paragraph_xtcu6_10 layout-component text-serif-m layout-normal text-serif-m layout-padded\">Sommerro var i slutten av ten\u00e5rene da han begynte \u00e5 tonesette Hyldbakks dikt, men de to hadde ingen direkte kontakt f\u00f8r Sommerro var i 20-\u00e5rene.<\/p>\n<p class=\"_paragraph_o9xde_4 _paragraph_xtcu6_10 layout-component text-serif-m layout-normal text-serif-m layout-padded\">Med unntak av \u00e9n eller to ganger fulgte han morens formaning om \u00e5 aldri v\u00e6re alene med dikteren.<\/p>\n<p class=\"_paragraph_o9xde_4 _paragraph_xtcu6_10 layout-component text-serif-m layout-normal text-serif-m layout-padded\">\u2013 Hyldbakk var som en h\u00f8vding, men jeg ble aldri utsatt for noe. Mot meg var han veldig st\u00f8ttende.<\/p>\n<p><img alt=\"\" class=\"_image_qp4xg_65 layout-component layout-normal\" data-fullscreen- data-track-element-type=\"Article image fullscreen\" data-track-name=\"ImageFullscreen\" decoding=\"async\" loading=\"lazy\" height=\"5204\" itemprop=\"image\"  src=\"https:\/\/www.europesays.com\/no\/wp-content\/uploads\/2025\/11\/3c152ccf-414f-4ad3-9af9-d298681063cb\"  style=\"object-position:0% 0%\" width=\"3436\"\/><\/p>\n<p class=\"_paragraph_o9xde_4 _paragraph_xtcu6_10 layout-component text-serif-m layout-normal text-serif-m layout-padded\">\u2013 Han hadde humor, var belest og likte \u00e5 snakke om kunst, kultur og komponister. Hukommelsen hans var som en datamaskin av beste sort.<\/p>\n<p class=\"_paragraph_o9xde_4 _paragraph_xtcu6_10 layout-component text-serif-m layout-normal text-serif-m layout-padded\">Selv om han ble 103 \u00e5r gammel, var Hyldbakk sterk og sprek n\u00e6r hele livet, minnes Sommerro.<\/p>\n<p class=\"_paragraph_o9xde_4 _paragraph_xtcu6_10 layout-component text-serif-m layout-normal text-serif-m layout-padded\">\u2013 Han var ved veldig god helse og kraftig bygd. Han gikk og syklet mye. Var ute i friluft og levde enkelt p\u00e5 husmannskost som han lagde selv.<\/p>\n<p><img alt=\"\" class=\"_image_qp4xg_65 layout-component layout-normal\" data-fullscreen- data-track-element-type=\"Article image fullscreen\" data-track-name=\"ImageFullscreen\" decoding=\"async\" loading=\"lazy\" height=\"3942\" itemprop=\"image\"  src=\"https:\/\/www.europesays.com\/no\/wp-content\/uploads\/2025\/11\/6ee5d3eb-1a69-4201-903b-c80f89b4a6e2\"  style=\"object-position:0% 0%\" width=\"5970\"\/><\/p>\n<p class=\"_paragraph_o9xde_4 _paragraph_xtcu6_10 layout-component text-serif-m layout-normal text-serif-m layout-padded\">Sommerro hevder at han i flere \u00e5r har spurt rundt etter hvem overgrepsofrene kan v\u00e6re.<\/p>\n<p class=\"_paragraph_o9xde_4 _paragraph_xtcu6_10 layout-component text-serif-m layout-normal text-serif-m layout-padded\">\u2013 Ryktene var uklare og det var aldri noen navn. Det er ganske godt gjort at det har v\u00e6rt s\u00e5 dulgtdulgtNoe som har v\u00e6rt skjult..<\/p>\n<p class=\"_paragraph_o9xde_4 _paragraph_xtcu6_10 layout-component text-serif-m layout-normal text-serif-m layout-padded\">Komponisten har sin egen teori om hva som har gjort dette mulig. Hans forklaring er selve folkesjelen p\u00e5 hjemplassen:<\/p>\n<p class=\"_paragraph_o9xde_4 _paragraph_xtcu6_10 layout-component text-serif-m layout-normal text-serif-m layout-padded\">\u2013 Som folkeferd er nordm\u00f8ringene skeptiske og i tvil.<\/p>\n<p>Les resten av intervjuet med Henning Sommerro<\/p>\n<p class=\"_paragraph_o9xde_4 _paragraph_xtcu6_10 _paragraph_16v91_10 layout-component text-serif-m layout-normal text-sans-m layout-padded\">Flere VG-kilder stiller seg kritiske til Henning Sommerros rolle i \u00e5 gj\u00f8re Hyldbakk ber\u00f8mt. Komponisten viser til at han tonesatte diktene p\u00e5 70-tallet og understreker at Hyldbakk bare er en liten del av hans egen karriere. <\/p>\n<p class=\"_paragraph_o9xde_4 _paragraph_xtcu6_10 _paragraph_16v91_10 layout-component text-serif-m layout-normal text-sans-m layout-padded\">\u2013 Jeg holdt avstand og unngikk \u00e5 bes\u00f8ke ham. Fra 1970-tallet fikk Hyldbakk en glorie rundt seg, mener Sommerro.<\/p>\n<p class=\"_paragraph_o9xde_4 _paragraph_xtcu6_10 _paragraph_16v91_10 layout-component text-serif-m layout-normal text-sans-m layout-padded\">\u2013 En glorie du var med p\u00e5 \u00e5 skape?<\/p>\n<p class=\"_paragraph_o9xde_4 _paragraph_xtcu6_10 _paragraph_16v91_10 layout-component text-serif-m layout-normal text-sans-m layout-padded\">En blanding av et svakt sukk og utpust h\u00f8res i telefonen.<\/p>\n<p class=\"_paragraph_o9xde_4 _paragraph_xtcu6_10 _paragraph_16v91_10 layout-component text-serif-m layout-normal text-sans-m layout-padded\">\u2013 Ja, det er det som er problemet. Jeg kan forst\u00e5 dem som stiller seg kritiske til meg. Men jeg tenkte bare p\u00e5 diktene.<\/p>\n<p class=\"_paragraph_o9xde_4 _paragraph_xtcu6_10 _paragraph_16v91_10 layout-component text-serif-m layout-normal text-sans-m layout-padded\">\u2013 Angrer du p\u00e5 at du har gjort avd\u00f8de ber\u00f8mt?<\/p>\n<p class=\"_paragraph_o9xde_4 _paragraph_xtcu6_10 _paragraph_16v91_10 layout-component text-serif-m layout-normal text-sans-m layout-padded\">\u2013 Ja, det gir en ekkel smak hele greien. En tenker ikke p\u00e5 slikt n\u00e5r man sitter og komponerer. Man dr\u00f8mmer seg bort, er en romantiker og flyr av g\u00e5rde. Man m\u00e5 v\u00e6re slik for \u00e5 skape noe.<\/p>\n<p>Vis mer<\/p>\n<p class=\"_paragraph_o9xde_4 _paragraph_xtcu6_10 layout-component text-serif-m layout-normal text-serif-m layout-padded\"><strong class=\"_strong_o9xde_25\">Ordf\u00f8rer Hugo Pedersen (Sp)<\/strong> har f\u00e5tt flengende kritikk fra formannskapet som krevde et ekstraordin\u00e6rt m\u00f8te etter kunngj\u00f8ringen. <\/p>\n<p class=\"_paragraph_o9xde_4 _paragraph_xtcu6_10 layout-component text-serif-m layout-normal text-serif-m layout-padded\">De mener han har utfordret rettssikkerheten ved \u00e5 g\u00e5 offentlig ut med at avd\u00f8de Hans Hyldbakk skal ha v\u00e6rt en overgriper.<\/p>\n<p class=\"_paragraph_o9xde_4 _paragraph_xtcu6_10 layout-component text-serif-m layout-normal text-serif-m layout-padded\">P\u00e5 kontoret viser ordf\u00f8reren frem det symboltunge ordf\u00f8rerkjedet i s\u00f8lv. Vekten har ikke blitt lettere \u00e5 b\u00e6re i h\u00f8st. <\/p>\n<p><img alt=\"\" class=\"_image_qp4xg_65 layout-component layout-normal\" data-fullscreen- data-track-element-type=\"Article image fullscreen\" data-track-name=\"ImageFullscreen\" decoding=\"async\" loading=\"lazy\" height=\"5727\" itemprop=\"image\"  src=\"https:\/\/www.europesays.com\/no\/wp-content\/uploads\/2025\/11\/e2cb8003-cf75-48f8-93fb-d01fcc2d4fe7\"  style=\"object-position:0% 0%\" width=\"3782\"\/><\/p>\n<p class=\"_paragraph_o9xde_4 _paragraph_xtcu6_10 layout-component text-serif-m layout-normal text-serif-m layout-padded\">N\u00e5r han trenger \u00e5 lufte hodet, tar ordf\u00f8reren fj\u00f8sstellet hjemme p\u00e5 g\u00e5rden og ser til favorittkua 655 Dokka (9) \u2013 som i lesende stund er sendt til slakt.<\/p>\n<p class=\"_paragraph_o9xde_4 _paragraph_xtcu6_10 layout-component text-serif-m layout-normal text-serif-m layout-padded\">Pedersen har beklaget at han ga uttrykk for at han hadde st\u00f8tte i formannskapet, noe sistnevnte hevder ikke var tilfelle. Ellers angrer han ingenting.<\/p>\n<blockquote class=\"_quote_o9xde_6 _quote_xtcu6_53 layout-component text-serif-m layout-normal text-serif-m layout-padded\"><p>\u2013 Dette m\u00e5tte ut. Det var den eneste riktige m\u00e5ten \u00e5 gj\u00f8re det p\u00e5.<\/p><\/blockquote>\n<p class=\"_paragraph_o9xde_4 _paragraph_xtcu6_10 layout-component text-serif-m layout-normal text-serif-m layout-padded\">Reaksjonene r\u00f8rer ham.<\/p>\n<p class=\"_paragraph_o9xde_4 _paragraph_xtcu6_10 layout-component text-serif-m layout-normal text-serif-m layout-padded\">\u2013 Voksne p\u00e5 gr\u00e5ten kommer og takker meg. Det er ganske sterkt. Mange virker glade for at jeg har l\u00f8ftet dette frem. <\/p>\n<p><img alt=\"\" class=\"_image_qp4xg_65 layout-component layout-normal\" data-fullscreen- data-track-element-type=\"Article image fullscreen\" data-track-name=\"ImageFullscreen\" decoding=\"async\" loading=\"lazy\" height=\"5970\" itemprop=\"image\"  src=\"https:\/\/www.europesays.com\/no\/wp-content\/uploads\/2025\/11\/ab9168de-3481-4729-a721-0b64b9312928\"  style=\"object-position:0% 0%\" width=\"3942\"\/><\/p>\n<p class=\"_paragraph_o9xde_4 _paragraph_xtcu6_10 layout-component text-serif-m layout-normal text-serif-m layout-padded\">For de som har fortalt om sine opplevelser med Hyldbakk er ikke motivasjonen \u00e5 f\u00e5 en erstatning, understreker ordf\u00f8reren, men \u00ab\u00e5 f\u00e5 en uttalelse fra det offentlige\u00bb. Den har han valgt \u00e5 gi dem.<\/p>\n<p class=\"_paragraph_o9xde_4 _paragraph_xtcu6_10 layout-component text-serif-m layout-normal text-serif-m layout-padded\">\u2013 Drivkraften min er at jeg vet noen har det fryktelig vondt \u2013 og det kan v\u00e6re enda flere.<\/p>\n<p class=\"_paragraph_o9xde_4 _paragraph_xtcu6_10 layout-component text-serif-m layout-normal text-serif-m layout-padded\">Kildene som har fortalt VG om sine opplevelser i denne saken sier de setter pris p\u00e5 at ordf\u00f8reren gikk offentlig ut.<\/p>\n<p class=\"_paragraph_o9xde_4 _paragraph_xtcu6_10 layout-component text-serif-m layout-normal text-serif-m layout-padded\"><strong class=\"_strong_o9xde_25\">En m\u00f8rk l\u00f8rdagskveld drar VG hjem til en annen av dem.<\/strong><\/p>\n<p class=\"_paragraph_o9xde_4 _paragraph_xtcu6_10 layout-component text-serif-m layout-normal text-serif-m layout-padded\">\u2013 Da overgrepene skjedde, f\u00f8lte vi at vi lurte ham. F\u00f8rst som voksen har jeg forst\u00e5tt at det var Hyldbakk som manipulerte oss, sier \u00abSverre\u00bb (54).<\/p>\n<p class=\"_paragraph_o9xde_4 _paragraph_xtcu6_10 layout-component text-serif-m layout-normal text-serif-m layout-padded\">Egentlig \u00f8nsker han \u00e5 st\u00e5 \u00e5pent frem, men han vil ikke p\u00e5f\u00f8re sine n\u00e6rmeste belastningen. VG kjenner mannens virkelige navn.<\/p>\n<p><img alt=\"\" class=\"_image_qp4xg_65 layout-component layout-normal\" data-fullscreen- data-track-element-type=\"Article image fullscreen\" data-track-name=\"ImageFullscreen\" decoding=\"async\" loading=\"lazy\" height=\"5159\" itemprop=\"image\"  src=\"https:\/\/www.europesays.com\/no\/wp-content\/uploads\/2025\/11\/510fd5fd-a731-4c02-8d8c-7286afa7c75f\"  style=\"object-position:0% 0%\" width=\"3407\"\/><\/p>\n<p class=\"_paragraph_o9xde_4 _paragraph_xtcu6_10 layout-component text-serif-m layout-normal text-serif-m layout-padded\">\u00abSverre\u00bb vokste opp i et byggefelt ikke langt fra Kleiva. Som guttunge var han proppfull av energi.<\/p>\n<p class=\"_paragraph_o9xde_4 _paragraph_xtcu6_10 layout-component text-serif-m layout-normal text-serif-m layout-padded\">Sammen med kompiser f\u00f8yk han h\u00f8yt og lavt og begynte \u00e5 smugr\u00f8yke sigaretter fra ti\u00e5rsalderen.<\/p>\n<p class=\"_paragraph_o9xde_4 _paragraph_xtcu6_10 layout-component text-serif-m layout-normal text-serif-m layout-padded\">Vennegjengen fant raskt ut hvordan de kunne skaffe penger.<\/p>\n<p class=\"_paragraph_o9xde_4 _paragraph_xtcu6_10 layout-component text-serif-m layout-normal text-serif-m layout-padded\"><strong class=\"_strong_o9xde_25\">Oppe p\u00e5 Kleiva hadde Hans Hyldbakk iblant lagt sm\u00e5mynter p\u00e5 rekkverket ved inngangspartiet til skriverstua, bekrefter flere kilder.<\/strong><\/p>\n<p class=\"_paragraph_o9xde_4 _paragraph_xtcu6_10 layout-component text-serif-m layout-normal text-serif-m layout-padded\">\u00abSverre\u00bb og kameratene stjal slantene, forteller han. Men innend\u00f8rs ventet muligheten for sedler. Hvis de kom seg gjennom kravet.<\/p>\n<p class=\"_paragraph_o9xde_4 _paragraph_xtcu6_10 layout-component text-serif-m layout-normal text-serif-m layout-padded\">\u2013 Jeg glemmer aldri stemmen.<\/p>\n<p><img alt=\"\" class=\"_image_qp4xg_65 layout-component layout-fullwidth\" data-fullscreen- data-track-element-type=\"Article image fullscreen\" data-track-name=\"ImageFullscreen\" decoding=\"async\" loading=\"lazy\" height=\"5970\" itemprop=\"image\"  src=\"https:\/\/www.europesays.com\/no\/wp-content\/uploads\/2025\/11\/c7d1eb14-c3a6-4124-a16e-657eef7fef0c\"  style=\"object-position:0% 0%\" width=\"3942\"\/><\/p>\n<p class=\"_paragraph_o9xde_4 _paragraph_xtcu6_10 layout-component text-serif-m layout-normal text-serif-m layout-padded\">Han sier han f\u00f8rst reflekterte over hvordan han havnet i denne situasjonen som voksen.<\/p>\n<p class=\"_paragraph_o9xde_4 _paragraph_xtcu6_10 layout-component text-serif-m layout-normal text-serif-m layout-padded\">\u00abSverre\u00bb kom fra arbeiderklassehjem med foreldre som jobbet hardt og ikke kunne sl\u00f8se.<\/p>\n<p class=\"_paragraph_o9xde_4 _paragraph_xtcu6_10 layout-component text-serif-m layout-normal text-serif-m layout-padded\">Pengene ble en motivasjon, tror han.<\/p>\n<p class=\"_paragraph_o9xde_4 _paragraph_xtcu6_10 layout-component text-serif-m layout-normal text-serif-m layout-padded\">\u2013 Overgrepene varte i et par \u00e5r til jeg begynte p\u00e5 ungdomsskolen.<\/p>\n<p><img alt=\"\" class=\"_image_qp4xg_65 layout-component layout-normal\" data-fullscreen- data-track-element-type=\"Article image fullscreen\" data-track-name=\"ImageFullscreen\" decoding=\"async\" loading=\"lazy\" height=\"3942\" itemprop=\"image\"  src=\"https:\/\/www.europesays.com\/no\/wp-content\/uploads\/2025\/11\/99dc32c7-f96b-4418-b73e-eb80539755b5\"  style=\"object-position:0% 0%\" width=\"5970\"\/><\/p>\n<p class=\"_paragraph_o9xde_4 _paragraph_xtcu6_10 layout-component text-serif-m layout-normal text-serif-m layout-padded\">\u00c5 fortelle noe hjemme om hva som foregikk p\u00e5 Kleiva, var uaktuelt.<\/p>\n<p class=\"_paragraph_o9xde_4 _paragraph_xtcu6_10 layout-component text-serif-m layout-normal text-serif-m layout-padded\">F\u00f8rst i h\u00f8st, etter \u00e5 ha ringt kommunens kontakttelefon, tok han mot til seg og ringte begge foreldrene etterp\u00e5. <\/p>\n<p class=\"_paragraph_o9xde_4 _paragraph_xtcu6_10 layout-component text-serif-m layout-normal text-serif-m layout-padded\">\u2013 Da sa jeg det som det var. At jeg hadde f\u00e5tt \u00abris p\u00e5 r\u00e6va\u00bb og blitt st\u00e5ende igjen som det svarte f\u00e5ret om jeg hadde sagt sannheten. Jeg hadde ikke blitt trodd.<\/p>\n<p class=\"_paragraph_o9xde_4 _paragraph_xtcu6_10 layout-component text-serif-m layout-normal text-serif-m layout-padded\">VG har ogs\u00e5 snakket med en tredje mann som hevder at han som barn \u00abfikk tilbud\u00bb om penger mot seksuelle tjenester av Hyldbakk, men avslo.<\/p>\n<p><img alt=\"\" class=\"_image_qp4xg_65 layout-component layout-normal\" data-fullscreen- data-track-element-type=\"Article image fullscreen\" data-track-name=\"ImageFullscreen\" decoding=\"async\" loading=\"lazy\" height=\"3942\" itemprop=\"image\"  src=\"https:\/\/www.europesays.com\/no\/wp-content\/uploads\/2025\/11\/a5eb4561-82f9-42af-a41a-67e0bf11c228\"  style=\"object-position:0% 0%\" width=\"5970\"\/><\/p>\n<p class=\"_paragraph_o9xde_4 _paragraph_xtcu6_10 layout-component text-serif-m layout-normal text-serif-m layout-padded\">\u00abSverres\u00bb far bekrefter historien.<\/p>\n<p class=\"_paragraph_o9xde_4 _paragraph_xtcu6_10 layout-component text-serif-m layout-normal text-serif-m layout-padded\">\u2013 Det var vondt. Det var kvalmende \u00e5 f\u00e5 vite, sier faren i 70-\u00e5rene over telefonen.<\/p>\n<p class=\"_paragraph_o9xde_4 _paragraph_xtcu6_10 layout-component text-serif-m layout-normal text-serif-m layout-padded\">S\u00f8nnens tidvis tr\u00f8blete liv med grensel\u00f8shet. Brikkene falt plutselig p\u00e5 plass.<\/p>\n<blockquote class=\"_quote_o9xde_6 _quote_xtcu6_53 layout-component text-serif-m layout-normal text-serif-m layout-padded\"><p>\u2013 Jeg tror at Hyldbakk er en medvirkende \u00e5rsak til at s\u00f8nnen min har levd som han har levd. At det har oppst\u00e5tt en aggresjon i ham.<\/p><\/blockquote>\n<p class=\"_paragraph_o9xde_4 _paragraph_xtcu6_10 layout-component text-serif-m layout-normal text-serif-m layout-padded\">Faren er ikke overrasket over at det har tatt s\u00f8nnen over f\u00f8rti \u00e5r \u00e5 fortelle.<\/p>\n<p class=\"_paragraph_o9xde_4 _paragraph_xtcu6_10 layout-component text-serif-m layout-normal text-serif-m layout-padded\">\u2013 Den tiden var det \u00abhysj, hysj\u00bb om den typen ting.<\/p>\n<p class=\"_paragraph_o9xde_4 _paragraph_xtcu6_10 layout-component text-serif-m layout-normal text-serif-m layout-padded\">\u2013 Har du noen gang i \u00e5renes l\u00f8p mistenkt at det han ha skjedd din s\u00f8nn noe du ikke visste om?<\/p>\n<p class=\"_paragraph_o9xde_4 _paragraph_xtcu6_10 layout-component text-serif-m layout-normal text-serif-m layout-padded\">\u2013 Dessverre. Det m\u00e5 jeg bare beklage.<\/p>\n<p><img alt=\"\" class=\"_image_qp4xg_65 layout-component layout-normal\" data-fullscreen- data-track-element-type=\"Article image fullscreen\" data-track-name=\"ImageFullscreen\" decoding=\"async\" loading=\"lazy\" height=\"3942\" itemprop=\"image\"  src=\"https:\/\/www.europesays.com\/no\/wp-content\/uploads\/2025\/11\/efb1a75e-a96d-4f24-8073-dd97ed5e615b\"  style=\"object-position:0% 0%\" width=\"5970\"\/><\/p>\n<p class=\"_paragraph_o9xde_4 _paragraph_xtcu6_10 layout-component text-serif-m layout-normal text-serif-m layout-padded\"><strong class=\"_strong_o9xde_25\">Hva som skal skje<\/strong> med bysten alle som skal bes\u00f8ke kommunehuset og Nav m\u00e5 passere, er s\u00e5 langt ikke bestemt.<\/p>\n<ul class=\"_list_o9xde_3 _list_xtcu6_9 _unordered_o9xde_106 layout-component text-serif-m layout-normal text-serif-m layout-padded\">\n<li class=\"_item_o9xde_30\">Nordm\u00f8rsmusea Nordm\u00f8rsmusea Museumsorganisasjon som har r\u00e5derett over Hans Hyldbakks hjem p\u00e5 husmannsplassen Kleiva i Surnadalhar if\u00f8lge <a href=\"https:\/\/www.nrk.no\/mr\/nordmorsmusea-ber-politi-og-brannvesen-om-rad-for-a-sikre-hyldbakk-heimen-kleiva-i-surnadal-1.17638774\" class=\"_link_o9xde_39\" rel=\"nofollow noopener\" target=\"_blank\">NRK<\/a> varslet politi og brannvesen etter at Dordi Skuggevik, som i sin tid tok initiativ til Hyldbakk-bysten, uttalte at Kleiva b\u00f8r brennes.<\/li>\n<li class=\"_item_o9xde_30\">I oktober foreslo formannskapet \u00e5 oppnevne et r\u00e5dgivende utvalg. <\/li>\n<li class=\"_item_o9xde_30\">Kommunedirekt\u00f8ren mente p\u00e5 sin side at administrasjonen selv b\u00f8r st\u00e5 for utredningen av fremtidige vedtak. Dette ble vedtatt av kommunestyret 6. november.<\/li>\n<\/ul>\n<p class=\"_paragraph_o9xde_4 _paragraph_xtcu6_10 layout-component text-serif-m layout-normal text-serif-m layout-padded\">\u2013 \u00c5ndsverket til Hyldbakk er flott, det skal vi ta vare p\u00e5. Det blir en vanskelig periode n\u00e5, men jeg tror ikke diktene og bygdeb\u00f8kene blir glemt, sier ordf\u00f8rer Hugo Pedersen.<\/p>\n<p class=\"_paragraph_o9xde_4 _paragraph_xtcu6_10 layout-component text-serif-m layout-normal text-serif-m layout-padded\"><strong class=\"_strong_o9xde_25\">Lokalpolitikerne VG m\u00f8ter<\/strong> understreker at de er for at overgrepsofre skal f\u00e5 hjelp og at de er innstilt p\u00e5 \u00e5 f\u00e5 til et godt samarbeid med ordf\u00f8reren videre. Men de reagerer kraftig p\u00e5 det de oppfatter som d\u00e5rlig rolleforst\u00e5else.<\/p>\n<p class=\"_paragraph_o9xde_4 _paragraph_xtcu6_10 layout-component text-serif-m layout-normal text-serif-m layout-padded\">\u2013 Det foreligger s\u00e5 vidt vi vet ingen anmeldelser eller dom. Da er det ikke opp til ordf\u00f8reren \u00e5 gj\u00f8re seg til sjeles\u00f8rger, sier varaordf\u00f8rer Annett Ranes (Ap).<\/p>\n<p class=\"_paragraph_o9xde_4 _paragraph_xtcu6_10 layout-component text-serif-m layout-normal text-serif-m layout-padded\">Hun mener korrekt prosedyre hadde v\u00e6rt \u00e5 vise de som trenger det videre til politiet og hjelpeapparatet.<\/p>\n<p><img alt=\"Fra venstre: Bj\u00f8rg Aa (H), Jorid Aarv\u00e5g (Ap) og varaordf\u00f8rer Annett Ranes (Ap) er kritiske til ordf\u00f8rerens h\u00e5ndtering av Hans Hyldbakk-saken.\" class=\"_image_qp4xg_65 layout-component layout-normal\" data-fullscreen- data-track-element-type=\"Article image fullscreen\" data-track-name=\"ImageFullscreen\" decoding=\"async\" loading=\"lazy\" height=\"5970\" itemprop=\"image\"  src=\"https:\/\/www.europesays.com\/no\/wp-content\/uploads\/2025\/11\/7aa768e5-53cd-4934-9572-4ec08be7d993\"  style=\"object-position:0% 0%\" width=\"3942\"\/>Fra venstre: Bj\u00f8rg Aa (H), Jorid Aarv\u00e5g (Ap) og varaordf\u00f8rer Annett Ranes (Ap) er kritiske til ordf\u00f8rerens h\u00e5ndtering av Hans Hyldbakk-saken.<\/p>\n<p class=\"_paragraph_o9xde_4 _paragraph_xtcu6_10 layout-component text-serif-m layout-normal text-serif-m layout-padded\"><strong class=\"_strong_o9xde_25\">Men ordf\u00f8reren tr\u00e5dde p\u00e5 gassen<\/strong>. Det er for sent \u00e5 bremse n\u00e5. Debatten raser for fullt.<\/p>\n<p class=\"_paragraph_o9xde_4 _paragraph_xtcu6_10 layout-component text-serif-m layout-normal text-serif-m layout-padded\">Driva-journalist Mari Vatt\u00f8y (45) har jobbet opp til 80-timers arbeidsuker med h\u00f8ststormen \u00abAmy\u00bbh\u00f8ststormen \u00abAmy\u00bbEkstremv\u00e6ret som rammet Norge og deler av Europa i oktober 2025. og Hyldbakk. P\u00e5 butikken f\u00e5r hun stadig sp\u00f8rsm\u00e5l etter at sistnevnte sak sprakk.<\/p>\n<p><img decoding=\"async\" alt=\"Bilde av Mari Vatt\u00f8y\" class=\"_image_ygndg_42\" height=\"26\" itemprop=\"image\" loading=\"lazy\"  src=\"https:\/\/www.europesays.com\/no\/wp-content\/uploads\/2025\/11\/a8b5115c-99de-4bb9-8867-0667cb88651a\"  width=\"40\"\/><strong class=\"_name_ygndg_51 title-serif-xs\">Mari Vatt\u00f8y<\/strong><\/p>\n<p class=\"_paragraph_o9xde_4 text-sans-m _description_ygndg_56\">Lokalavisjournalist i Driva<\/p>\n<p class=\"_paragraph_o9xde_4 _paragraph_xtcu6_10 layout-component text-serif-m layout-normal text-serif-m layout-padded\">Det skjedde mens hele redaksjonen var samlet til planleggingsm\u00f8te i nabokommunen Sunndals\u00f8ra.<\/p>\n<p class=\"_paragraph_o9xde_4 _paragraph_xtcu6_10 layout-component text-serif-m layout-normal text-serif-m layout-padded\">\u2013 Vi skulle ha fotografert ansiktene til hverandre. Vi var relativt lamsl\u00e5tte, tilst\u00e5r Driva-redakt\u00f8r Tommy Fossum (53).<\/p>\n<p class=\"_paragraph_o9xde_4 _paragraph_xtcu6_10 layout-component text-serif-m layout-normal text-serif-m layout-padded\">Begge var imidlertid kjent med ryktene om Hyldbakk.<\/p>\n<p class=\"_paragraph_o9xde_4 _paragraph_xtcu6_10 layout-component text-serif-m layout-normal text-serif-m layout-padded\">\u2013 Overgrepsryktene om at det har foreg\u00e5tt noe p\u00e5 Kleiva med mindre\u00e5rige som ikke t\u00e5ler dagens lys, har det v\u00e6rt snakket om s\u00e5 lenge jeg kan huske, sier Vatt\u00f8y.<\/p>\n<p><img alt=\"Driva-redakt\u00f8r Tommy Fossum og journalist Mari Vatt\u00f8y.\" class=\"_image_qp4xg_65 layout-component layout-normal\" data-fullscreen- data-track-element-type=\"Article image fullscreen\" data-track-name=\"ImageFullscreen\" decoding=\"async\" loading=\"lazy\" height=\"5625\" itemprop=\"image\"  src=\"https:\/\/www.europesays.com\/no\/wp-content\/uploads\/2025\/11\/c416a035-da1d-432a-aae4-191e21442bce\"  style=\"object-position:0% 0%\" width=\"3714\"\/>Driva-redakt\u00f8r Tommy Fossum og journalist Mari Vatt\u00f8y.<\/p>\n<p class=\"_paragraph_o9xde_4 _paragraph_xtcu6_10 layout-component text-serif-m layout-normal text-serif-m layout-padded\"><strong class=\"_strong_o9xde_25\">Politistasjonssjef Olav Halse <\/strong>f\u00e5r ikke uttale seg da VG svinger innom p\u00e5 avtalt bes\u00f8k.<\/p>\n<p class=\"_paragraph_o9xde_4 _paragraph_xtcu6_10 layout-component text-serif-m layout-normal text-serif-m layout-padded\">Fors\u00f8k p\u00e5 \u00e5 snakke med Halse, som er lokalkjent og allerede har gitt intervju til Driva, f\u00f8rer til verbal arrestasjon utf\u00f8rt av politiinspekt\u00f8r Ove Brudevoll.<\/p>\n<p class=\"_paragraph_o9xde_4 _paragraph_xtcu6_10 layout-component text-serif-m layout-normal text-serif-m layout-padded\">Han er seksjonsleder for p\u00e5taleenheten i M\u00f8re og Romsdal politidistrikt og har rykket ut den to timers lange kj\u00f8returen fra Kristiansund for \u00e5 uttale seg.<\/p>\n<p class=\"_paragraph_o9xde_4 _paragraph_xtcu6_10 layout-component text-serif-m layout-normal text-serif-m layout-padded\">\u2013 S\u00e5 langt vi har kunne unders\u00f8ke, foreligger det ingen anmeldelser mot Hyldbakk i v\u00e5rt system. Det er s\u00f8kbart tilbake til 1999, sier Brudevoll.<\/p>\n<p class=\"_paragraph_o9xde_4 _paragraph_xtcu6_10 layout-component text-serif-m layout-normal text-serif-m layout-padded\">\u2013 Da var Hyldbakk allerede 101 \u00e5r gammel. Har dere unders\u00f8kt med Riksarkivet?<\/p>\n<p class=\"_paragraph_o9xde_4 _paragraph_xtcu6_10 layout-component text-serif-m layout-normal text-serif-m layout-padded\">\u2013 Nei, det har ikke blitt gjort. Slik saken ligger an vil politiet ikke foreta seg noe p\u00e5 eget initiativ.<\/p>\n<p><img alt=\"Politistasjonssjef Olav Halse (t.v.) i Surnadal sammen med politiinspekt\u00f8r Ove Brudevoll, seksjonsleder for p\u00e5taleenheten i M\u00f8re og Romsdal politidistrikt.\" class=\"_image_qp4xg_65 layout-component layout-normal\" data-fullscreen- data-track-element-type=\"Article image fullscreen\" data-track-name=\"ImageFullscreen\" decoding=\"async\" loading=\"lazy\" height=\"5970\" itemprop=\"image\"  src=\"https:\/\/www.europesays.com\/no\/wp-content\/uploads\/2025\/11\/50464ed4-52c9-468b-8423-18aa7fcc550a\"  style=\"object-position:0% 0%\" width=\"3942\"\/>Politistasjonssjef Olav Halse (t.v.) i Surnadal sammen med politiinspekt\u00f8r Ove Brudevoll, seksjonsleder for p\u00e5taleenheten i M\u00f8re og Romsdal politidistrikt.<\/p>\n<p class=\"_paragraph_o9xde_4 _paragraph_xtcu6_10 layout-component text-serif-m layout-normal text-serif-m layout-padded\">Brudevoll bekrefter at Hyldbakk har v\u00e6rt i befatning med politiet da han levde.<\/p>\n<p class=\"_paragraph_o9xde_4 _paragraph_xtcu6_10 layout-component text-serif-m layout-normal text-serif-m layout-padded\"><strong class=\"_strong_o9xde_25\">\u2013 Vi kjenner til at det har blitt registrert ordensforstyrrelser knyttet til alkohol.<\/strong><\/p>\n<p class=\"_paragraph_o9xde_4 _paragraph_xtcu6_10 layout-component text-serif-m layout-normal text-serif-m layout-padded\">Hyldbakk d\u00f8de i august 2001, 103 \u00e5r gammel. Eventuelle anmeldelser vil derfor bli henlagt<\/p>\n<p class=\"_paragraph_o9xde_4 _paragraph_xtcu6_10 layout-component text-serif-m layout-normal text-serif-m layout-padded\">\u2013 Politiets st\u00f8ttesenter for kriminalitetsutsatte er et tilbud for personer som har blitt utsatt for integritetskrenkende kriminalitet. Det er ikke krav om \u00e5 anmelde for \u00e5 benytte seg av tilbudet.<\/p>\n<p><img alt=\"\" class=\"_image_qp4xg_65 layout-component layout-fullwidth\" data-fullscreen- data-track-element-type=\"Article image fullscreen\" data-track-name=\"ImageFullscreen\" decoding=\"async\" loading=\"lazy\" height=\"3845\" itemprop=\"image\"  src=\"https:\/\/www.europesays.com\/no\/wp-content\/uploads\/2025\/11\/3ced1e1a-2110-4a9e-8c14-6167be835222\"  style=\"object-position:0% 0%\" width=\"5823\"\/><\/p>\n<p class=\"_paragraph_o9xde_4 _paragraph_xtcu6_10 layout-component text-serif-m layout-normal text-serif-m layout-padded\"><strong class=\"_strong_o9xde_25\">Bygdeungdommen er flasket opp<\/strong> med skoleturer til Kleiva fra barnehagealder. <\/p>\n<p class=\"_paragraph_o9xde_4 _paragraph_xtcu6_10 layout-component text-serif-m layout-normal text-serif-m layout-padded\">For dem er Hyldbakk likevel perifer.<\/p>\n<p class=\"_paragraph_o9xde_4 _paragraph_xtcu6_10 layout-component text-serif-m layout-normal text-serif-m layout-padded\">24 \u00e5r etter hans d\u00f8d fatter ikke alle VG snakker med hva oppstyret skyldes.<\/p>\n<p class=\"_paragraph_o9xde_4 _paragraph_xtcu6_10 layout-component text-serif-m layout-normal text-serif-m layout-padded\"><strong class=\"_strong_o9xde_25\">Hvorfor ta et oppgj\u00f8r f\u00f8rst n\u00e5?<\/strong><\/p>\n<p><img alt=\"\" class=\"_image_qp4xg_65 layout-component layout-normal\" data-fullscreen- data-track-element-type=\"Article image fullscreen\" data-track-name=\"ImageFullscreen\" decoding=\"async\" loading=\"lazy\" height=\"3743\" itemprop=\"image\"  src=\"https:\/\/www.europesays.com\/no\/wp-content\/uploads\/2025\/11\/02f0f667-cae2-4cea-8973-e50d17e492e1\"  style=\"object-position:0% 0%\" width=\"5668\"\/><\/p>\n<p class=\"_paragraph_o9xde_4 _paragraph_xtcu6_10 layout-component text-serif-m layout-normal text-serif-m layout-padded\">\u2013 Mannen er d\u00f8d. Det ang\u00e5r ikke oss unge, kommenterer en kar i 20-\u00e5rene. <\/p>\n<p class=\"_paragraph_o9xde_4 _paragraph_xtcu6_10 layout-component text-serif-m layout-normal text-serif-m layout-padded\">Han er p\u00e5 bygdefest og konsert med tr\u00f8nderbandet Stj\u00f8rna Heimbrentslag. <\/p>\n<p class=\"_paragraph_o9xde_4 _paragraph_xtcu6_10 layout-component text-serif-m layout-normal text-serif-m layout-padded\">Alkoholposer gjemmes under postkasser utenfor lokalet Trudvang i nabobygda Sunndals\u00f8ra.<\/p>\n<p class=\"_paragraph_o9xde_4 _paragraph_xtcu6_10 layout-component text-serif-m layout-normal text-serif-m layout-padded\">R\u00e5nere ragger fordi.<\/p>\n<p><img alt=\"Daniel Ranheim (20) eier kveldens guleste og kuleste, gatebilen \u00abGula Blend\u00bb.\" class=\"_image_qp4xg_65 layout-component layout-normal\" data-fullscreen- data-track-element-type=\"Article image fullscreen\" data-track-name=\"ImageFullscreen\" decoding=\"async\" loading=\"lazy\" height=\"3922\" itemprop=\"image\"  src=\"https:\/\/www.europesays.com\/no\/wp-content\/uploads\/2025\/11\/c0d02362-0744-4b1d-9e97-320895bb596c\"  style=\"object-position:0% 0%\" width=\"5939\"\/>Daniel Ranheim (20) eier kveldens guleste og kuleste, gatebilen \u00abGula Blend\u00bb.<\/p>\n<p class=\"_paragraph_o9xde_4 _paragraph_xtcu6_10 layout-component text-serif-m layout-normal text-serif-m layout-padded\">Innomhus dundrer en forunderlig fengende miks av tr\u00f8nderrock, dansebandmusikk og pop gjennom lokalet.<\/p>\n<p class=\"_paragraph_o9xde_4 _paragraph_xtcu6_10 layout-component text-serif-m layout-normal text-serif-m layout-padded\">Men de fleste ogs\u00e5 her mener det bare er fint at mudderet under overflaten flyter opp.<\/p>\n<p class=\"_paragraph_o9xde_4 _paragraph_xtcu6_10 layout-component text-serif-m layout-normal text-serif-m layout-padded\">\u2013 Det er bra at ordf\u00f8reren g\u00e5r ut. Vi vet om ryktene og hva de g\u00e5r ut p\u00e5, sier produksjonsteknikk-l\u00e6rling Jo \u00d8stb\u00f8 (19).<\/p>\n<p class=\"_paragraph_o9xde_4 _paragraph_xtcu6_10 layout-component text-serif-m layout-normal text-serif-m layout-padded\">Foreldrene vet mer, antar han. Men tiden g\u00e5r. Kanskje er den l\u00f8sningen for Surnadals dilemma.<\/p>\n<p class=\"_paragraph_o9xde_4 _paragraph_xtcu6_10 layout-component text-serif-m layout-normal text-serif-m layout-padded\">P\u00e5 bygdefesten virrer scenelys over livsglede.<\/p>\n<p class=\"_paragraph_o9xde_4 _paragraph_xtcu6_10 layout-component text-serif-m layout-normal text-serif-m layout-padded\">Her rettes blikkene mot fremtiden.<\/p>\n<p><a class=\"_link_1woao_14\" data-track-id=\"teaser:dRodnX\" data-track-impression=\"true\" data-track-name=\"Dobbeltmoralen p\u00e5 bygda \" href=\"https:\/\/www.vg.no\/nyheter\/i\/dRodnX\/hans-hyldbakk-ryktene-i-surnadal-dobbeltmoralen-paa-bygda\" rel=\"nofollow noopener\" target=\"_blank\">Dobbeltmoralen p\u00e5 bygda <img decoding=\"async\" alt=\"\" class=\"_image_1woao_6\" height=\"3922\" loading=\"lazy\"  src=\"https:\/\/www.europesays.com\/no\/wp-content\/uploads\/2025\/11\/41acc10f-523f-4829-a4df-1ffe9aea8f03\"  width=\"5939\"\/><\/a>    <\/p>\n","protected":false},"excerpt":{"rendered":"Flere i Surnadal hevder at den avd\u00f8de kulturpersonligheten Hans Hyldbakk utsatte dem for overgrep som barn. Ordf\u00f8rer Hugo&hellip;\n","protected":false},"author":2,"featured_media":94690,"comment_status":"","ping_status":"","sticky":false,"template":"","format":"standard","meta":{"footnotes":""},"categories":[10],"tags":[20,21,24,25,7594,15,7597,22,23,13,30,28,29,14,1622,16,1716,26,27],"class_list":{"0":"post-94689","1":"post","2":"type-post","3":"status-publish","4":"format-standard","5":"has-post-thumbnail","7":"category-norge","8":"tag-breaking-news","9":"tag-breakingnews","10":"tag-featured-news","11":"tag-featurednews","12":"tag-hans-hyldbakk","13":"tag-headlines","14":"tag-kleiva","15":"tag-latest-news","16":"tag-latestnews","17":"tag-news","18":"tag-no","19":"tag-norge","20":"tag-norway","21":"tag-nyheter","22":"tag-overgrep","23":"tag-overskrifter","24":"tag-surnadal","25":"tag-top-stories","26":"tag-topstories"},"share_on_mastodon":{"url":"https:\/\/pubeurope.com\/@no\/115600279919799952","error":""},"_links":{"self":[{"href":"https:\/\/www.europesays.com\/no\/wp-json\/wp\/v2\/posts\/94689","targetHints":{"allow":["GET"]}}],"collection":[{"href":"https:\/\/www.europesays.com\/no\/wp-json\/wp\/v2\/posts"}],"about":[{"href":"https:\/\/www.europesays.com\/no\/wp-json\/wp\/v2\/types\/post"}],"author":[{"embeddable":true,"href":"https:\/\/www.europesays.com\/no\/wp-json\/wp\/v2\/users\/2"}],"replies":[{"embeddable":true,"href":"https:\/\/www.europesays.com\/no\/wp-json\/wp\/v2\/comments?post=94689"}],"version-history":[{"count":0,"href":"https:\/\/www.europesays.com\/no\/wp-json\/wp\/v2\/posts\/94689\/revisions"}],"wp:featuredmedia":[{"embeddable":true,"href":"https:\/\/www.europesays.com\/no\/wp-json\/wp\/v2\/media\/94690"}],"wp:attachment":[{"href":"https:\/\/www.europesays.com\/no\/wp-json\/wp\/v2\/media?parent=94689"}],"wp:term":[{"taxonomy":"category","embeddable":true,"href":"https:\/\/www.europesays.com\/no\/wp-json\/wp\/v2\/categories?post=94689"},{"taxonomy":"post_tag","embeddable":true,"href":"https:\/\/www.europesays.com\/no\/wp-json\/wp\/v2\/tags?post=94689"}],"curies":[{"name":"wp","href":"https:\/\/api.w.org\/{rel}","templated":true}]}}