{"id":94699,"date":"2025-11-23T17:57:11","date_gmt":"2025-11-23T17:57:11","guid":{"rendered":"https:\/\/www.europesays.com\/no\/94699\/"},"modified":"2025-11-23T17:57:11","modified_gmt":"2025-11-23T17:57:11","slug":"kunst-helse-slik-hedret-linus-10-oldemoren-betydde-masse","status":"publish","type":"post","link":"https:\/\/www.europesays.com\/no\/94699\/","title":{"rendered":"Kunst, Helse | Slik hedret Linus (10) oldemoren: \u2013 Betydde masse"},"content":{"rendered":"\n<p><a rel=\"Follow nofollow noopener\" href=\"https:\/\/www.rb.no\/slik-hedret-linus-10-oldemoren-betydde-masse\/s\/5-43-2611332\" target=\"_blank\">(Romerikes Blad)<\/a>: \u2013 Det var veldig spesielt \u00e5 f\u00e5 gj\u00f8re dette, og det betydde masse for meg.<\/p>\n<p>Det sier Linus Hillingseter (10) fra Bj\u00f8rkelangen. Hans oldemor, som han hadde et n\u00e6rt forhold til, gikk bort i september.<\/p>\n<p>Da bestemte Linus seg for \u00e5 hedre henne p\u00e5 en helt spesiell m\u00e5te.<\/p>\n<p>Romerikes Blad har tidligere omtalt hans kunstnertalent. Flere store kunstnere har latt seg imponere over maleferdighetene hans:<\/p>\n<p><b>Les ogs\u00e5:<\/b> <a class=\"simple-relation related-teaser article--c-eRUmMG article--c-eRUmMG-fZoQSp-design-nettavisen article--c-eRUmMG-gwthdJ-cv\" href=\"https:\/\/www.nettavisen.no\/skandalost-for-kvinner-med-fodselsdepresjon\/o\/5-95-2733477\" rel=\"nofollow noopener\" target=\"_blank\">Skandal\u00f8st for kvinner med f\u00f8dselsdepresjon<\/a><\/p>\n<p>\u2013 St\u00f8rste fan<\/p>\n<p>Det var Linus sin bestemor som spurte om han kunne tenke seg \u00e5 male p\u00e5 urna til oldemoren.<\/p>\n<p>\u2013 Det hadde jeg lyst til. Oldemor har alltid likt maleriene mine godt, og kj\u00f8pte lerreter til meg i bursdagsgave, sier Linus.<\/p>\n<p>\u2013 Ja, hun var vel en av dine st\u00f8rste fans, istemmer Mike Hillingseter, pappaen til Linus.<\/p>\n<p>Oldemoren var fra Vestlandet. P\u00e5 urna har han derfor malt fjell, vann og natur.<\/p>\n<p>Han har ogs\u00e5 valgt h\u00f8stfarger, fordi oldemoren var glad i h\u00f8sten.<\/p>\n<p>   <img decoding=\"async\" width=\"1536\" height=\"1762\" fetchpriority=\"low\"  loading=\"lazy\"  src=\"https:\/\/www.europesays.com\/no\/wp-content\/uploads\/2025\/11\/att.lt5HH-G_DL4g0OEDxeJ75ilbB0VL76aB34TYilEVH8c.JPG\" alt=\"\" class=\"brick-c-cFOWSL\" style=\"--brick-image-ratio: 1536 \/ 1762;\"\/><\/p>\n<p>      MINNER OM VESTLANDET: Linus har malt natur fra Vestlandet, der oldemoren var fra.<br \/>\n      Foto: Privat\n    <\/p>\n<p>  \u2013 Trist<\/p>\n<p>\u2013 Det er trist at hun er borte. Vi var veldig glade i hverandre, og jeg savner henne hver dag, sier Linus.<\/p>\n<p>Pappa Mike sier det betyr mye for alle i familien at s\u00f8nnen ville male p\u00e5 urna.<\/p>\n<p>\u2013 Vi har alle sett hvor glad hun var i Linus, og hvor stolt hun var over malingen hans. N\u00e5 har hun f\u00e5tt sin siste hvileplass i en egen stil, og ikke en kjedelig og trist urne, sier Hillingseter.<\/p>\n","protected":false},"excerpt":{"rendered":"(Romerikes Blad): \u2013 Det var veldig spesielt \u00e5 f\u00e5 gj\u00f8re dette, og det betydde masse for meg. Det&hellip;\n","protected":false},"author":2,"featured_media":94700,"comment_status":"","ping_status":"","sticky":false,"template":"","format":"standard","meta":{"footnotes":""},"categories":[5],"tags":[20,21,24,25,15,19,22,23,17,18,13,30,28,29,14,16,26,27],"class_list":{"0":"post-94699","1":"post","2":"type-post","3":"status-publish","4":"format-standard","5":"has-post-thumbnail","7":"category-overskrifter","8":"tag-breaking-news","9":"tag-breakingnews","10":"tag-featured-news","11":"tag-featurednews","12":"tag-headlines","13":"tag-hovedoppslag","14":"tag-latest-news","15":"tag-latestnews","16":"tag-main-news","17":"tag-mainnews","18":"tag-news","19":"tag-no","20":"tag-norge","21":"tag-norway","22":"tag-nyheter","23":"tag-overskrifter","24":"tag-top-stories","25":"tag-topstories"},"share_on_mastodon":{"url":"https:\/\/pubeurope.com\/@no\/115600309960485748","error":""},"_links":{"self":[{"href":"https:\/\/www.europesays.com\/no\/wp-json\/wp\/v2\/posts\/94699","targetHints":{"allow":["GET"]}}],"collection":[{"href":"https:\/\/www.europesays.com\/no\/wp-json\/wp\/v2\/posts"}],"about":[{"href":"https:\/\/www.europesays.com\/no\/wp-json\/wp\/v2\/types\/post"}],"author":[{"embeddable":true,"href":"https:\/\/www.europesays.com\/no\/wp-json\/wp\/v2\/users\/2"}],"replies":[{"embeddable":true,"href":"https:\/\/www.europesays.com\/no\/wp-json\/wp\/v2\/comments?post=94699"}],"version-history":[{"count":0,"href":"https:\/\/www.europesays.com\/no\/wp-json\/wp\/v2\/posts\/94699\/revisions"}],"wp:featuredmedia":[{"embeddable":true,"href":"https:\/\/www.europesays.com\/no\/wp-json\/wp\/v2\/media\/94700"}],"wp:attachment":[{"href":"https:\/\/www.europesays.com\/no\/wp-json\/wp\/v2\/media?parent=94699"}],"wp:term":[{"taxonomy":"category","embeddable":true,"href":"https:\/\/www.europesays.com\/no\/wp-json\/wp\/v2\/categories?post=94699"},{"taxonomy":"post_tag","embeddable":true,"href":"https:\/\/www.europesays.com\/no\/wp-json\/wp\/v2\/tags?post=94699"}],"curies":[{"name":"wp","href":"https:\/\/api.w.org\/{rel}","templated":true}]}}