{"id":94707,"date":"2025-11-23T18:05:28","date_gmt":"2025-11-23T18:05:28","guid":{"rendered":"https:\/\/www.europesays.com\/no\/94707\/"},"modified":"2025-11-23T18:05:28","modified_gmt":"2025-11-23T18:05:28","slug":"svensk-skandale","status":"publish","type":"post","link":"https:\/\/www.europesays.com\/no\/94707\/","title":{"rendered":"Svensk skandale"},"content":{"rendered":"<p>MED en svensk skandale fikk langrenn en fin sesongstart. Denne lille vinterleken er helt avhengig av de sterke f\u00f8lelsene i Sverige.<\/p>\n<p>I hvert fall s\u00e5 lenge skandalen er av det s\u00e6re slaget:<\/p>\n<p>Vidunderbarnet Alvar Myhlback <a href=\"https:\/\/www.expressen.se\/sport\/langdskidor\/vill-andra-reglerna-efter-myhlbacks-diskning\/\" rel=\"nofollow noopener\" target=\"_blank\">ble disket underveis<\/a> i den svenske sesongstarten fordi han i sommer glemte \u00e5 ta p\u00e5 solbrillene i et rulleskirenn.<\/p>\n<p>Det skjedde etter at en tjuvstart under sprinten i sprengkulda i nordsvenske G\u00e4llivare ga ham advarsel og et gult kort. I farta husket ingen bortsett fra juryen, at Alvar ogs\u00e5 hadde med seg\u00a0en annen\u00a0advarsel fra f\u00f8r. Under et rulleskirenn i sommer gikk han\u00a0uten solbriller som er p\u00e5budt for \u00e5 beskytte \u00f8ynene mot stavstikk i trange felt.<\/p>\n<p>Det betydde to gule kort til sammen, og da var det rett ut av denne svenske sprinttesten der Myhlback var en av de st\u00f8rste favorittene. Og dessuten et renn der svenske skifans h\u00e5pet ville gi unggutten lyst til \u00e5 v\u00e6re med i OL:<\/p>\n<p>&#8211; Helt vilt at det gule kortet f\u00f8lger med inn i sesongen. Det er idiotisk, sa en rasende 19-\u00e5ring til Svensk Television (SVT), og fikk full st\u00f8tte fra hele Ski-Sverige.<\/p>\n<p>SVENSKE skifans var sinte allerede sist vinter da Myhlback ble <a href=\"https:\/\/www.dagbladet.no\/sport\/splitter-sverige\/82584916\" rel=\"nofollow noopener\" target=\"_blank\">vraket til junior-VM<\/a> fordi han valgte langl\u00f8p med seniorer i stedet for utakningsrenn for juniorl\u00f8pere.\u00a0<\/p>\n<p>Hos naboen er det blitt et nasjonalt prosjekt \u00e5 f\u00e5 med langl\u00f8pssensasjonen Alvar Myhlback til vinter-OL etter at han rett etter dette br\u00e5ket\u00a0 vant Vasaloppet bare 18 \u00e5r gammel.<\/p>\n<p>N\u00e5r det gjelder ekstrem utholdenhet har sporten knapt sett et st\u00f8rre talent enn denne svenske unggutten.<\/p>\n<p>    <a itemprop=\"url\" href=\"https:\/\/www.dagbladet.no\/sport\/splitter-sverige\/82584916\" rel=\"nofollow noopener\" target=\"_blank\"><\/p>\n<p>      <img loading=\"lazy\" decoding=\"async\" src=\"https:\/\/www.europesays.com\/no\/wp-content\/uploads\/2025\/11\/78287988.webp\" width=\"980\" height=\"441\" title=\"Splitter Sverige\" alt=\"\" class=\"lazyload\" style=\"--aspect-ratio-image: 2.22; \"\/><\/p>\n<p>        Splitter Sverige<\/p>\n<p>    <\/a><\/p>\n<p>SVENSK talent i skisporet er det helt n\u00f8dvendig \u00e5 ta vare p\u00e5. Ogs\u00e5 for Norge. Langrennssporten er jo egentlig bare en utvidet landskamp mot Sverige. I hvert fall s\u00e5 lenge Putins krig stenger sporet for russerne.<\/p>\n<p>Da er det trist for alle som er glad i langrenn, at det er mer enn 12 \u00e5r siden en svensk herrel\u00f8per vant et OL &#8211; eller VM-gull.<\/p>\n<p>Og n\u00e5 er det slett ikke sikkert at sensasjonen Alvar Myhlback gidder \u00e5 v\u00e6re med i noe mesterskap engang.<\/p>\n<p>Han er mest glad i langl\u00f8p, og er lei alt maset om at han heller burde satse p\u00e5 tradisjonelt langrenn og vinter-OL i Val di Fiemme. Ten\u00e5ringen synes det blir for mye press.<\/p>\n<p>    <a itemprop=\"url\" href=\"https:\/\/www.dagbladet.no\/sport\/advarer-norge\/83431370\" rel=\"nofollow noopener\" target=\"_blank\"><\/p>\n<p>      <img loading=\"lazy\" decoding=\"async\" src=\"https:\/\/www.europesays.com\/no\/wp-content\/uploads\/2025\/11\/83431433.webp\" width=\"980\" height=\"441\" title=\"Advarer Norge\" alt=\"\" class=\"lazyload\" style=\"--aspect-ratio-image: 2.22; \"\/><\/p>\n<p>        Advarer Norge<\/p>\n<p>    <\/a><\/p>\n<p>DAGEN etter \u00e5 ha blitt disket, angrep Alvar i stedet skikommentatorene p\u00e5 den svenske langrennskanalen Viaplay som ville ha ham til \u00e5 si ja til OL:<\/p>\n<p>&#8211; Viaplay er noen j\u00e6vla idioter, <a href=\"https:\/\/www.expressen.se\/sport\/langdskidor\/alvar-myhlback-rasar-mot-viaplay-javla-fjantar\/\" rel=\"nofollow noopener\" target=\"_blank\">mente<\/a> Myhlback om alt maset p\u00e5 TV om at han m\u00e5 droppe de langl\u00f8pene han liker best.<\/p>\n<p>Den unge Vasalopp-vinneren liker ingen av disse skiekspertene,<a href=\"https:\/\/www.expressen.se\/sport\/langdskidor\/alvar-myhlback-rasar-mot-viaplay-javla-fjantar\/\" rel=\"nofollow noopener\" target=\"_blank\">\u00a0bortsett fra Johan Olsson<\/a>, da; den siste svenske herrel\u00f8peren som tok et VM-gull. Det tidlige, trassige rykket hans til en rekordlang seiersgang p\u00e5 5-mila under VM i Val di Fiemme i 2013, er nettopp eksempelet p\u00e5 hvor mye vi har savnet disse mange store svenske \u00f8yeblikkene i herrelangrenn.<\/p>\n<p>    <a itemprop=\"url\" href=\"https:\/\/www.dagbladet.no\/sport\/dum-svensk-melding\/77923441\" rel=\"nofollow noopener\" target=\"_blank\"><\/p>\n<p>      <img loading=\"lazy\" decoding=\"async\" src=\"https:\/\/www.europesays.com\/no\/wp-content\/uploads\/2025\/11\/83887983.webp\" width=\"980\" height=\"441\" title=\"Dum svensk melding\" alt=\"\" class=\"lazyload\" style=\"--aspect-ratio-image: 2.22; \"\/><\/p>\n<p>        Dum svensk melding<\/p>\n<p>    <\/a><\/p>\n<p>KRANGELEN rundt Alvar Myhlback har v\u00e6rt oppslag i de svenske sportsmediene gjennom hele helga, bare <a href=\"https:\/\/www.aftonbladet.se\/sportbladet\/a\/Wvl64j\/stavas-skistads-plan-fallerade-fick-rott-kort\" rel=\"nofollow noopener\" target=\"_blank\">avbrutt <\/a>av en nyhet om en aldri s\u00e5 liten norsk skandale.\u00a0<\/p>\n<p>For det vakte selvsagt\u00a0<a href=\"https:\/\/www.expressen.se\/sport\/langdskidor\/norska-stjarnan-blev-diskad-medvetet\/\" rel=\"nofollow noopener\" target=\"_blank\">svensk latter<\/a> at deres motstander nummer en i skisporet; Kristine Stav\u00e5s Skistad, <a href=\"https:\/\/www.dagbladet.no\/sport\/kan-fa-rodt-kort-med-vilje\/83882722\" rel=\"nofollow noopener\" target=\"_blank\">pr\u00f8vde \u00e5 lure seg til et gult kort<\/a> p\u00e5 Beitost\u00f8len for ikke \u00e5 bli utestengt hvis hun begynner \u00e5 krangle i l\u00f8ypa med de svenske skijentene under verdenscupstarten til uka.<\/p>\n<p>Og da kan enda en svensk\/norsk langrennsvinter begynne.<\/p>\n<p>    <a itemprop=\"url\" href=\"https:\/\/www.dagbladet.no\/sport\/ma-hjem-og-laere-regler\/83886968\" rel=\"nofollow noopener\" target=\"_blank\"><\/p>\n<p>      <img loading=\"lazy\" decoding=\"async\" src=\"https:\/\/www.europesays.com\/no\/wp-content\/uploads\/2025\/11\/83887291.webp\" width=\"980\" height=\"441\" title=\"- M\u00e5 hjem og l\u00e6re regler\" alt=\"\" class=\"lazyload\" style=\"--aspect-ratio-image: 2.22; \"\/><\/p>\n<p>        &#8211; M\u00e5 hjem og l\u00e6re regler<\/p>\n<p>    <\/a><\/p>\n<p>FOR \u00e5 ta de felles skireglene v\u00e5re f\u00f8rst. Det er nok greit at det internasjonale skiforbundet (FIS) p\u00e5 nytt diskuterer om det er lurt at gule kort p\u00e5 rulleski blir med til vintersesongen.<\/p>\n<p>Og s\u00e5 er det flott at juryen p\u00e5 Beitost\u00f8len <a href=\"https:\/\/www.dagbladet.no\/sport\/ma-hjem-og-laere-regler\/83886968\" rel=\"nofollow noopener\" target=\"_blank\">stoppet<\/a> Kristine Stav\u00e5s Skistad sitt annonserte fors\u00f8k p\u00e5 \u00e5 omg\u00e5 regelverket ved \u00e5 skaffe seg sitt andre gule kort i g\u00e5r, og slik sone ferdig straffen p\u00e5 dagens 10km fri i stedet for \u00e5 risikere noe i verdenscupen.<\/p>\n<p>S\u00e5nn var det dumt av Skistad <a href=\"https:\/\/www.dagbladet.no\/sport\/ma-hjem-og-laere-regler\/83886968\" rel=\"nofollow noopener\" target=\"_blank\">\u00e5 trosse advarslene <\/a>fra juryformann Torbj\u00f8rn Broks Pettersen mot \u00e5 filme seg til et nytt gult kort. Da hjalp det ikke at hun gjennomf\u00f8rte stuntet sitt med et smil. Hun fikk <a href=\"https:\/\/www.dagbladet.no\/sport\/ma-hjem-og-laere-regler\/83886968\" rel=\"nofollow noopener\" target=\"_blank\">r\u00f8dt kort<\/a> i stedet, og m\u00e5 likevel ta med seg det gamle advarselen til internasjonal start i Ruka.<\/p>\n<p>I Finland blir et gule kort fort alvor n\u00e5r det gjelder \u00e5 vinne den svensk\/norske landskampen.<\/p>\n<p>DER har Norge v\u00e6rt suverene i ti\u00e5r helt til de svenske jentene tok alle gullene under ski-VM i Trondheim sist vinter. Da ble det 6 &#8211; 6 i antall seire mellom Sverige og Norge. Eller Sverige og Johannes H\u00f8sflot Kl\u00e6bo, om du vil.<\/p>\n<p>Det siste er ganske upresist. Toppen i norsk herrelangrenn er definitivt mye bredere enn fenomenale Kl\u00e6bo. Derfor er det p\u00e5fallende kvalitetsforskjell p\u00e5 herreklassen i G\u00e4llivare og p\u00e5 Beitost\u00f8len. Svenskene er ikke i n\u00e6rheten av den norske bredden.<\/p>\n<p>Men de har heldigvis f\u00e5tt opp et par spennende l\u00f8pere.\u00a0<\/p>\n<p>    <a itemprop=\"url\" href=\"https:\/\/www.dagbladet.no\/sport\/far-sjokk\/83886963\" rel=\"nofollow noopener\" target=\"_blank\"><\/p>\n<p>      <img loading=\"lazy\" decoding=\"async\" src=\"https:\/\/www.europesays.com\/no\/wp-content\/uploads\/2025\/11\/1763921126_598_83887669.webp\" width=\"980\" height=\"441\" title=\"- F\u00e5r sjokk\" alt=\"\" class=\"lazyload\" style=\"--aspect-ratio-image: 2.22; \"\/><\/p>\n<p>        &#8211; F\u00e5r sjokk<\/p>\n<p>    <\/a><\/p>\n<p>DEN unge sprinteren Edvin Anger fortsetter framgangen p\u00e5 distanse. I g\u00e5r var han suveren p\u00e5 10km klassisk i G\u00e4llivare, selv om avstanden bakover p\u00e5 nesten 50 sekunder sannsynligvis forteller like mye om et svakt svensk niv\u00e5.<\/p>\n<p>P\u00e5 sprinten var han derimot <a href=\"https:\/\/www.svt.se\/sport\/langdskidor\/skrallen-anton-grahn-knackte-edvin-anger-pa-upploppet\" rel=\"nofollow noopener\" target=\"_blank\">sjansel\u00f8s i spurten<\/a> mot den 21 \u00e5r gamle kometen Anton Grahn. Fjor\u00e5rets <a href=\"https:\/\/no.wikipedia.org\/wiki\/U23-VM_p%C3%A5_ski_2025\" rel=\"nofollow noopener\" target=\"_blank\">U-23 verdensmester<\/a> er en r\u00e5 avslutter i staking. Det gj\u00f8r ham til en outsider p\u00e5 den klassiske sprinten i OL.<\/p>\n<p>Da har i det minste svenskene to l\u00f8pere med kapasitet til \u00e5 ta OL-medalje i vinterleker der Norge vil dominere i herreklassen. Det viste Kl\u00e6bos to seire og glimrende sesongstart, kombinert med flere sterke norske klassiske resultater p\u00e5 Beitost\u00f8len.<\/p>\n<p>    <a itemprop=\"url\" href=\"https:\/\/www.dagbladet.no\/sport\/stikk-fra-norge\/83647386\" rel=\"nofollow noopener\" target=\"_blank\"><\/p>\n<p>      <img loading=\"lazy\" decoding=\"async\" src=\"https:\/\/www.europesays.com\/no\/wp-content\/uploads\/2025\/11\/83655859.webp\" width=\"980\" height=\"441\" title=\"Stikk fra Norge\" alt=\"\" class=\"lazyload\" style=\"--aspect-ratio-image: 2.22; \"\/><\/p>\n<p>        Stikk fra Norge<\/p>\n<p>    <\/a><\/p>\n<p>DEN\u00a0store norske skiinteressen gj\u00f8r at det er mulig \u00e5 ha lange proffkarrierer. Det er noe av \u00e5rsaken til den overlegne norske bredden.<\/p>\n<p>P\u00e5 10km klassisk imponerte 34-\u00e5ringene Didrik T\u00f8nseth (tredjeplass) og Emil Iversen (nummer \u00e5tte) p\u00e5 en <a href=\"https:\/\/www.skiforbundet.no\/globalassets\/04-gren---medier\/langrenn\/04-resultater\/2025-2026\/11-beitostolen\/20251122-beitostolen-10km-c-men.pdf\" rel=\"nofollow noopener\" target=\"_blank\">resultatliste<\/a>\u00a0ellers preget av\u00a0 landslagsl\u00f8perne.<\/p>\n<p>Den samme t\u00e5lmodigheten gikk igjen p\u00e5 <a href=\"https:\/\/www.skiforbundet.no\/globalassets\/04-gren---medier\/langrenn\/04-resultater\/2025-2026\/11-beitostolen\/20251122-beitostolen-10km-c-women.pdf\" rel=\"nofollow noopener\" target=\"_blank\">jentenes 10km<\/a> der den store overraskelsen var tredjeplassen til 26 \u00e5r gamle Julie Bjervig Drivenes. Hun har jobbet lenge for dette knall\u00f8pet.<\/p>\n<p>VINNEREN Heidi Weng er ogs\u00e5 34 \u00e5r og godt voksen. Selv om niv\u00e5et p\u00e5 treningen de siste par m\u00e5nedene har v\u00e6rt litt ustabilt, kommer hun og tre \u00e5r eldre Astrid \u00d8yre Slind til \u00e5 v\u00e6re de to distansel\u00f8perne som er n\u00e6rmest Frida Karlsson, Ebba Andersson, Linn Svahn og Jonna Sundling fra den svenske gullalderen i kvinneklassen.<\/p>\n<p>Hvor n\u00e6re f\u00e5r vi se i verdenscup\u00e5pningen i finske Ruka fra fredag. Dess tettere mellom Sverige og Norge, dess bedre for sporten.<\/p>\n<p>    <a itemprop=\"url\" href=\"https:\/\/www.dagbladet.no\/sport\/bekrefter-brudd\/83550912\" rel=\"nofollow noopener\" target=\"_blank\"><\/p>\n<p>      <img loading=\"lazy\" decoding=\"async\" src=\"https:\/\/www.europesays.com\/no\/wp-content\/uploads\/2025\/11\/83550979.webp\" width=\"980\" height=\"441\" title=\"Bekrefter brudd\" alt=\"\" class=\"lazyload\" style=\"--aspect-ratio-image: 2.22; \"\/><\/p>\n<p>        Bekrefter brudd<\/p>\n<p>    <\/a><\/p>\n<p>\u00a0<\/p>\n","protected":false},"excerpt":{"rendered":"MED en svensk skandale fikk langrenn en fin sesongstart. Denne lille vinterleken er helt avhengig av de sterke&hellip;\n","protected":false},"author":2,"featured_media":94708,"comment_status":"","ping_status":"","sticky":false,"template":"","format":"standard","meta":{"footnotes":""},"categories":[59],"tags":[12272,12239,3647,12271,711,266,794,398,156,30,28,29,83,82],"class_list":{"0":"post-94707","1":"post","2":"type-post","3":"status-publish","4":"format-standard","5":"has-post-thumbnail","7":"category-sport","8":"tag-alvar-myhlback","9":"tag-didrik-tonseth","10":"tag-emil-iversen","11":"tag-gult-kort","12":"tag-johannes-hosflot-klaebo","13":"tag-kommentar","14":"tag-kristine-stavas-skistad","15":"tag-langrenn","16":"tag-meninger","17":"tag-no","18":"tag-norge","19":"tag-norway","20":"tag-sport","21":"tag-sports"},"share_on_mastodon":{"url":"https:\/\/pubeurope.com\/@no\/115600341546675420","error":""},"_links":{"self":[{"href":"https:\/\/www.europesays.com\/no\/wp-json\/wp\/v2\/posts\/94707","targetHints":{"allow":["GET"]}}],"collection":[{"href":"https:\/\/www.europesays.com\/no\/wp-json\/wp\/v2\/posts"}],"about":[{"href":"https:\/\/www.europesays.com\/no\/wp-json\/wp\/v2\/types\/post"}],"author":[{"embeddable":true,"href":"https:\/\/www.europesays.com\/no\/wp-json\/wp\/v2\/users\/2"}],"replies":[{"embeddable":true,"href":"https:\/\/www.europesays.com\/no\/wp-json\/wp\/v2\/comments?post=94707"}],"version-history":[{"count":0,"href":"https:\/\/www.europesays.com\/no\/wp-json\/wp\/v2\/posts\/94707\/revisions"}],"wp:featuredmedia":[{"embeddable":true,"href":"https:\/\/www.europesays.com\/no\/wp-json\/wp\/v2\/media\/94708"}],"wp:attachment":[{"href":"https:\/\/www.europesays.com\/no\/wp-json\/wp\/v2\/media?parent=94707"}],"wp:term":[{"taxonomy":"category","embeddable":true,"href":"https:\/\/www.europesays.com\/no\/wp-json\/wp\/v2\/categories?post=94707"},{"taxonomy":"post_tag","embeddable":true,"href":"https:\/\/www.europesays.com\/no\/wp-json\/wp\/v2\/tags?post=94707"}],"curies":[{"name":"wp","href":"https:\/\/api.w.org\/{rel}","templated":true}]}}