{"id":94716,"date":"2025-11-23T18:17:15","date_gmt":"2025-11-23T18:17:15","guid":{"rendered":"https:\/\/www.europesays.com\/no\/94716\/"},"modified":"2025-11-23T18:17:15","modified_gmt":"2025-11-23T18:17:15","slug":"trafikk-samferdsel-trafikkulykke-pa-e10","status":"publish","type":"post","link":"https:\/\/www.europesays.com\/no\/94716\/","title":{"rendered":"Trafikk, Samferdsel | Trafikkulykke p\u00e5 E10"},"content":{"rendered":"\n<p>Politiet melder om en trafikkulykke p\u00e5 E10 ved Leitet i Flakstad s\u00f8ndag formiddag.<\/p>\n<p>\u2013 En bil kj\u00f8rt utfor vei. N\u00f8detater p\u00e5 vei til stedet, skriver operasjonsleder Veronica Helen Nylund ved Nordland politidistrikt.<\/p>\n<p><b>Nylund forteller at det er to personer i bilen, turister i en leiebil. <\/b><\/p>\n<p>\u2013 Begge er ute av bilen og bevisste.<\/p>\n<p>Trafikken g\u00e5r som normalt p\u00e5 stedet.<\/p>\n<p><b>S\u00f8ndag ettermiddag opplyser politiet at de ikke oppretter sak p\u00e5 hendelsen. <\/b><\/p>\n<p>\u2013 Begge personene som var i bilen er uskadd. Den har kj\u00f8rt av veien i lav hastighet, sier Nylund.<\/p>\n","protected":false},"excerpt":{"rendered":"Politiet melder om en trafikkulykke p\u00e5 E10 ved Leitet i Flakstad s\u00f8ndag formiddag. \u2013 En bil kj\u00f8rt utfor&hellip;\n","protected":false},"author":2,"featured_media":94717,"comment_status":"","ping_status":"","sticky":false,"template":"","format":"standard","meta":{"footnotes":""},"categories":[10],"tags":[36,2840,20,21,24,25,15,22,23,13,30,28,29,14,16,223,1510,26,27,224],"class_list":{"0":"post-94716","1":"post","2":"type-post","3":"status-publish","4":"format-standard","5":"has-post-thumbnail","7":"category-norge","8":"tag-art","9":"tag-blalys","10":"tag-breaking-news","11":"tag-breakingnews","12":"tag-featured-news","13":"tag-featurednews","14":"tag-headlines","15":"tag-latest-news","16":"tag-latestnews","17":"tag-news","18":"tag-no","19":"tag-norge","20":"tag-norway","21":"tag-nyheter","22":"tag-overskrifter","23":"tag-samferdsel","24":"tag-story","25":"tag-top-stories","26":"tag-topstories","27":"tag-trafikk"},"share_on_mastodon":{"url":"https:\/\/pubeurope.com\/@no\/115600388717551181","error":""},"_links":{"self":[{"href":"https:\/\/www.europesays.com\/no\/wp-json\/wp\/v2\/posts\/94716","targetHints":{"allow":["GET"]}}],"collection":[{"href":"https:\/\/www.europesays.com\/no\/wp-json\/wp\/v2\/posts"}],"about":[{"href":"https:\/\/www.europesays.com\/no\/wp-json\/wp\/v2\/types\/post"}],"author":[{"embeddable":true,"href":"https:\/\/www.europesays.com\/no\/wp-json\/wp\/v2\/users\/2"}],"replies":[{"embeddable":true,"href":"https:\/\/www.europesays.com\/no\/wp-json\/wp\/v2\/comments?post=94716"}],"version-history":[{"count":0,"href":"https:\/\/www.europesays.com\/no\/wp-json\/wp\/v2\/posts\/94716\/revisions"}],"wp:featuredmedia":[{"embeddable":true,"href":"https:\/\/www.europesays.com\/no\/wp-json\/wp\/v2\/media\/94717"}],"wp:attachment":[{"href":"https:\/\/www.europesays.com\/no\/wp-json\/wp\/v2\/media?parent=94716"}],"wp:term":[{"taxonomy":"category","embeddable":true,"href":"https:\/\/www.europesays.com\/no\/wp-json\/wp\/v2\/categories?post=94716"},{"taxonomy":"post_tag","embeddable":true,"href":"https:\/\/www.europesays.com\/no\/wp-json\/wp\/v2\/tags?post=94716"}],"curies":[{"name":"wp","href":"https:\/\/api.w.org\/{rel}","templated":true}]}}