{"id":94718,"date":"2025-11-23T18:18:17","date_gmt":"2025-11-23T18:18:17","guid":{"rendered":"https:\/\/www.europesays.com\/no\/94718\/"},"modified":"2025-11-23T18:18:17","modified_gmt":"2025-11-23T18:18:17","slug":"vil-hente-mer-penger-fra-datasentre-e24","status":"publish","type":"post","link":"https:\/\/www.europesays.com\/no\/94718\/","title":{"rendered":"Vil hente mer penger fra datasentre \u2013 E24"},"content":{"rendered":"<p class=\"fullWidthDesktop hyperion-css-71ztg2\" data-test-tag=\"lead-text\">Senterpartiet vil gi datasentrene en h\u00f8yere elavgift. Partiet f\u00e5r st\u00f8tte av SV og R\u00f8dt. <\/p>\n<p><img decoding=\"async\" class=\"image-asset hyperion-css-u06ts1\" data-test-tag=\"image-asset\" src=\"https:\/\/www.europesays.com\/no\/wp-content\/uploads\/2025\/11\/182ee566-0995-4370-ab64-6bac2e4bf2dd\"  alt=\"KRAFTIG VEKST: Datasenterbransjen vokser i Norge og st\u00e5r n\u00e5 for 1 prosent av norsk str\u00f8mbruk. Bildet viser Bulk Infrastructures\u2019 datasenter i Oslo. \"  loading=\"eager\" fetchpriority=\"high\" style=\"aspect-ratio:1900 \/ 1267\"\/>KRAFTIG VEKST: Datasenterbransjen vokser i Norge og st\u00e5r n\u00e5 for 1 prosent av norsk str\u00f8mbruk. Bildet viser Bulk Infrastructures\u2019 datasenter i Oslo. Foto: Siv Dolmen \/ E24Publisert: Publisert: <\/p>\n<p>For mindre enn 3 timer siden<\/p>\n<p>Kortversjonen<\/p>\n<ul class=\"hyperion-css-pkq1ci\" data-test-tag=\"list\">\n<li class=\"hyperion-css-12h2ush\">Senterpartiet vil \u00f8ke elavgiften spesifikt for datasentre. <\/li>\n<li class=\"hyperion-css-12h2ush\">Partiet f\u00e5r st\u00f8tte av SV og R\u00f8dt. <\/li>\n<li class=\"hyperion-css-12h2ush\">Datasentre i Norge vil kunne bruke rundt 6 prosent av all norsk str\u00f8m i 2030, if\u00f8lge bransjen.<\/li>\n<li class=\"hyperion-css-12h2ush\">Str\u00f8mforbruket deres har \u00f8kt med 50 prosent fra f\u00f8rste halv\u00e5r 2024 til 2025, if\u00f8lge NVE. <\/li>\n<li class=\"hyperion-css-12h2ush\">Datasentre utgj\u00f8r over halve str\u00f8mk\u00f8en hos Statnett. <\/li>\n<\/ul>\n<p class=\"hyperion-css-10lbhat\">Oppsummeringen er laget av AI-verkt\u00f8yet ChatGPT og kvalitetssikret av E24s journalister<\/p>\n<p>Vis mer <\/p>\n<ul class=\"hyperion-css-pte5x0\">\n<li aria-label=\"link\" class=\"narrow-button hyperion-css-1sz7d3n\">Kopier lenke<\/li>\n<li aria-label=\"link\" class=\"wide-button hyperion-css-1sz7d3n\">Kopier lenke<\/li>\n<li aria-label=\"facebook\" class=\"narrow-button hyperion-css-1sz7d3n\">Del p\u00e5 Facebook<\/li>\n<li aria-label=\"facebook\" class=\"wide-button hyperion-css-1sz7d3n\">Del p\u00e5 Facebook<\/li>\n<li aria-label=\"email\" class=\"narrow-button hyperion-css-1sz7d3n\">Del med e-post<\/li>\n<li aria-label=\"email\" class=\"wide-button hyperion-css-1sz7d3n\">Del med e-post<\/li>\n<\/ul>\n<p class=\"hyperion-css-1lemvax\">\u2013 Senterpartiet mener det er rett og rimelig at datasentre bidrar med st\u00f8rre verdier til fellesskapet n\u00e5r de nyter godt av v\u00e5re felles naturressurser, sier Sps energipolitiske talsperson Maren Gr\u00f8the.<\/p>\n<p class=\"hyperion-css-1lemvax\">I budsjettforhandlingene som n\u00e5 p\u00e5g\u00e5r, tar partiet til orde for \u00e5 innf\u00f8re en h\u00f8yere elavgiftelavgiftEn avgift som legges p\u00e5 str\u00f8mforbruk, ofte brukt som et virkemiddel for \u00e5 regulere energibruk og inntekter til staten.. Denne skal kun gjelde for datasentre. <\/p>\n<p class=\"hyperion-css-1lemvax\">Dette er en bransje som vokser i rakettfart. <\/p>\n<p class=\"hyperion-css-1lemvax\">Per november har Nkom <a aria-label=\"registrert\" class=\"default hyperion-css-1rezu2g\" href=\"https:\/\/nkom.no\/datasenter\/oversikt\" rel=\"noopener nofollow noreferrer\" data-test-tag=\"external-link\" target=\"_blank\">registrert<\/a> 79 datasentre i Norge, hvorav \u00e5tte benyttes til utvinning av kryptovaluta. E24 har tidligere omtalt hvordan utenlandske akt\u00f8rer markedsf\u00f8rer Norge som <a data-test-tag=\"internal-link\" href=\"https:\/\/e24.no\/energi-og-klima\/i\/QMnrq8\/slik-markedsfoeres-norge-som-kryptomekka\" class=\"hyperion-css-1rezu2g\" rel=\"nofollow noopener\" target=\"\" aria-label=\"et kryptomekka.\">et kryptomekka.<\/a> <\/p>\n<p><img decoding=\"async\" class=\"image-asset hyperion-css-u06ts1\" data-test-tag=\"image-asset\" src=\"https:\/\/www.europesays.com\/no\/wp-content\/uploads\/2025\/11\/cf17b181-e223-44c2-bf59-cffdcc196489\"  alt=\"Energipolitisk talsperson Maren Gr\u00f8the i Senterpartiet. \"  loading=\"eager\" fetchpriority=\"high\" style=\"aspect-ratio:1900 \/ 1267\"\/>Energipolitisk talsperson Maren Gr\u00f8the i Senterpartiet. Foto: Ole Berg-Rusten \/ NTB<\/p>\n<p class=\"hyperion-css-1lemvax\">\u2013 Vi ser n\u00e5 et skred av selskaper som \u00f8nsker \u00e5 etablere datasentre her til lands. Bare det siste \u00e5ret har bransjens kraftforbruk \u00f8kt med 50 prosent. Samtidig m\u00e5 det stilles sp\u00f8rsm\u00e5l ved hvor mye det norske samfunnet f\u00e5r tilbake ved \u00e5 v\u00e6re s\u00e5 lukrative for denne typen n\u00e6ringsaktivitet, sier Gr\u00f8the.<\/p>\n<p><a data-test-tag=\"teaser-small:link-internal\" href=\"https:\/\/e24.no\/naeringsliv\/i\/0V51JB\/milliardaerene-bak-norske-datasentre-en-viktig-brikke\" class=\"imagePosition-top inline hyperion-css-6238vu\" rel=\"nofollow noopener\" target=\"\" aria-label=\"Milliard\u00e6rene bak norske datasentre: \u2013 En viktig brikke\"><\/p>\n<p>Les p\u00e5 E24+<\/p>\n<p>Milliard\u00e6rene bak norske datasentre: \u2013 En viktig brikke<\/p>\n<p><\/a>Vil begrense veksten<\/p>\n<p class=\"hyperion-css-1lemvax\">Senterpartiet foresl\u00e5r \u00e5 \u00f8ke elavgiften med 10 \u00f8re per kilowattime for datasentre. Partiet f\u00e5r st\u00f8tte av SV og R\u00f8dt.<\/p>\n<p class=\"hyperion-css-1lemvax\">\u2013 Ja, det kan vi st\u00f8tte, sier nestleder Lars Haltbrekken i SV.<\/p>\n<p><img decoding=\"async\" class=\"image-asset hyperion-css-u06ts1\" data-test-tag=\"image-asset\" src=\"https:\/\/www.europesays.com\/no\/wp-content\/uploads\/2025\/11\/467cb957-1c53-4d13-9b5f-bee36d7feaa7\"  alt=\"Nestleder i SV, Lars Haltbrekken. \"  loading=\"eager\" fetchpriority=\"high\" style=\"aspect-ratio:1900 \/ 1267\"\/>Nestleder i SV, Lars Haltbrekken. Foto: Skjalg B\u00f8hmer Vold<\/p>\n<p class=\"hyperion-css-1lemvax\">Det viktigste for partiet er likvel \u00e5 f\u00e5 kontroll over etableringen av datasentre, sier Haltbrekken.<\/p>\n<p class=\"hyperion-css-1lemvax\">SV \u00f8nsker \u00e5 innf\u00f8re en nasjonal konsesjonsordning for bransjen. I dag er det slik at datasentrene kan etablere seg s\u00e5 lenge de f\u00e5r byggetillatelse av kommunen og str\u00f8m av StatnettStatnettDet statlige selskapet som har ansvar for \u00e5 drifte det norske sentralnettet for str\u00f8m, som er hovedveiene i str\u00f8mnettet..<\/p>\n<p class=\"hyperion-css-1lemvax\">\u2013 Den voldsomme etableringen av datasentre vil ikke bare \u00f8ke str\u00f8mprisene. Det vil \u00f8ke tomteprisene ogs\u00e5, noe som vil v\u00e6re med p\u00e5 \u00e5 presse ut annen industri, sier Haltbrekken.<\/p>\n<p><a data-test-tag=\"teaser-small:link-internal\" href=\"https:\/\/e24.no\/boers-og-finans\/i\/vgE75j\/akers-ai-tomter-mangedoblet-i-verdi\" class=\"imagePosition-top inline hyperion-css-6238vu\" rel=\"nofollow noopener\" target=\"\" aria-label=\"Akers AI-tomter mangedoblet i verdi\"><\/p>\n<p>Les ogs\u00e5<\/p>\n<p>Akers AI-tomter mangedoblet i verdi<\/p>\n<p><\/a><\/p>\n<p class=\"hyperion-css-1lemvax\">Sofie Marhaug, energipolitisk talsperson i R\u00f8dt, sier partiet er \u00e5pne for tiltak som begrenser veksten av sentrene. <\/p>\n<p class=\"hyperion-css-1lemvax\">\u2013 R\u00f8dt er mer enn villig til \u00e5 diskutere alle slags tiltak, inkludert avgifter, for \u00e5 begrense veksten i datasentre, sier hun. <\/p>\n<p><img decoding=\"async\" class=\"image-asset hyperion-css-u06ts1\" data-test-tag=\"image-asset\" src=\"https:\/\/www.europesays.com\/no\/wp-content\/uploads\/2025\/11\/989319f3-b919-4a7d-9b09-68aad9722825\"  alt=\"Energipolitisk talsperson i R\u00f8dt, Sofie Marhaug. \"  loading=\"eager\" fetchpriority=\"high\" style=\"aspect-ratio:1900 \/ 1267\"\/>Energipolitisk talsperson i R\u00f8dt, Sofie Marhaug. Foto: Terje Bendiksby \/ NTB<\/p>\n<p class=\"hyperion-css-1lemvax\">MDG st\u00f8tter ikke forslaget. Partiet mener det ikke er grunn til \u00e5 gi bransjen d\u00e5rligere vilk\u00e5r enn annen industri.<\/p>\n<p>Str\u00f8mforbruket har \u00f8kt <\/p>\n<p class=\"hyperion-css-1lemvax\">Datasentrenes str\u00f8mforbruk har \u00f8kt med 50 prosent p\u00e5 ett \u00e5r, if\u00f8lge en en fersk <a aria-label=\"energirapport\" class=\"default hyperion-css-1rezu2g\" href=\"https:\/\/www.nve.no\/\/nytt-fra-nve\/nyheter-energi\/samlet-energibruk-i-norge-gaar-ned\/\" rel=\"noopener nofollow noreferrer\" data-test-tag=\"external-link\" target=\"_blank\">energirapport<\/a> fra Norges vassdrags- og energidirektorat (NVE). <\/p>\n<p class=\"hyperion-css-1lemvax\">Datasentre brukte 1,4 terawattimer (TWh) f\u00f8rste halv\u00e5r i 2025, sammenlignet med 0,9 TWh i samme periode i 2024.<\/p>\n<p class=\"hyperion-css-1lemvax\">I dag st\u00e5r bransjen for rundt 1 prosent av det samlede str\u00f8mforbruket i Norge.<\/p>\n<p><a data-test-tag=\"teaser-small:link-internal\" href=\"https:\/\/e24.no\/naeringsliv\/i\/o3XgLR\/over-halvparten-av-norske-datasentre-eies-fra-utlandet\" class=\"imagePosition-top inline hyperion-css-6238vu\" rel=\"nofollow noopener\" target=\"\" aria-label=\"Over halvparten av norske datasentre eies fra utlandet\"><\/p>\n<p>Les ogs\u00e5<\/p>\n<p>Over halvparten av norske datasentre eies fra utlandet<\/p>\n<p><\/a><\/p>\n<p class=\"hyperion-css-1lemvax\"><a aria-label=\"Bransjen selv\" class=\"default hyperion-css-1rezu2g\" href=\"https:\/\/www.datasenterindustrien.no\/okt-bruk-av-ki-krever-nye\" rel=\"noopener nofollow noreferrer\" data-test-tag=\"external-link\" target=\"_blank\">Bransjen selv<\/a> sier at datasentre vil kunne bruke rundt seks prosent av all norsk str\u00f8m i 2030. Dette vil \u00f8ke til om lag 9 prosent i 2040 og 11 prosent i 2050. Det forutsetter samtidig at det blir bygget ut mer fornybar energi, som havvind.<\/p>\n<p class=\"hyperion-css-1lemvax\">De siste \u00e5rene har det blitt trangt om plassen for selskaper som \u00f8nsker str\u00f8m i Norge. Det har oppst\u00e5tt lange k\u00f8er. \u00c5rsaken er at<a data-test-tag=\"internal-link\" href=\"https:\/\/e24.no\/energi-og-klima\/i\/bmBJ8e\/riksrevisjonen-kritisk-til-stroem-kapasitet\" class=\"hyperion-css-1rezu2g\" rel=\"nofollow noopener\" target=\"\" aria-label=\" str\u00f8mnettet ikke strekker til, \"> str\u00f8mnettet ikke strekker til, <\/a>samtidig som det bygges ut lite ny kraft.<\/p>\n<p><a data-test-tag=\"teaser-small:link-internal\" href=\"https:\/\/e24.no\/norsk-oekonomi\/i\/93gOX5\/datasentre-er-ikke-stroemverstingene-vi-tror\" class=\"imagePosition-top inline hyperion-css-6238vu\" rel=\"nofollow noopener\" target=\"\" aria-label=\"Datasentre er ikke str\u00f8mverstingene vi tror\"><\/p>\n<p>Les ogs\u00e5<\/p>\n<p>Datasentre er ikke str\u00f8mverstingene vi tror<\/p>\n<p><\/a><\/p>\n","protected":false},"excerpt":{"rendered":"Senterpartiet vil gi datasentrene en h\u00f8yere elavgift. Partiet f\u00e5r st\u00f8tte av SV og R\u00f8dt. KRAFTIG VEKST: Datasenterbransjen vokser&hellip;\n","protected":false},"author":2,"featured_media":94719,"comment_status":"","ping_status":"","sticky":false,"template":"","format":"standard","meta":{"footnotes":""},"categories":[5],"tags":[20,21,24,25,15,19,22,23,17,18,13,30,28,29,14,16,26,27],"class_list":{"0":"post-94718","1":"post","2":"type-post","3":"status-publish","4":"format-standard","5":"has-post-thumbnail","7":"category-overskrifter","8":"tag-breaking-news","9":"tag-breakingnews","10":"tag-featured-news","11":"tag-featurednews","12":"tag-headlines","13":"tag-hovedoppslag","14":"tag-latest-news","15":"tag-latestnews","16":"tag-main-news","17":"tag-mainnews","18":"tag-news","19":"tag-no","20":"tag-norge","21":"tag-norway","22":"tag-nyheter","23":"tag-overskrifter","24":"tag-top-stories","25":"tag-topstories"},"share_on_mastodon":{"url":"https:\/\/pubeurope.com\/@no\/115600392879014074","error":""},"_links":{"self":[{"href":"https:\/\/www.europesays.com\/no\/wp-json\/wp\/v2\/posts\/94718","targetHints":{"allow":["GET"]}}],"collection":[{"href":"https:\/\/www.europesays.com\/no\/wp-json\/wp\/v2\/posts"}],"about":[{"href":"https:\/\/www.europesays.com\/no\/wp-json\/wp\/v2\/types\/post"}],"author":[{"embeddable":true,"href":"https:\/\/www.europesays.com\/no\/wp-json\/wp\/v2\/users\/2"}],"replies":[{"embeddable":true,"href":"https:\/\/www.europesays.com\/no\/wp-json\/wp\/v2\/comments?post=94718"}],"version-history":[{"count":0,"href":"https:\/\/www.europesays.com\/no\/wp-json\/wp\/v2\/posts\/94718\/revisions"}],"wp:featuredmedia":[{"embeddable":true,"href":"https:\/\/www.europesays.com\/no\/wp-json\/wp\/v2\/media\/94719"}],"wp:attachment":[{"href":"https:\/\/www.europesays.com\/no\/wp-json\/wp\/v2\/media?parent=94718"}],"wp:term":[{"taxonomy":"category","embeddable":true,"href":"https:\/\/www.europesays.com\/no\/wp-json\/wp\/v2\/categories?post=94718"},{"taxonomy":"post_tag","embeddable":true,"href":"https:\/\/www.europesays.com\/no\/wp-json\/wp\/v2\/tags?post=94718"}],"curies":[{"name":"wp","href":"https:\/\/api.w.org\/{rel}","templated":true}]}}