{"id":94735,"date":"2025-11-23T18:54:14","date_gmt":"2025-11-23T18:54:14","guid":{"rendered":"https:\/\/www.europesays.com\/no\/94735\/"},"modified":"2025-11-23T18:54:14","modified_gmt":"2025-11-23T18:54:14","slug":"volodymyr-zelenskyj-ukraina-zelenskyj-takker-usa-amerikanerne-trump-europa-g7-og-g20","status":"publish","type":"post","link":"https:\/\/www.europesays.com\/no\/94735\/","title":{"rendered":"Volodymyr Zelenskyj, Ukraina | Zelenskyj takker USA, amerikanerne, Trump, Europa, G7 og G20"},"content":{"rendered":"\n<p>Ukraina er takknemlig overfor USA, amerikanere, Donald Trump, Europa, G7 og G20, skriver Volodymyr Zelenskyj etter at Trump anklaget ham for utakknemlighet.<\/p>\n<p><b>Les ogs\u00e5: <a class=\"simple-relation related-teaser article--c-eRUmMG article--c-eRUmMG-fZoQSp-design-nettavisen article--c-eRUmMG-gwthdJ-cv\" href=\"https:\/\/www.nettavisen.no\/trump-raser-mot-ukraina-viser-ingen-takknemlighet\/s\/5-95-2743133\" rel=\"nofollow noopener\" target=\"_blank\">Trump raser mot Ukraina: \u2013 Viser ingen takknemlighet<\/a><\/b><\/p>\n<p>\u2013 Startet med javelinene<\/p>\n<p>\u2013 Ukraina er takknemlig overfor USA, hvert amerikanske hjerte, og president Trump personlig for hjelpen \u2013 som startet med javelinene \u2013 med \u00e5 redde ukrainske liv, skriver Ukrainas president Zelenskyj i en lengre <a href=\"https:\/\/x.com\/ZelenskyyUa\/status\/1992640996216017317\" rel=\"nofollow\">uttalelse <\/a> publisert p\u00e5 X.<\/p>\n<p>Javelin er amerikanske panservernraketter som USA f\u00f8rste gang forsynte Ukraina med allerede i 2018.<\/p>\n<p>\u2013 Vi takker alle i Europa, i G7 og i G20 som hjelper oss med \u00e5 forsvare liv. Det er viktig \u00e5 ta vare p\u00e5 den st\u00f8tten, fortsetter Zelenskyj.<\/p>\n<p>   <img decoding=\"async\" width=\"6909\" height=\"4606\" fetchpriority=\"low\"  loading=\"lazy\"  src=\"https:\/\/www.europesays.com\/no\/wp-content\/uploads\/2025\/11\/NTB_Pg6ZNvgsZgk.jpg\" alt=\"An honor guard carries the coffin of Ruslan Zhygunov, a Ukrainian serviceman, who was killed at the frontline near Rusyn Yar village, during his funeral ceremony in Hostomel, Ukraine, on Saturday, Nov. 22, 2025. (AP Photo\/Evgeniy Maloletka)\" class=\"brick-c-cFOWSL\" style=\"--brick-image-ratio: 6909 \/ 4606;\"\/><\/p>\n<p>      SISTE HVILE: Ruslan Zhygunov, en ukrainsk soldat som ble drept ved fronten, b\u00e6res her til sin siste hvile i Hostomel i Ukraina l\u00f8rdag.<br \/>\n      Foto: Evgeniy Maloletka (AP)\n    <\/p>\n<p>Meldingen publiseres samtidig som utsendinger fra Ukraina, USA og en rekke europeiske land er i Gen\u00e8ve for \u00e5 diskutere et amerikansk utkast til en fredsplan.<\/p>\n<p>I meldingen minner Zelenskyj om at \u00abkjernen i hele den diplomatiske situasjonen er at det var Russland, og bare Russland, som startet denne krigen\u00bb.<\/p>\n<p><b>Les ogs\u00e5: <a class=\"simple-relation related-teaser article--c-eRUmMG article--c-eRUmMG-fZoQSp-design-nettavisen article--c-eRUmMG-gwthdJ-cv\" href=\"https:\/\/www.nettavisen.no\/europeisk-motforslag-foreslar-ukraina-garanti-trekker-fram-natos-artikkel-5\/s\/5-95-2743220\" rel=\"nofollow noopener\" target=\"_blank\">Europeisk motforslag foresl\u00e5r Ukraina-garanti: Trekker fram Natos artikkel 5<\/a><\/b><\/p>\n<p>    Vil du se neste video?<\/p>\n<p>    <a href=\"https:\/\/www.nettavisen.no\/sport\/her-bryter-kronprins-haakon-inn-nar-prins-sverre-magnus-svarer-pa-italia-sporsmal-fra-norsk-presse\/v\/5-95-2731534\" class=\"recommend-poster\" data-adp-clicklabel=\"video-recommend\" data-adp-clickvalue=\"poster\" rel=\"nofollow noopener\" target=\"_blank\"><br \/>\n      <img decoding=\"async\" width=\"200\" height=\"200\" loading=\"lazy\" src=\"https:\/\/www.europesays.com\/no\/wp-content\/uploads\/2025\/11\/Kronprins+Haakon+til+cue.jpg\" alt=\"\" class=\"brick-c-cFOWSL\" style=\"--brick-image-ratio: 200 \/ 200;\"\/><\/p>\n<p>Her bryter kronprinsen inn0:38<\/p>\n<p>    <\/a><\/p>\n<p>\u2013 Drepe hva de vil<\/p>\n<p>\u2013 Det er Russland, og bare Russland, som har nektet \u00e5 avslutte den hele veien gjennom den fullskala invasjonen, skriver den ukrainske presidenten.<\/p>\n<p>\u2013 Helt fra de f\u00f8rste minuttene av 24. februar har Putin f\u00f8rt denne krigen med fullstendig \u00e5 ignorere hvor mange av sine egne folk han mister og hvor mange av v\u00e5re han dreper, skriver Zelenskyj.<\/p>\n<p>Han skriver at russiske kommandanter ikke bare er tilb\u00f8yelige til \u00e5 handle brutalt, men at de \u00abmottar eksplisitte ordre som tillater dem \u00e5 drepe hva de vil. Det er derfor Russlands krig er s\u00e5 blodig og tar liv b\u00e5de p\u00e5 frontlinjene og i fredelige ukrainske byer. Det er derfor Russland ikke bare dreper voksne, men ogs\u00e5 bortf\u00f8rer barn og pr\u00f8ver \u00e5 omskolere dem slik at de vil delta i krigen n\u00e5r de vokser opp\u00bb, skriver Ukrainas president.<\/p>\n<p>   <img decoding=\"async\" width=\"5000\" height=\"3229\" fetchpriority=\"low\"  loading=\"lazy\"  src=\"https:\/\/www.europesays.com\/no\/wp-content\/uploads\/2025\/11\/NTB_of6CegmfPCs.jpg\" alt=\"US Secretary of the Army Daniel Driscoll (C) speaks with US staff after a closed-door talks with the Ukrainian delegation on a US plan to end the war in Ukraine at the US Mission in Geneva, on November 23, 2025. US Secretary of State Marco Rubio arrived in Geneva on November 23, 2025 morning for discussions on a US plan to end the Ukraine war, after Washington signalled room for negotiation on the controversial proposal. Ukrainian, European and Canadian officials were also gathering in the Swiss city. (Photo by Fabrice COFFRINI \/ AFP)\" class=\"brick-c-cFOWSL\" style=\"--brick-image-ratio: 5000 \/ 3229;\"\/><\/p>\n<p>      SAMALER I SVEITS: Samtaler om Trumps fredsutkast og Europas motforslag er i gang i Sveits. P\u00e5 bildet ses statssekret\u00e6r Daniel Driscoll i den amerikanske delegasjonen.<br \/>\n      Foto: Fabrice Coffrini (AFP)\n    <\/p>\n<p>  \u2013 Hovedm\u00e5let er \u00e5 stoppe Russland<\/p>\n<p>Han understreker avslutningsvis at hovedm\u00e5let er \u00e5 stoppe Russlands krig og forhindre at den noen gang blusser opp igjen.<\/p>\n<p>\u2013 Og for \u00e5 oppn\u00e5 det, m\u00e5 freden v\u00e6re verdig. Bare p\u00e5 dette ene \u00e5ret har Putin allerede sendt hundretusenvis av sine egne innbyggere i d\u00f8den for \u00e5 okkupere \u00e9n prosent eller flere prosent av ukrainsk territorium. Og det er dette Russland gj\u00f8r \u2013 et land som allerede har mer internasjonalt anerkjent territorium enn noen annen stat i verden.<\/p>\n<p>   <img decoding=\"async\" width=\"1763\" height=\"1478\" fetchpriority=\"low\"  loading=\"lazy\"  src=\"https:\/\/www.europesays.com\/no\/wp-content\/uploads\/2025\/11\/20251123+Trump+p%C3%A5+Truth+Social.jpg\" alt=\"USAs president Donald Trump la s\u00f8ndag ettermiddag norsk tid ut denne meldingen p\u00e5 Truth Social.\" class=\"brick-c-cFOWSL\" style=\"--brick-image-ratio: 1763 \/ 1478;\"\/><\/p>\n<p>      SKYLDER P\u00c5  BIDEN: USAs president Donald Trump la s\u00f8ndag ettermiddag norsk tid ut denne meldingen p\u00e5 Truth Social.<br \/>\n      Foto: Faksimile\n    <\/p>\n<p>    Vil du se neste video?<\/p>\n<p>    <a href=\"https:\/\/www.nettavisen.no\/sport\/her-bryter-kronprins-haakon-inn-nar-prins-sverre-magnus-svarer-pa-italia-sporsmal-fra-norsk-presse\/v\/5-95-2731534\" class=\"recommend-poster\" data-adp-clicklabel=\"video-recommend\" data-adp-clickvalue=\"poster\" rel=\"nofollow noopener\" target=\"_blank\"><br \/>\n      <img decoding=\"async\" width=\"200\" height=\"200\" loading=\"lazy\" src=\"https:\/\/www.europesays.com\/no\/wp-content\/uploads\/2025\/11\/Kronprins+Haakon+til+cue.jpg\" alt=\"\" class=\"brick-c-cFOWSL\" style=\"--brick-image-ratio: 200 \/ 200;\"\/><\/p>\n<p>Her bryter kronprinsen inn0:38<\/p>\n<p>    <\/a><\/p>\n<p>        TSJERNIHIV-REGIONEN, UKRAINA (Nettavisen): Nettavisen var med en mobil luftvernenhet i deres oppdrag med \u00e5 beskytte den ukrainske himmelen fra russiske droner. S\u00e5 mange som 800 d\u00f8delige droner kan sendes inn i Ukraina i l\u00f8pet av en eneste kveld.<\/p>\n","protected":false},"excerpt":{"rendered":"Ukraina er takknemlig overfor USA, amerikanere, Donald Trump, Europa, G7 og G20, skriver Volodymyr Zelenskyj etter at Trump&hellip;\n","protected":false},"author":2,"featured_media":94736,"comment_status":"","ping_status":"","sticky":false,"template":"","format":"standard","meta":{"footnotes":""},"categories":[5],"tags":[20,21,24,25,15,19,22,23,17,18,13,30,28,29,14,16,26,27],"class_list":{"0":"post-94735","1":"post","2":"type-post","3":"status-publish","4":"format-standard","5":"has-post-thumbnail","7":"category-overskrifter","8":"tag-breaking-news","9":"tag-breakingnews","10":"tag-featured-news","11":"tag-featurednews","12":"tag-headlines","13":"tag-hovedoppslag","14":"tag-latest-news","15":"tag-latestnews","16":"tag-main-news","17":"tag-mainnews","18":"tag-news","19":"tag-no","20":"tag-norge","21":"tag-norway","22":"tag-nyheter","23":"tag-overskrifter","24":"tag-top-stories","25":"tag-topstories"},"share_on_mastodon":{"url":"https:\/\/pubeurope.com\/@no\/115600534284653266","error":""},"_links":{"self":[{"href":"https:\/\/www.europesays.com\/no\/wp-json\/wp\/v2\/posts\/94735","targetHints":{"allow":["GET"]}}],"collection":[{"href":"https:\/\/www.europesays.com\/no\/wp-json\/wp\/v2\/posts"}],"about":[{"href":"https:\/\/www.europesays.com\/no\/wp-json\/wp\/v2\/types\/post"}],"author":[{"embeddable":true,"href":"https:\/\/www.europesays.com\/no\/wp-json\/wp\/v2\/users\/2"}],"replies":[{"embeddable":true,"href":"https:\/\/www.europesays.com\/no\/wp-json\/wp\/v2\/comments?post=94735"}],"version-history":[{"count":0,"href":"https:\/\/www.europesays.com\/no\/wp-json\/wp\/v2\/posts\/94735\/revisions"}],"wp:featuredmedia":[{"embeddable":true,"href":"https:\/\/www.europesays.com\/no\/wp-json\/wp\/v2\/media\/94736"}],"wp:attachment":[{"href":"https:\/\/www.europesays.com\/no\/wp-json\/wp\/v2\/media?parent=94735"}],"wp:term":[{"taxonomy":"category","embeddable":true,"href":"https:\/\/www.europesays.com\/no\/wp-json\/wp\/v2\/categories?post=94735"},{"taxonomy":"post_tag","embeddable":true,"href":"https:\/\/www.europesays.com\/no\/wp-json\/wp\/v2\/tags?post=94735"}],"curies":[{"name":"wp","href":"https:\/\/api.w.org\/{rel}","templated":true}]}}