{"id":94737,"date":"2025-11-23T18:55:11","date_gmt":"2025-11-23T18:55:11","guid":{"rendered":"https:\/\/www.europesays.com\/no\/94737\/"},"modified":"2025-11-23T18:55:11","modified_gmt":"2025-11-23T18:55:11","slug":"eze-hattrick-da-arsenal-vant-nord-london-derbyet","status":"publish","type":"post","link":"https:\/\/www.europesays.com\/no\/94737\/","title":{"rendered":"Eze-hattrick da Arsenal vant Nord-London-derbyet"},"content":{"rendered":"\n<p class=\"_lead_o9xde_2 _lead_xtcu6_50 layout-component text-serif-m layout-normal text-serif-l layout-component layout-wide layout-padded _wide_17hqh_1 layout-padded\">Eberechi Eze, som mange trodde var p\u00e5 vei til Tottenham, ble Arsenals derbyhelt med tre scoringer mot Nord-London-rivalen.<\/p>\n<p> <img class=\"_image_qp4xg_65 layout-component layout-wide\" data-fullscreen- data-track-element-type=\"Article image fullscreen\" data-track-name=\"ImageFullscreen\" fetchpriority=\"high\" decoding=\"sync\" loading=\"eager\" height=\"102\" itemprop=\"image\"  src=\"https:\/\/www.europesays.com\/no\/wp-content\/uploads\/2025\/11\/89d0d2854985ca28277317658b125003.jpg\"  style=\"object-position:50% 50%;aspect-ratio:1.75;height:auto;object-fit:cover;width:100%\" width=\"102\"\/>   Oppdatert s\u00f8ndag 23. november kl. 19:54     <\/p>\n<p class=\"_paragraph_o9xde_4 _paragraph_xtcu6_10 layout-component text-serif-m layout-normal text-serif-m layout-padded\">\u2013 Alle trodde han skulle til Tottenham, men han endte opp i Arsenal. Ogs\u00e5 gj\u00f8r han dette her, utbr\u00f8t Viaplay-kommentator Andreas Toft i det Eze satte inn sitt andre for kvelden og \u00f8kte vertenes ledelse til 3\u20130 p\u00e5 <a href=\"https:\/\/www.vg.no\/tag\/emirates?utm_source=vg-article&amp;utm_medium=auto-tagger&amp;utm_campaign=e7Wd3y\" class=\"_link_o9xde_39\" rel=\"nofollow noopener\" target=\"_blank\">Emirates<\/a> Stadium.<\/p>\n<p class=\"_paragraph_o9xde_4 _paragraph_xtcu6_10 layout-component text-serif-m layout-normal text-serif-m layout-padded\">Og engelskmannen skulle ikke stoppe der. Til slutt ble han hattrick-helt.<\/p>\n<p class=\"_paragraph_o9xde_4 _paragraph_xtcu6_10 layout-component text-serif-m layout-normal text-serif-m layout-padded\">\u2013 Jeg er bare takknemlig for muligheten. Jeg er glad for \u00e5 kunne hjelpe laget og sikre seieren, sa Eze til Sky Sports etter kampslutt.<\/p>\n<p class=\"_paragraph_o9xde_4 _paragraph_xtcu6_10 layout-component text-serif-m layout-normal text-serif-m layout-padded\">Etter Leandro Trossard sendte vertene opp i ledelsen etter 37 spilte minutter, skulle resten av kampen handle om Eze \u2013 som ogs\u00e5 var et samtaleemne p\u00e5 pressekonferansen f\u00f8r kamp.<\/p>\n<p class=\"_paragraph_o9xde_4 _paragraph_xtcu6_10 layout-component text-serif-m layout-normal text-serif-m layout-padded\">Spurs-manager Thomas Frank ble spurt om Eze, og svarte humoristisk \u00abWho\u2019s Eze?\u00bb<\/p>\n<p class=\"_paragraph_o9xde_4 _paragraph_xtcu6_10 layout-component text-serif-m layout-normal text-serif-m layout-padded\">\u2013 Han har det lille ekstra, uttalte tidligere Arsenal-spiller Freddie Ljungberg om Eze p\u00e5 Viaplays sending.<\/p>\n<p class=\"_paragraph_o9xde_4 _paragraph_xtcu6_10 layout-component text-serif-m layout-normal text-serif-m layout-padded\">For engelskmannen blomstret p\u00e5 midtbanen i frav\u00e6ret av Martin \u00d8degaard.<\/p>\n<p class=\"_paragraph_o9xde_4 _paragraph_xtcu6_10 layout-component text-serif-m layout-normal text-serif-m layout-padded\">\u2013 Hva skjer n\u00e5r \u00d8degaard kommer tilbake?, spurte tidligere fotballkeeper Peter Schmeichel.<\/p>\n<p class=\"_paragraph_o9xde_4 _paragraph_xtcu6_10 layout-component text-serif-m layout-normal text-serif-m layout-padded\">\u2013 Det er rom for begge i laget, men Arteta m\u00e5 se p\u00e5 balansen &#8211; og om han kan starte begge, konkluderte Ljungberg.<\/p>\n<p class=\"_paragraph_o9xde_4 _paragraph_xtcu6_10 layout-component text-serif-m layout-normal text-serif-m layout-padded\">Kun minutter etter Trossard sendte vertene i f\u00f8ringen, doblet Eze ledelsen, etter et str\u00e5lende forarbeid p\u00e5 h\u00f8yrekanten av Bukayo Saka og Jurrien Timber. Timber slo inn til Declan Rice, som reagerte hurtig og spilte frem til Eze, som tok seg inn i feltet og avsluttet via et Tottenham-bein.<\/p>\n<p class=\"_paragraph_o9xde_4 _paragraph_xtcu6_10 layout-component text-serif-m layout-normal text-serif-m layout-padded\">M\u00e5let ble sjekket av VAR for en mulig offside, men ble st\u00e5ende.<\/p>\n<p class=\"_root_1xq52_1\" lang=\"en\" dir=\"auto\"><a href=\"https:\/\/x.com\/hashtag\/ARSTOT\" class=\"_root_eihfa_1\" target=\"_blank\" rel=\"noopener noreferrer nofollow\">#ARSTOT<\/a> \u2013 41\u2019<\/p>\n<p>The referee\u2019s call of goal was checked and confirmed by VAR \u2013 with it deemed that there were no Arsenal players in the line of vision of the goalkeeper, and they made no movement to impact an opponent while in an offside position.<\/p>\n<p class=\"_paragraph_o9xde_4 _paragraph_xtcu6_10 layout-component text-serif-m layout-normal text-serif-m layout-padded\">\u2013 Jeg kan ikke forst\u00e5 at det m\u00e5let blir st\u00e5ende, sa Tottenham-legenden Les Ferdinand p\u00e5 sendingen til Sky Sports.<\/p>\n<p class=\"_paragraph_o9xde_4 _paragraph_xtcu6_10 layout-component text-serif-m layout-normal text-serif-m layout-padded\">\u2013 Jeg synes det er offside, og jeg har spilt for Arsenal, sa Ljungberg til Viaplay.<\/p>\n<p class=\"_paragraph_o9xde_4 _paragraph_xtcu6_10 layout-component text-serif-m layout-normal text-serif-m layout-padded\">Men m\u00e5let ble st\u00e5ende og stillingen sto 2\u20130 til pause.<\/p>\n<p class=\"_paragraph_o9xde_4 _paragraph_xtcu6_10 layout-component text-serif-m layout-normal text-serif-m layout-padded\">Kun sekunder ut i andre omgang setter Eze ballen i m\u00e5l, igjen. Timber finner Eze, som plasserer ballen presist i det lengste hj\u00f8rnet. <\/p>\n<p><img alt=\"Foto: Frank Augstein \/ AP \/ NTB\" class=\"_image_qp4xg_65 layout-component layout-normal\" data-fullscreen- data-track-element-type=\"Article image fullscreen\" data-track-name=\"ImageFullscreen\" decoding=\"async\" loading=\"lazy\" height=\"3277\" itemprop=\"image\"  src=\"https:\/\/www.europesays.com\/no\/wp-content\/uploads\/2025\/11\/a5ffe905-3abe-4d08-a3c1-b9d8ee0375ab\"  style=\"object-position:0% 0%\" width=\"4916\"\/>Foto: Frank Augstein \/ AP \/ NTB<\/p>\n<p class=\"_paragraph_o9xde_4 _paragraph_xtcu6_10 layout-component text-serif-m layout-normal text-serif-m layout-padded\">Etter 55 minutter spilt reduserer Richarlison for gjestene. Martin Zubimendi roter bort ballen omtrent 40 meter fra m\u00e5l. Richarlison ser at Arsenal-keeper David Raya st\u00e5r langt ute, og skyter ballen i m\u00e5l. En nydelig scoring fra brasilianeren. <\/p>\n<p class=\"_paragraph_o9xde_4 _paragraph_xtcu6_10 layout-component text-serif-m layout-normal text-serif-m layout-padded\">Et kvarter f\u00f8r kampslutt fullf\u00f8rte Eze hattricket og satte inn sin tredje scoring for kvelden. <\/p>\n<p class=\"_paragraph_o9xde_4 _paragraph_xtcu6_10 layout-component text-serif-m layout-normal text-serif-m layout-padded\">\u2013 Det har v\u00e6rt en interessant start p\u00e5 sesongen for meg personlig. Det tar tid \u00e5 bli vant til en ny klubb, men det blir bedre dag for dag, sa Eze til Viaplay.<\/p>\n<p><img alt=\"Foto: Adam Davy \/ Pa Photos \/ NTB\" class=\"_image_qp4xg_65 layout-component layout-normal\" data-fullscreen- data-track-element-type=\"Article image fullscreen\" data-track-name=\"ImageFullscreen\" decoding=\"async\" loading=\"lazy\" height=\"3542\" itemprop=\"image\"  src=\"https:\/\/www.europesays.com\/no\/wp-content\/uploads\/2025\/11\/2a8019db-74b4-4cea-ba7c-944319ea87b8\"  style=\"object-position:0% 0%\" width=\"5177\"\/>Foto: Adam Davy \/ Pa Photos \/ NTB<\/p>\n<p class=\"_paragraph_o9xde_4 _paragraph_xtcu6_10 layout-component text-serif-m layout-normal text-serif-m layout-padded\">Kampen endte til slutt 4\u20131 etter en sterk prestasjon av hjemmelaget. <\/p>\n<p class=\"_paragraph_o9xde_4 _paragraph_xtcu6_10 layout-component text-serif-m layout-normal text-serif-m layout-padded\"><strong class=\"_strong_o9xde_25\">\u2013 For en maktdemonstrasjon, sa Viaplay-ekspert Nils Johan Semb etter kampslutt.<\/strong><\/p>\n<p class=\"_paragraph_o9xde_4 _paragraph_xtcu6_10 layout-component text-serif-m layout-normal text-serif-m layout-padded\">Sist Tottenham vant p\u00e5 Emirates i Premier League var 20. november 2010.<\/p>\n<p class=\"_paragraph_o9xde_4 _paragraph_xtcu6_10 layout-component text-serif-m layout-normal text-serif-m layout-padded\">F\u00f8r dagens kamp, hadde serieleder Arsenal tre poeng ned til Chelsea p\u00e5 andreplass, med \u00e9n kamp mindre spilt. Etter seieren i Nord-London-derbyet er avstanden \u00f8kt til seks poeng. Erling Haaland og Manchester City ligger p\u00e5 tredjeplass, syv poeng bak.<\/p>\n<p class=\"_paragraph_o9xde_4 _paragraph_xtcu6_10 layout-component text-serif-m layout-normal text-serif-m layout-padded\">\u2013 Jeg sa det f\u00f8r sesongen at de er det beste laget, de har den beste troppen. De har investert i den, men har ikke hentet s\u00e5 mange. Jeg tror dette er \u00e5ret. Jeg har ikke lyst \u00e5 v\u00e6re for selvsikker, men det f\u00f8les som tittelen er deres \u00e5 tape, sa Ljungberg.<\/p>\n","protected":false},"excerpt":{"rendered":"Eberechi Eze, som mange trodde var p\u00e5 vei til Tottenham, ble Arsenals derbyhelt med tre scoringer mot Nord-London-rivalen.&hellip;\n","protected":false},"author":2,"featured_media":94738,"comment_status":"","ping_status":"","sticky":false,"template":"","format":"standard","meta":{"footnotes":""},"categories":[59],"tags":[328,3162,12275,9471,181,30,28,29,161,83,82,2092],"class_list":{"0":"post-94737","1":"post","2":"type-post","3":"status-publish","4":"format-standard","5":"has-post-thumbnail","7":"category-sport","8":"tag-arsenal","9":"tag-bukayo-saka","10":"tag-declan-rice","11":"tag-emirates","12":"tag-martin-odegaard","13":"tag-no","14":"tag-norge","15":"tag-norway","16":"tag-premier-league","17":"tag-sport","18":"tag-sports","19":"tag-thomas-frank"},"share_on_mastodon":{"url":"https:\/\/pubeurope.com\/@no\/115600538056129376","error":""},"_links":{"self":[{"href":"https:\/\/www.europesays.com\/no\/wp-json\/wp\/v2\/posts\/94737","targetHints":{"allow":["GET"]}}],"collection":[{"href":"https:\/\/www.europesays.com\/no\/wp-json\/wp\/v2\/posts"}],"about":[{"href":"https:\/\/www.europesays.com\/no\/wp-json\/wp\/v2\/types\/post"}],"author":[{"embeddable":true,"href":"https:\/\/www.europesays.com\/no\/wp-json\/wp\/v2\/users\/2"}],"replies":[{"embeddable":true,"href":"https:\/\/www.europesays.com\/no\/wp-json\/wp\/v2\/comments?post=94737"}],"version-history":[{"count":0,"href":"https:\/\/www.europesays.com\/no\/wp-json\/wp\/v2\/posts\/94737\/revisions"}],"wp:featuredmedia":[{"embeddable":true,"href":"https:\/\/www.europesays.com\/no\/wp-json\/wp\/v2\/media\/94738"}],"wp:attachment":[{"href":"https:\/\/www.europesays.com\/no\/wp-json\/wp\/v2\/media?parent=94737"}],"wp:term":[{"taxonomy":"category","embeddable":true,"href":"https:\/\/www.europesays.com\/no\/wp-json\/wp\/v2\/categories?post=94737"},{"taxonomy":"post_tag","embeddable":true,"href":"https:\/\/www.europesays.com\/no\/wp-json\/wp\/v2\/tags?post=94737"}],"curies":[{"name":"wp","href":"https:\/\/api.w.org\/{rel}","templated":true}]}}