{"id":94739,"date":"2025-11-23T18:56:17","date_gmt":"2025-11-23T18:56:17","guid":{"rendered":"https:\/\/www.europesays.com\/no\/94739\/"},"modified":"2025-11-23T18:56:17","modified_gmt":"2025-11-23T18:56:17","slug":"skrev-til-age-vi-synes-dette-er-altfor-galt-bladet-no","status":"publish","type":"post","link":"https:\/\/www.europesays.com\/no\/94739\/","title":{"rendered":"Skrev til \u00c5ge: \u2013 Vi synes dette er altfor galt &#8211; bladet.no"},"content":{"rendered":"<ol>\n<li><a href=\"https:\/\/news.google.com\/rss\/articles\/CBMiigFBVV95cUxQZ1JrSTZySFViODZZTW82NWN1eVo5SEE2aGNaQm9uT0VsMzNiTGZ5TEhhWDNjb1A5RW1COHVZTnBYT1A4OXplOHhaSnB6aDdxUEd4MkhadHhuUk1GN1piSVEtQlV3V0E0cDY5U0NGOENCMm5ZOUNqUkM4NW5vZ1ZBclpRUG5HbTRKVFE?oc=5\" target=\"_blank\" rel=\"nofollow noopener\">Skrev til \u00c5ge: \u2013 Vi synes dette er altfor galt<\/a>&nbsp;&nbsp;bladet.no<\/li>\n<li><a href=\"https:\/\/news.google.com\/rss\/articles\/CBMinAFBVV95cUxOV1Y3TUY5VkJpSDlCOXk0dmdvdl9LdGRuendsZk9oVWtuNGJ0blQ0WW95ZXlHQ3JWVkJZU2ZrTXZLOWFucnJQS3lpMjFLczVOYzMtNVBZaF9IQXB4ZUVicmd4czRkZkE2dUxZcWl2MmZlQmxnMTEtRWM0M0VsVnkyMVZyWTVpTnNtbDV2UWhTcVVkQnRtT2FmLWo0Ykg?oc=5\" target=\"_blank\" rel=\"nofollow noopener\">\u00c5ge om konserten i Malm: \u2013 Alle sloss<\/a>&nbsp;&nbsp;steinkjer24.no<\/li>\n<li><a href=\"https:\/\/news.google.com\/rss\/articles\/CBMiiAFBVV95cUxNNkJRS04wdHdZeDdDaGdrOXRUVUZhYUIzZEtsRnF1UkRuNW9SVlFNVFY0RzhYcDd0eXZrelBrM0xGV09NbUpGdFJoUnVDU09SRV9ZaUp4SlJmVC1DYWFKYy0ybmlaWUJhWGhKWlN5WExDQlVLQ3k4Ni1QQm1GRGk0d2pTTkZsazI1?oc=5\" target=\"_blank\" rel=\"nofollow noopener\">Tr\u00f8nder-Avisa, \u00c5ge Aleksandersen | Sambandet er historie \u2013 neste \u00e5r g\u00e5r \u00c5ge solo<\/a>&nbsp;&nbsp;Nidaros<\/li>\n<li><a href=\"https:\/\/news.google.com\/rss\/articles\/CBMibkFVX3lxTE16dTFyc1YwVHd1bGtZS1lvLXhhLXFnMlloX2paMEN5TXI2cVBVWWMtcXBnWHNOcUpMcGZIZWtscUdwMG9ZbFNISVlicmlfNDBSTEFBWVRfWVFuMEhLbDRIRTl2dmhuSVJfaF9YNW13?oc=5\" target=\"_blank\" rel=\"nofollow noopener\">Skal p\u00e5 turn\u00e9 alene<\/a>&nbsp;&nbsp;adressa.no<\/li>\n<li><a href=\"https:\/\/news.google.com\/rss\/articles\/CBMitAFBVV95cUxOSGZfRjFFT2JiZ2xvcms0NTNDUUU5djZRR0tXVWZPdHc3QWltMUo2ZWJoWFZDQUhJWW1LX09JS3ZOYzBNQlR2eEFlRVpxZUpmZlowTEVxUkl1RDZ5VGE3ZFVOVW9DY0RMSkc2YWJvcnJjdko4RHljZTJpZlZyekhLX3NQMU5ua2FVUTZxdHgzcUlZQ3FXWm9kYTFxbkRIdDk1cWNVQ0puQ3NSSTRrdndtdWhXVHk?oc=5\" target=\"_blank\" rel=\"nofollow noopener\">\u00c5ge Aleksandersen legger ut p\u00e5 turn\u00e9 alene \u2013 og slutter fred med kirken<\/a>&nbsp;&nbsp;Aftenposten<\/li>\n<\/ol>\n","protected":false},"excerpt":{"rendered":"Skrev til \u00c5ge: \u2013 Vi synes dette er altfor galt&nbsp;&nbsp;bladet.no \u00c5ge om konserten i Malm: \u2013 Alle sloss&nbsp;&nbsp;steinkjer24.no&hellip;\n","protected":false},"author":2,"featured_media":94740,"comment_status":"","ping_status":"","sticky":false,"template":"","format":"standard","meta":{"footnotes":""},"categories":[58],"tags":[71,30,28,29,72],"class_list":{"0":"post-94739","1":"post","2":"type-post","3":"status-publish","4":"format-standard","5":"has-post-thumbnail","7":"category-underholdning","8":"tag-entertainment","9":"tag-no","10":"tag-norge","11":"tag-norway","12":"tag-underholdning"},"share_on_mastodon":{"url":"https:\/\/pubeurope.com\/@no\/115600541806342754","error":""},"_links":{"self":[{"href":"https:\/\/www.europesays.com\/no\/wp-json\/wp\/v2\/posts\/94739","targetHints":{"allow":["GET"]}}],"collection":[{"href":"https:\/\/www.europesays.com\/no\/wp-json\/wp\/v2\/posts"}],"about":[{"href":"https:\/\/www.europesays.com\/no\/wp-json\/wp\/v2\/types\/post"}],"author":[{"embeddable":true,"href":"https:\/\/www.europesays.com\/no\/wp-json\/wp\/v2\/users\/2"}],"replies":[{"embeddable":true,"href":"https:\/\/www.europesays.com\/no\/wp-json\/wp\/v2\/comments?post=94739"}],"version-history":[{"count":0,"href":"https:\/\/www.europesays.com\/no\/wp-json\/wp\/v2\/posts\/94739\/revisions"}],"wp:featuredmedia":[{"embeddable":true,"href":"https:\/\/www.europesays.com\/no\/wp-json\/wp\/v2\/media\/94740"}],"wp:attachment":[{"href":"https:\/\/www.europesays.com\/no\/wp-json\/wp\/v2\/media?parent=94739"}],"wp:term":[{"taxonomy":"category","embeddable":true,"href":"https:\/\/www.europesays.com\/no\/wp-json\/wp\/v2\/categories?post=94739"},{"taxonomy":"post_tag","embeddable":true,"href":"https:\/\/www.europesays.com\/no\/wp-json\/wp\/v2\/tags?post=94739"}],"curies":[{"name":"wp","href":"https:\/\/api.w.org\/{rel}","templated":true}]}}