{"id":94743,"date":"2025-11-23T19:02:15","date_gmt":"2025-11-23T19:02:15","guid":{"rendered":"https:\/\/www.europesays.com\/no\/94743\/"},"modified":"2025-11-23T19:02:15","modified_gmt":"2025-11-23T19:02:15","slug":"eze-smadret-tottenham-odegaard-dukket-opp","status":"publish","type":"post","link":"https:\/\/www.europesays.com\/no\/94743\/","title":{"rendered":"Eze smadret Tottenham &#8211; \u00d8degaard dukket opp"},"content":{"rendered":"<p data-lab-font_weight=\"\">Arsenal hadde full kontroll i Nord London-derbyet, anf\u00f8rt av en Eberechi Eze i storform.\u00a0<\/p>\n<p data-lab-font_weight=\"\">I hans f\u00f8rste Nord London-derby scoret The Gunners&#8217; nummer ti hat trick i 4-1-seieren mot Tottenham.\u00a0<\/p>\n<p data-lab-font_weight=\"bold\" class=\"bold m-bold\">\u2013 Det var spesielt. Jeg er s\u00e5 takknemlig. Jeg ba om et hat trick i dag. Jeg takker Gud, sier Eze til Sky Sports.\u00a0<\/p>\n<p data-lab-font_weight=\"\"> \u2013 Eze har v\u00e6rt mesterlig, sier Sky Sports-ekspert Gary Neville. <\/p>\n<p>        <img class=\"image__img lazyload\" itemprop=\"image\" title=\"Foto: Andrew Couldridge \/ Reuters \/ NTB\" alt=\"HELTEN: Eberechi Eze jubler for en av sine tre scoringer. Foto: Andrew Couldridge \/ Reuters \/ NTB\" width=\"978\" height=\"551\" bad-src=\"https:\/\/www.europesays.com\/no\/wp-content\/uploads\/2025\/11\/18316972.webp\" fetchpriority=\"auto\" \/><\/p>\n<p>      HELTEN: Eberechi Eze jubler for en av sine tre scoringer.<br \/>\n         Foto: Andrew Couldridge \/ Reuters \/ NTB<\/p>\n<p data-lab-font_weight=\"\">Eze var n\u00e6re \u00e5 signere for Spurs i sommer, f\u00f8r Arsenal sn\u00f8t rivalen for stjernespilleren. En genistrek av The Gunners, om man felle en dom etter derbyet.\u00a0<\/p>\n<p data-lab-font_weight=\"\" class=\"italic m-italic\" data-lab-italic=\"italic\">\u2013 Du kunne hatt en annen drakt p\u00e5 deg i dag?\u00a0<\/p>\n<p data-lab-font_weight=\"\">\u2013 La oss ikke snakke om det, svarer Eze med et lurt smil.\u00a0<\/p>\n<p data-lab-font_weight=\"\">If\u00f8lge The Athletic er Eze den f\u00f8rste Arsenal-spilleren til \u00e5 score hat trick mot Tottenham siden Alan Sunderland i 1978.\u00a0<\/p>\n<p>\u00d8degaard-jubel<\/p>\n<p data-lab-font_weight=\"\">Ezes prestasjoner begeistret de fremm\u00f8tte p\u00e5 Emirates, deriblant Martin \u00d8degaard.\u00a0<\/p>\n<p class=\"bold m-bold\" data-lab-font_weight=\"bold\">TV-kameraene fanget opp nordmannen p\u00e5 tribunen, jublende for Ezes f\u00f8rste scoring. Den skadde Arsenal-kapteinen feiret sammen med flere lagkamerater, deriblant stopperkjempen Gabriel.<\/p>\n<p>Fotografene som tok stillbilder var imidlertid ikke like observante p\u00e5 \u00d8degaard og co. p\u00e5 tribunen. Men de knipset noen gode bilder av The Gunners&#8217; m\u00e5lscorere:<\/p>\n<p>      <img class=\"image__img lazyload\" itemprop=\"image\" title=\"Foto: Frank Augsten \/ AP \/ NTB\" alt=\"\u00c5PNET BALLET: Leandro Trossard. Foto: Frank Augsten \/ AP \/ NTB\" width=\"978\" height=\"652\" bad-src=\"https:\/\/www.europesays.com\/no\/wp-content\/uploads\/2025\/11\/18316969.webp\" fetchpriority=\"auto\" \/><\/p>\n<p>      \u00c5PNET BALLET: Leandro Trossard.<br \/>\n         Foto: Frank Augsten \/ AP \/ NTB<\/p>\n<p>      <img class=\"image__img lazyload\" itemprop=\"image\" title=\"Foto: Frank Augstein \/ AP \/ NTB\" alt=\"FESTER BLIKKET: Mot Premier League-trof\u00e9et. Arsenal har seks poengs luke p\u00e5 toppen. Foto: Frank Augstein \/ AP \/ NTB\" width=\"978\" height=\"652\" bad-src=\"https:\/\/www.europesays.com\/no\/wp-content\/uploads\/2025\/11\/18316970.webp\" fetchpriority=\"auto\" \/><\/p>\n<p>      FESTER BLIKKET: Mot Premier League-trof\u00e9et. Arsenal har seks poengs luke p\u00e5 toppen.<br \/>\n         Foto: Frank Augstein \/ AP \/ NTB<\/p>\n<p>      <img class=\"image__img lazyload\" itemprop=\"image\" title=\"Foto: Andrew Couldridge \/ Reuters \/ NTB\" alt=\"DOBLET LEDELSEN: Eberechi Eze. Foto: Andrew Couldridge \/ Reuters \/ NTB\" width=\"978\" height=\"633\" bad-src=\"https:\/\/www.europesays.com\/no\/wp-content\/uploads\/2025\/11\/1763924533_665_18316972.webp\" fetchpriority=\"auto\" \/><\/p>\n<p>      DOBLET LEDELSEN: Eberechi Eze.<br \/>\n         Foto: Andrew Couldridge \/ Reuters \/ NTB<\/p>\n<p>      <img class=\"image__img lazyload\" itemprop=\"image\" title=\"Foto: Hannah McKay \/ Reuters \/ NTB\" alt=\"P\u00c5 TOPP: Eberechi Eze viser vei. Foto: Hannah McKay \/ Reuters \/ NTB\" width=\"978\" height=\"642\" bad-src=\"https:\/\/www.europesays.com\/no\/wp-content\/uploads\/2025\/11\/18316975.webp\" fetchpriority=\"auto\" \/><\/p>\n<p>      P\u00c5 TOPP: Eberechi Eze viser vei.<br \/>\n         Foto: Hannah McKay \/ Reuters \/ NTB<\/p>\n<p>M\u00e5l fra over 40 meter<\/p>\n<p>Kampens prestasjon sto imidlertid Richarlison for. Fra over 40 meter scoret brasilianeren et tr\u00f8stem\u00e5l for Tottenham.\u00a0<\/p>\n<p>Den vanvittige scoringen hjalp imidlertid ikke Spurs p\u00e5 fiendens grunn. De tre poengene ble igjen p\u00e5 Emirates, noe som betyr at Arsenal leder Premie League med seks poeng ned til Chelsea p\u00e5 2. plass.<\/p>\n","protected":false},"excerpt":{"rendered":"Arsenal hadde full kontroll i Nord London-derbyet, anf\u00f8rt av en Eberechi Eze i storform.\u00a0 I hans f\u00f8rste Nord&hellip;\n","protected":false},"author":2,"featured_media":94744,"comment_status":"","ping_status":"","sticky":false,"template":"","format":"standard","meta":{"footnotes":""},"categories":[59],"tags":[30,28,29,83,82],"class_list":{"0":"post-94743","1":"post","2":"type-post","3":"status-publish","4":"format-standard","5":"has-post-thumbnail","7":"category-sport","8":"tag-no","9":"tag-norge","10":"tag-norway","11":"tag-sport","12":"tag-sports"},"share_on_mastodon":{"url":"https:\/\/pubeurope.com\/@no\/115600565606975779","error":""},"_links":{"self":[{"href":"https:\/\/www.europesays.com\/no\/wp-json\/wp\/v2\/posts\/94743","targetHints":{"allow":["GET"]}}],"collection":[{"href":"https:\/\/www.europesays.com\/no\/wp-json\/wp\/v2\/posts"}],"about":[{"href":"https:\/\/www.europesays.com\/no\/wp-json\/wp\/v2\/types\/post"}],"author":[{"embeddable":true,"href":"https:\/\/www.europesays.com\/no\/wp-json\/wp\/v2\/users\/2"}],"replies":[{"embeddable":true,"href":"https:\/\/www.europesays.com\/no\/wp-json\/wp\/v2\/comments?post=94743"}],"version-history":[{"count":0,"href":"https:\/\/www.europesays.com\/no\/wp-json\/wp\/v2\/posts\/94743\/revisions"}],"wp:featuredmedia":[{"embeddable":true,"href":"https:\/\/www.europesays.com\/no\/wp-json\/wp\/v2\/media\/94744"}],"wp:attachment":[{"href":"https:\/\/www.europesays.com\/no\/wp-json\/wp\/v2\/media?parent=94743"}],"wp:term":[{"taxonomy":"category","embeddable":true,"href":"https:\/\/www.europesays.com\/no\/wp-json\/wp\/v2\/categories?post=94743"},{"taxonomy":"post_tag","embeddable":true,"href":"https:\/\/www.europesays.com\/no\/wp-json\/wp\/v2\/tags?post=94743"}],"curies":[{"name":"wp","href":"https:\/\/api.w.org\/{rel}","templated":true}]}}