{"id":94745,"date":"2025-11-23T19:03:27","date_gmt":"2025-11-23T19:03:27","guid":{"rendered":"https:\/\/www.europesays.com\/no\/94745\/"},"modified":"2025-11-23T19:03:27","modified_gmt":"2025-11-23T19:03:27","slug":"kultur-musikk-aktuelle-med-ny-utgivelse-det-er-kjekt-a-ha-med-seg-sa-flinke-folk","status":"publish","type":"post","link":"https:\/\/www.europesays.com\/no\/94745\/","title":{"rendered":"Kultur, Musikk | Aktuelle med ny utgivelse: \u2013 Det er kjekt \u00e5 ha med seg s\u00e5 flinke folk"},"content":{"rendered":"\n<p>Det musikalske samarbeidet deres begynte for alvor med \u00abBl\u00e5tur\u00bb tilbake i 2002. Da var ogs\u00e5 \u00d8ystein Ellingsen med p\u00e5 laget. Seinere har Ingvar Hovland og Asbj\u00f8rn Stokkeland blant annet gitt ut \u00abUlv! Ulv!\u00bb i 2007. N\u00e5 er eigersunderne aktuelle med et nytt samarbeid, spilt inn i studioet til Gunnar T\u00f8nnesen p\u00e5 Klepp \u2013 og med elle melle som gode hjelpere.<\/p>\n<p>\u2013 Prisen forpliktet<\/p>\n<p>P\u00e5 en m\u00e5te startet det med tildelingen av Eigersund kommunes kulturpris p\u00e5 denne tida i fjor. Utmerkelsen for 2024 gikk til \u00abb\u00e6rebjelken\u00bb Asbj\u00f8rn Stokkeland, for mange \u00e5rs innsats p\u00e5 feltet.<\/p>\n<p>\u2013 Da jeg fikk prisen, tenker jeg med meg selv at noe slikt forplikter til \u00e5 bidra til kulturlivet ogs\u00e5 i fortsettelsen. Samtidig hadde Ingvar og jeg noen l\u00e5ter som av ulike grunner hadde blitt liggende ei stund. Den f\u00f8rste tanken min var \u00e5 spille dem inn og f\u00e5 dem ut, forklarer Asbj\u00f8rn Stokkeland.<\/p>\n<p>Det viste seg raskt at Odd Erik Ognedal og elle melle var klare for \u00e5 bidra, blant annet med arrangementer,.<\/p>\n<p>\u2013 Det er kjekt \u00e5 ha s\u00e5 flinke folk til \u00e5 \u00abbacke\u00bb seg. I tillegg har jeg hatt en annen eigersunder, Gunnar T\u00f8nnesen, med p\u00e5 produksjonen, forteller Stokkeland, som er den som st\u00e5r for musikken.<\/p>\n<p>Kjenner hverandre godt<\/p>\n<p>Utgivelsen har to l\u00e5ter, \u00abSyng f\u00f8 meg du\u00bb og \u00abBrevet fr\u00e5 Sara\u00bb. I \u00abgamle dager\u00bb kunne det v\u00e6rt kalt en singel med ei A- og ei B-side, men Stokkeland betegner det selv som en EP.<\/p>\n<p>\u2013 \u00abBrevet fr\u00e5 Sara\u00bb skrev Ingvar teksten til for noen \u00e5r tilbake. Der hadde jeg et utkast til melodi, som jeg gjorde ferdig i forkant av innspillingen. P\u00e5 \u00abSyng f\u00f8 meg du\u00bb er b\u00e5de tekst og melodi av nyere dato. Der har \u00d8ystein Ellingsen hjulpet meg med refrenget, forklarer sangeren og gitaristen, som mange ogs\u00e5 kjenner som mange\u00e5rig advokat i Egersund.<\/p>\n<p>Det musikalske samarbeidet mellom Stokkeland og Hovland g\u00e5r som nevnt cirka 25 \u00e5r tilbake i tid.<\/p>\n<p>\u2013 Ingvar har utviklet seg veldig som tekstforfatter, og jeg gleder meg stort p\u00e5 hans vegne. I disse dager er han blant annet aktuell med en ny forestilling sammen med T\u00f8nes og f\u00e5r god respons ogs\u00e5 nasjonalt. Det er vel verdt \u00e5 ta av seg hatten for. Ingvar har en sv\u00e6r produksjon og skriver for mange. Det jeg setter melodi til, er gjerne tekster som andre artister ikke har tatt, og som Ingvar mener at jeg kan tonesette godt. P\u00e5 \u00abBrevet fr\u00e5 Sara\u00bb ga han meg noen f\u00f8ringer om hvilken sjanger jeg burde velge, mens da jeg leste teksten til \u00abSyng f\u00f8 meg du\u00bb f\u00f8rste gangen, fant jeg straks noen akkorder og vendinger jeg kunne bruke, forklarer 74-\u00e5ringen.<\/p>\n<p>  <a href=\"https:\/\/www.dalane-tidende.no\/5-101-734440\" class=\"related-teaser has-image default-story-teaser article--c-eRUmMG article--c-eRUmMG-jKCPdD-design-default\" rel=\"nofollow noopener\" target=\"_blank\"><\/p>\n<p>    <img decoding=\"async\" loading=\"lazy\"  src=\"https:\/\/www.europesays.com\/no\/wp-content\/uploads\/2025\/11\/stokkelandpris.JPEG\" alt=\"\" class=\"brick-c-cFOWSL\" style=\"\"\/><\/p>\n<p>\n            Les ogs\u00e5<\/p>\n<p>              Fikk kulturprisen for 2024: \u2013 Har v\u00e6rt en b\u00e6rebjelke i flere ti\u00e5r\n        <\/p>\n<p>  <\/a><\/p>\n<p>  <a href=\"https:\/\/www.dalane-tidende.no\/5-101-801858\" class=\"related-teaser has-image default-story-teaser article--c-eRUmMG article--c-eRUmMG-jKCPdD-design-default\" rel=\"nofollow noopener\" target=\"_blank\"><\/p>\n<p>    <img decoding=\"async\" loading=\"lazy\"  src=\"https:\/\/www.europesays.com\/no\/wp-content\/uploads\/2025\/11\/Web+size.png\" alt=\"\" class=\"brick-c-cFOWSL\" style=\"\"\/><\/p>\n<p>\n            Les ogs\u00e5<\/p>\n<p>              Bandet har tatt over julekonsertene \u2013 satser p\u00e5 en opplevelse litt utenom det vanlige\n        <\/p>\n<p>  <\/a><\/p>\n<p>  <a href=\"https:\/\/www.dalane-tidende.no\/5-101-766307\" class=\"related-teaser has-image default-story-teaser article--c-eRUmMG article--c-eRUmMG-jKCPdD-design-default\" rel=\"nofollow noopener\" target=\"_blank\"><\/p>\n<p>    <img decoding=\"async\" loading=\"lazy\"  src=\"https:\/\/www.europesays.com\/no\/wp-content\/uploads\/2025\/11\/IMG_1778.jpg\" alt=\"\" class=\"brick-c-cFOWSL\" style=\"\"\/><\/p>\n<p>\n            Les ogs\u00e5<\/p>\n<p>              Ny konstellasjon av komikarar set opp kabaret: \u2013 Me har mange \u00e5rs erfaring med l\u00e5tt og l\u00f8ye, s\u00e5 dette ser me fram til\n        <\/p>\n<p>  <\/a><\/p>\n<p>  <a href=\"https:\/\/www.dalane-tidende.no\/5-101-748919\" class=\"related-teaser has-image default-story-teaser article--c-eRUmMG article--c-eRUmMG-jKCPdD-design-default\" rel=\"nofollow noopener\" target=\"_blank\"><\/p>\n<p>    <img decoding=\"async\" loading=\"lazy\"  src=\"https:\/\/www.europesays.com\/no\/wp-content\/uploads\/2025\/11\/Ingvar+Hovland+og+Eigil+Berg.jpg\" alt=\"\" class=\"brick-c-cFOWSL\" style=\"\"\/><\/p>\n<p>\n            Les ogs\u00e5<\/p>\n<p>              Slipper nytt album og markerer det med konsert i Egersund\n        <\/p>\n<p>  <\/a><\/p>\n","protected":false},"excerpt":{"rendered":"Det musikalske samarbeidet deres begynte for alvor med \u00abBl\u00e5tur\u00bb tilbake i 2002. Da var ogs\u00e5 \u00d8ystein Ellingsen med&hellip;\n","protected":false},"author":2,"featured_media":94746,"comment_status":"","ping_status":"","sticky":false,"template":"","format":"standard","meta":{"footnotes":""},"categories":[58],"tags":[36,88,71,410,221,30,28,29,1510,72],"class_list":{"0":"post-94745","1":"post","2":"type-post","3":"status-publish","4":"format-standard","5":"has-post-thumbnail","7":"category-underholdning","8":"tag-art","9":"tag-eigersund","10":"tag-entertainment","11":"tag-kultur","12":"tag-musikk","13":"tag-no","14":"tag-norge","15":"tag-norway","16":"tag-story","17":"tag-underholdning"},"share_on_mastodon":{"url":"https:\/\/pubeurope.com\/@no\/115600569747739466","error":""},"_links":{"self":[{"href":"https:\/\/www.europesays.com\/no\/wp-json\/wp\/v2\/posts\/94745","targetHints":{"allow":["GET"]}}],"collection":[{"href":"https:\/\/www.europesays.com\/no\/wp-json\/wp\/v2\/posts"}],"about":[{"href":"https:\/\/www.europesays.com\/no\/wp-json\/wp\/v2\/types\/post"}],"author":[{"embeddable":true,"href":"https:\/\/www.europesays.com\/no\/wp-json\/wp\/v2\/users\/2"}],"replies":[{"embeddable":true,"href":"https:\/\/www.europesays.com\/no\/wp-json\/wp\/v2\/comments?post=94745"}],"version-history":[{"count":0,"href":"https:\/\/www.europesays.com\/no\/wp-json\/wp\/v2\/posts\/94745\/revisions"}],"wp:featuredmedia":[{"embeddable":true,"href":"https:\/\/www.europesays.com\/no\/wp-json\/wp\/v2\/media\/94746"}],"wp:attachment":[{"href":"https:\/\/www.europesays.com\/no\/wp-json\/wp\/v2\/media?parent=94745"}],"wp:term":[{"taxonomy":"category","embeddable":true,"href":"https:\/\/www.europesays.com\/no\/wp-json\/wp\/v2\/categories?post=94745"},{"taxonomy":"post_tag","embeddable":true,"href":"https:\/\/www.europesays.com\/no\/wp-json\/wp\/v2\/tags?post=94745"}],"curies":[{"name":"wp","href":"https:\/\/api.w.org\/{rel}","templated":true}]}}