{"id":94761,"date":"2025-11-23T19:24:37","date_gmt":"2025-11-23T19:24:37","guid":{"rendered":"https:\/\/www.europesays.com\/no\/94761\/"},"modified":"2025-11-23T19:24:37","modified_gmt":"2025-11-23T19:24:37","slug":"sport-fotball-rbk-kapteinen-klar-etter-nytt-tap-for-tannlose-i-siste-tredjedel","status":"publish","type":"post","link":"https:\/\/www.europesays.com\/no\/94761\/","title":{"rendered":"Sport, Fotball | RBK-kapteinen klar etter nytt tap: \u2013 For tannl\u00f8se i siste tredjedel"},"content":{"rendered":"\n<p><b>Troms\u00f8 &#8211; Rosenborg 1-0:<\/b><\/p>\n<p>\u2013 F\u00f8rst og fremst er vi for tannl\u00f8se i siste tredjedel. Det er der det skorter, sier Ole Seln\u00e6s til Nidaros like etter at Rosenborg tapte 0\u20131 mot Troms\u00f8 og gikk gjennom hele kampen uten \u00e5 produsere et eneste skudd p\u00e5 m\u00e5l.<\/p>\n<p>Rosenborg-kapteinen var tydelig skuffet etter nederlaget, og pekte spesielt p\u00e5 lagets manglende kvalitet i siste tredjedel. Han mener RBK gjorde mye riktig i oppbyggingsspillet, men at det stopper opp n\u00e5r laget n\u00e6rmer seg motstanderens boks.<\/p>\n<p>   <img decoding=\"async\" width=\"4240\" height=\"2827\" fetchpriority=\"low\"  loading=\"lazy\"  src=\"https:\/\/www.europesays.com\/no\/wp-content\/uploads\/2025\/11\/NTB_7bITSiCvDsg+%281%29.jpg\" alt=\"Troms\u00f8 20251122. &#10;Troms\u00f8s Jens Hjert\u00f8-Dahl under eliteseriekampen i fotball mellom Troms\u00f8 og Rosenborg p\u00e5 Romssa Arena.&#10;Foto: Rune Stoltz Bertinussen \/ NTB\" class=\"brick-c-cFOWSL\" style=\"--brick-image-ratio: 4240 \/ 2827;\"\/><\/p>\n<p>      Ole Seln\u00e6s mener RBK dominerte deler av kampen \u2013 uten \u00e5 f\u00e5 uttelling.<br \/>\n      Foto: Rune Stoltz Bertinussen \/ NTB\n    <\/p>\n<p>\u2013 Ja, det er klart det er skuffende. Jeg synes vi gj\u00f8r veldig mye bra fram til siste tredjedel. De presser oss h\u00f8yt, men vi er gode med ball, rolige med ball og spiller oss fint ut. Men vi er for d\u00e5rlige helt inn mot de siste 20 meterne, sa han til Nidaros.<\/p>\n<p>\u2013 Vi klarer ikke \u00e5 skape store nok, eller mange nok, sjanser ut fra de gode situasjonene vi setter oss i, og med s\u00e5 mye ball som vi har. Det er for d\u00e5rlig, og det er noe vi m\u00e5 bli bedre p\u00e5.<\/p>\n<p>  <a href=\"https:\/\/www.nidaros.no\/5-113-788910\" class=\"related-teaser has-image default-story-teaser article--c-eRUmMG article--c-eRUmMG-jKCPdD-design-default\" rel=\"nofollow noopener\" target=\"_blank\"><\/p>\n<p>    <img decoding=\"async\" loading=\"lazy\"  src=\"https:\/\/www.europesays.com\/no\/wp-content\/uploads\/2025\/11\/1763862198_439_NTB_Ffyxx8TlDdY.jpg\" alt=\"\" class=\"brick-c-cFOWSL\" style=\"\"\/><\/p>\n<p>\n            Les ogs\u00e5<\/p>\n<p>              RBK-b\u00f8rsen: \u00abSyltynn suppe for noen som skal v\u00e6re en offensiv kraft\u00bb\n        <\/p>\n<p>  <\/a><\/p>\n<p>  <a href=\"https:\/\/www.nidaros.no\/5-113-788943\" class=\"related-teaser has-image default-story-teaser article--c-eRUmMG article--c-eRUmMG-jKCPdD-design-default\" rel=\"nofollow noopener\" target=\"_blank\"><\/p>\n<p>    <img decoding=\"async\" loading=\"lazy\"  src=\"https:\/\/www.europesays.com\/no\/wp-content\/uploads\/2025\/11\/1763925874_544_NTB_7VAg4MuIpWQ.jpg\" alt=\"\" class=\"brick-c-cFOWSL\" style=\"\"\/><\/p>\n<p>\n            Les ogs\u00e5<\/p>\n<p>              Storebror senket RBK. Etter kampslutt tok lillebror p\u00e5 seg skylden\n        <\/p>\n<p>  <\/a><br \/>\n  \u2013 Et kollektivt problem<\/p>\n<p>Seln\u00e6s understreker at \u00e5rsaken til RBKs offensive problemer ikke kan plasseres p\u00e5 \u00e9n spiller eller \u00e9n fase.<\/p>\n<p>\u2013 Det er kollektivt. Det handler om pasninger, l\u00f8p, valg \u2013 alt. Det er noe vi har slitt litt med i noen kamper, ikke alle, men det er en ting vi absolutt m\u00e5 bli bedre p\u00e5. Vi er klar over det, og vi pr\u00f8ver virkelig \u00e5 utvikle det.<\/p>\n<p>   <img decoding=\"async\" width=\"4358\" height=\"2905\" fetchpriority=\"low\"  loading=\"lazy\"  src=\"https:\/\/www.europesays.com\/no\/wp-content\/uploads\/2025\/11\/NTB_xtX7MWgRr5U_1.jpg\" alt=\"Troms\u00f8 20251122. &#10;Rosenborgs H\u00e5kon Singsdal Volden og Ole Kristian Seln\u00e6s, og Troms\u00f8s Mads Engg\u00e5rd under eliteseriekampen i fotball mellom Troms\u00f8 og Rosenborg p\u00e5 Romssa Arena.&#10;Foto: Rune Stoltz Bertinussen \/ NTB\" class=\"brick-c-cFOWSL\" style=\"--brick-image-ratio: 4358 \/ 2905;\"\/><\/p>\n<p>      Foto: Rune Stoltz Bertinussen \/ NTB\n    <\/p>\n<p>Han mener at dersom laget hadde v\u00e6rt skarpere i den fasen mot Troms\u00f8, kunne resultatet sett helt annerledes ut.<\/p>\n<p>\u2013 Hadde vi v\u00e6rt bedre i den fasen i dag, tror jeg det kunne blitt veldig bra, for det er mye annet vi gj\u00f8r bra. Men det hjelper lite n\u00e5r vi ikke klarer \u00e5 ta vare p\u00e5 mulighetene rundt m\u00e5l.<\/p>\n<p>  <a href=\"https:\/\/www.nidaros.no\/5-113-788861\" class=\"related-teaser has-image default-story-teaser article--c-eRUmMG article--c-eRUmMG-jKCPdD-design-default\" rel=\"nofollow noopener\" target=\"_blank\"><\/p>\n<p>    <img decoding=\"async\" loading=\"lazy\"  src=\"https:\/\/www.europesays.com\/no\/wp-content\/uploads\/2025\/11\/NTB_5rAviFZumsw.jpg\" alt=\"\" class=\"brick-c-cFOWSL\" style=\"\"\/><\/p>\n<p>\n            Les ogs\u00e5<\/p>\n<p>              Rosenborg sviktet igjen p\u00e5 bortebane: Tapte etter marerittstart\n        <\/p>\n<p>  <\/a><\/p>\n","protected":false},"excerpt":{"rendered":"Troms\u00f8 &#8211; Rosenborg 1-0: \u2013 F\u00f8rst og fremst er vi for tannl\u00f8se i siste tredjedel. Det er der&hellip;\n","protected":false},"author":2,"featured_media":94762,"comment_status":"","ping_status":"","sticky":false,"template":"","format":"standard","meta":{"footnotes":""},"categories":[59],"tags":[36,92,30,28,29,6433,586,83,82,1510],"class_list":{"0":"post-94761","1":"post","2":"type-post","3":"status-publish","4":"format-standard","5":"has-post-thumbnail","7":"category-sport","8":"tag-art","9":"tag-fotball","10":"tag-no","11":"tag-norge","12":"tag-norway","13":"tag-ole-selnaes","14":"tag-rbk","15":"tag-sport","16":"tag-sports","17":"tag-story"},"share_on_mastodon":{"url":"https:\/\/pubeurope.com\/@no\/115600652185078399","error":""},"_links":{"self":[{"href":"https:\/\/www.europesays.com\/no\/wp-json\/wp\/v2\/posts\/94761","targetHints":{"allow":["GET"]}}],"collection":[{"href":"https:\/\/www.europesays.com\/no\/wp-json\/wp\/v2\/posts"}],"about":[{"href":"https:\/\/www.europesays.com\/no\/wp-json\/wp\/v2\/types\/post"}],"author":[{"embeddable":true,"href":"https:\/\/www.europesays.com\/no\/wp-json\/wp\/v2\/users\/2"}],"replies":[{"embeddable":true,"href":"https:\/\/www.europesays.com\/no\/wp-json\/wp\/v2\/comments?post=94761"}],"version-history":[{"count":0,"href":"https:\/\/www.europesays.com\/no\/wp-json\/wp\/v2\/posts\/94761\/revisions"}],"wp:featuredmedia":[{"embeddable":true,"href":"https:\/\/www.europesays.com\/no\/wp-json\/wp\/v2\/media\/94762"}],"wp:attachment":[{"href":"https:\/\/www.europesays.com\/no\/wp-json\/wp\/v2\/media?parent=94761"}],"wp:term":[{"taxonomy":"category","embeddable":true,"href":"https:\/\/www.europesays.com\/no\/wp-json\/wp\/v2\/categories?post=94761"},{"taxonomy":"post_tag","embeddable":true,"href":"https:\/\/www.europesays.com\/no\/wp-json\/wp\/v2\/tags?post=94761"}],"curies":[{"name":"wp","href":"https:\/\/api.w.org\/{rel}","templated":true}]}}