{"id":94763,"date":"2025-11-23T19:29:11","date_gmt":"2025-11-23T19:29:11","guid":{"rendered":"https:\/\/www.europesays.com\/no\/94763\/"},"modified":"2025-11-23T19:29:11","modified_gmt":"2025-11-23T19:29:11","slug":"elisabeth-andreassen-bettan-elisabeth-andreassen-saksoker-staten-skjebnemote-i-retten","status":"publish","type":"post","link":"https:\/\/www.europesays.com\/no\/94763\/","title":{"rendered":"Elisabeth Andreassen, Bettan | Elisabeth Andreassen saks\u00f8ker staten: Skjebnem\u00f8te i retten"},"content":{"rendered":"\n<p>24. og 25. november m\u00f8ter <a rel=\"Follow nofollow noopener\" href=\"https:\/\/www.nettavisen.no\/kjendis\/artist-elisabeth-bettan-andreassen-67-i-betent-hyttestrid-dato-for-rettssaken-er-klar\/s\/5-95-2578480\" target=\"_blank\">Elisabeth \u00abBettan\u00bb Andreassen (67)<\/a> i Asker og B\u00e6rum tingrett.<\/p>\n<p>Den folkekj\u00e6re Eurovision-vinneren fra 1985 har saks\u00f8kt staten ved Kommunal- og distriktsdepartementet for \u00e5 beholde hytteparadiset sitt p\u00e5 Br\u00f8nn\u00f8ya i Indre Oslofjord.<\/p>\n<p><b>Les ogs\u00e5: <a rel=\"Follow nofollow noopener\" href=\"https:\/\/www.nettavisen.no\/kjendis\/line-andersen-tapte-i-retten-ma-ut-med-150-000-kroner\/s\/5-95-2621208\" target=\"_blank\">Line Andersen tapte i retten: M\u00e5 ut med 150.000 kroner<\/a><\/b><\/p>\n<p>Strider strekker seg tilbake til 2000-tallet, og toppet seg da Andreassen ble ilagt dagb\u00f8ter sommeren 2024, som f\u00f8lge av at hun ikke etterkom kommunens krav om \u00e5 rive en badebrygge, en utepeis og en strandbod som kommunen mener er satt opp ulovlig.<\/p>\n<p>    Vil du se neste video?<\/p>\n<p>    <a href=\"https:\/\/www.nettavisen.no\/sport\/her-bryter-kronprins-haakon-inn-nar-prins-sverre-magnus-svarer-pa-italia-sporsmal-fra-norsk-presse\/v\/5-95-2731534\" class=\"recommend-poster\" data-adp-clicklabel=\"video-recommend\" data-adp-clickvalue=\"poster\" rel=\"nofollow noopener\" target=\"_blank\"><br \/>\n      <img decoding=\"async\" width=\"200\" height=\"200\" loading=\"lazy\" src=\"https:\/\/www.europesays.com\/no\/wp-content\/uploads\/2025\/11\/Kronprins+Haakon+til+cue.jpg\" alt=\"\" class=\"brick-c-cFOWSL\" style=\"--brick-image-ratio: 200 \/ 200;\"\/><\/p>\n<p>Her bryter kronprinsen inn0:38<\/p>\n<p>    <\/a><\/p>\n<p>Uenighet om s\u00f8knadsplikt<\/p>\n<p>Elisabeth Andreassen mener p\u00e5 sin side at tiltakene er lovlige, og har derfor g\u00e5tt rettens vei.<\/p>\n<p>Det er satt av halvannen dag i retten neste uke.<\/p>\n<p><b>Les ogs\u00e5: <a href=\"https:\/\/www.nettavisen.no\/kjendis\/jarle-andhoy-stilte-uten-advokat-i-retten-krever-millionbelop\/s\/5-95-2654755\" rel=\"Follow nofollow noopener\" target=\"_blank\">Jarle Andh\u00f8y i boligtvist: Krever over sju millioner kroner<\/a><\/b><\/p>\n<p>Det er toppadvokat John Christian Elden som representerer Andreassen. Han har ikke besvart Nettavisens henvendelse. Elisabeth Andreassen \u00f8nsker ikke \u00e5 kommentere saken.<\/p>\n<p>I sluttinnlegget, som Nettavisen har f\u00e5tt innsyn i, mener Elden at oppf\u00f8ringen av badebrygga og standboden ikke var s\u00f8knadspliktig etter datidens regelverk, og at kommunen derfor har tolket reglene feil.<\/p>\n<p>   <img decoding=\"async\" width=\"6000\" height=\"4000\" fetchpriority=\"low\"  loading=\"lazy\"  src=\"https:\/\/www.europesays.com\/no\/wp-content\/uploads\/2025\/11\/NTB_5bWbKz_X3Qs.jpg\" alt=\"Sandnes 20250327. &#10;Forsvarer John Christian Elden under dag fire i S\u00f8r-Rogaland tingrett. S\u00f8r-Rogaland tingrett behandler en straffesak mot Gjert Arne Ingebrigtsen, tidligere trener og far til Jakob Ingebrigtsen og hans s\u00f8ster.&#10;Foto: Lise \u00c5serud \/ NTB\" class=\"brick-c-cFOWSL\" style=\"--brick-image-ratio: 6000 \/ 4000;\"\/><\/p>\n<p>      ADVOKAT: Elisabeth Andreassen har hyret toppadvokat John Christian Elden.<br \/>\n      Foto: Lise \u00c5serud\n    <\/p>\n<p>I fjor uttalte Elden til <a href=\"https:\/\/www.tv2.no\/underholdning\/saksoker-staten\/17190164\/\" rel=\"Follow nofollow noopener\" target=\"_blank\">TV 2<\/a> at Andreassen ikke har gjort noe ulovlig, og at retten er eneste utvei.<\/p>\n<p>Advokat Andreas Hjetland ved Regjeringsadvokaten f\u00f8rer saken for Kommunal- og distriktsdepartementet.<\/p>\n<p>\u2013 Vi mener at strandboden, utepeisen og badebrygga er ulovlig oppf\u00f8rt og m\u00e5 rives. S\u00e5 lenge hun ikke f\u00f8lger dette vedtaket, l\u00f8per tvangsmulkten. Dette oppleves selvsagt som strengt og i retten skal vi utdype mer om begrunnelsen bak vedtaket. Men n\u00e5r kommunen oppdager ulovlige tiltak som dette, s\u00e5 skal de f\u00f8lges opp. Dette er viktig for \u00e5 sikre etterlevelse av og respekt for regelverket, sier Hjetland til Nettavisen.<\/p>\n<p><b>Les ogs\u00e5: <a href=\"https:\/\/www.nettavisen.no\/kjendis\/marius-borg-hoiby-28-ma-ut-med-over-en-halv-million\/s\/5-95-2732163\" rel=\"Follow nofollow noopener\" target=\"_blank\">Klokka tikker: M\u00e5 punge ut 1,3 millioner<\/a><\/b><\/p>\n<p>Krever erstatning for dagb\u00f8ter<\/p>\n<p>Dagb\u00f8tene som begynte \u00e5 l\u00f8pe sommeren 2024 er satt p\u00e5 pause i p\u00e5vente av rettssaken. Det er ogs\u00e5 krav om riving av badebrygga, utepeisen og strandboden.<\/p>\n<p>I sluttinnlegget kommer det fram at Andreassen ogs\u00e5 ber om erstatning for tap som f\u00f8lge av dagb\u00f8tene.<\/p>\n<p>Den popul\u00e6re artisten har hatt hytta p\u00e5 Br\u00f8nn\u00f8ya i Asker som sitt fristed siden 1990-tallet.<\/p>\n<p><b>Les ogs\u00e5: <a href=\"https:\/\/www.nettavisen.no\/kjendis\/hotellet-programleder-aslak-maurstad-snakker-ut-bedragerisaken-svindlet-feil-dame\/s\/5-95-2673881\" rel=\"Follow nofollow noopener\" target=\"_blank\">Aslak Maurstad: \u2013 Svindlet feil dame<\/a><\/b><\/p>\n<p>Det var i 2023 Andreassen hun ble p\u00e5lagt \u00e5 rive det kommunen mener er ulovligheter p\u00e5 deler av hytteeiendommen.<\/p>\n<p>Den betente konflikten strekker seg tilbake til 2000-tallet, da kommunen f\u00f8rst konkluderte med at badebrygga, utepeisen og strandhuset var ulovlig satt opp.<\/p>\n<p>Da dagb\u00f8tene begynte \u00e5 l\u00f8pe i fjor sommer, varslet Elisabeth Andreassen rettslige skritt.<\/p>\n","protected":false},"excerpt":{"rendered":"24. og 25. november m\u00f8ter Elisabeth \u00abBettan\u00bb Andreassen (67) i Asker og B\u00e6rum tingrett. Den folkekj\u00e6re Eurovision-vinneren fra&hellip;\n","protected":false},"author":2,"featured_media":94764,"comment_status":"","ping_status":"","sticky":false,"template":"","format":"standard","meta":{"footnotes":""},"categories":[10],"tags":[20,21,24,25,15,22,23,13,30,28,29,14,16,26,27],"class_list":{"0":"post-94763","1":"post","2":"type-post","3":"status-publish","4":"format-standard","5":"has-post-thumbnail","7":"category-norge","8":"tag-breaking-news","9":"tag-breakingnews","10":"tag-featured-news","11":"tag-featurednews","12":"tag-headlines","13":"tag-latest-news","14":"tag-latestnews","15":"tag-news","16":"tag-no","17":"tag-norge","18":"tag-norway","19":"tag-nyheter","20":"tag-overskrifter","21":"tag-top-stories","22":"tag-topstories"},"share_on_mastodon":{"url":"https:\/\/pubeurope.com\/@no\/115600672004603489","error":""},"_links":{"self":[{"href":"https:\/\/www.europesays.com\/no\/wp-json\/wp\/v2\/posts\/94763","targetHints":{"allow":["GET"]}}],"collection":[{"href":"https:\/\/www.europesays.com\/no\/wp-json\/wp\/v2\/posts"}],"about":[{"href":"https:\/\/www.europesays.com\/no\/wp-json\/wp\/v2\/types\/post"}],"author":[{"embeddable":true,"href":"https:\/\/www.europesays.com\/no\/wp-json\/wp\/v2\/users\/2"}],"replies":[{"embeddable":true,"href":"https:\/\/www.europesays.com\/no\/wp-json\/wp\/v2\/comments?post=94763"}],"version-history":[{"count":0,"href":"https:\/\/www.europesays.com\/no\/wp-json\/wp\/v2\/posts\/94763\/revisions"}],"wp:featuredmedia":[{"embeddable":true,"href":"https:\/\/www.europesays.com\/no\/wp-json\/wp\/v2\/media\/94764"}],"wp:attachment":[{"href":"https:\/\/www.europesays.com\/no\/wp-json\/wp\/v2\/media?parent=94763"}],"wp:term":[{"taxonomy":"category","embeddable":true,"href":"https:\/\/www.europesays.com\/no\/wp-json\/wp\/v2\/categories?post=94763"},{"taxonomy":"post_tag","embeddable":true,"href":"https:\/\/www.europesays.com\/no\/wp-json\/wp\/v2\/tags?post=94763"}],"curies":[{"name":"wp","href":"https:\/\/api.w.org\/{rel}","templated":true}]}}