{"id":94767,"date":"2025-11-23T19:31:12","date_gmt":"2025-11-23T19:31:12","guid":{"rendered":"https:\/\/www.europesays.com\/no\/94767\/"},"modified":"2025-11-23T19:31:12","modified_gmt":"2025-11-23T19:31:12","slug":"stjernehopper-fikk-advarsel-vi-har-oynene-pa-ham","status":"publish","type":"post","link":"https:\/\/www.europesays.com\/no\/94767\/","title":{"rendered":"Stjernehopper fikk advarsel: &#8211; Vi har \u00f8ynene p\u00e5 ham"},"content":{"rendered":"<p>I det nye og strenge regelverket st\u00e5r det at man ikke skal r\u00f8re hoppdressen etter kontrollen p\u00e5 toppen av bakken.\u00a0<\/p>\n<p>Men bildene i forkant av g\u00e5rsdagens vinnerhopp fra Tschofenig, viser klart at han drar i ermene p\u00e5 dressen.\u00a0<\/p>\n<p>        <img class=\"image__img lazyload\" itemprop=\"image\" title=\"Foto: TV 2\" alt=\"ULOVLIG: Her drar Daniel Tschofenig i glidel\u00e5sen p\u00e5 dressen f\u00f8r g\u00e5rsdagens seier. Reglene sl\u00e5r fast at ut\u00f8veren ikke kan manipulere dressen med \u00e5 dra i den etter kontrollen p\u00e5 toppen. Foto: TV 2\" width=\"675\" height=\"486\" bad-src=\"https:\/\/www.europesays.com\/no\/wp-content\/uploads\/2025\/11\/18317105.webp\" fetchpriority=\"auto\" \/><\/p>\n<p>      ULOVLIG: Her drar Daniel Tschofenig i glidel\u00e5sen p\u00e5 dressen f\u00f8r g\u00e5rsdagens seier. Reglene sl\u00e5r fast at ut\u00f8veren ikke kan manipulere dressen med \u00e5 dra i den etter kontrollen p\u00e5 toppen.<br \/>\n         Foto: TV 2<\/p>\n<p>\u2013 Jeg drar i glidel\u00e5sen for \u00e5 sjekke om den er dratt helt opp. Dette er ikke noe jeg gj\u00f8r for \u00e5 dra dressen ned. Jeg tjener ingenting p\u00e5 dette i svevet, sier Tschofenig selv til TV 2.\u00a0<\/p>\n<p>\u2013 S\u00e5 det ikke<\/p>\n<p>Mathias Hafele forteller at ingen i FIS fikk med seg dette under g\u00e5rsdagens konkurranse.\u00a0<\/p>\n<p>\u2013 Jeg var opptatt med andre ting inne i kontrollbua, s\u00e5 jeg s\u00e5 det ikke. Det ble heller ikke levert en protest, sier Hafele.\u00a0<\/p>\n<p>Han bekrefter at de l\u00f8rdag kveld fikk en video av hendelsen. Da ble det tatt umiddelbare grep.\u00a0<\/p>\n<p>Representanter for det \u00f8sterrikske laget ble kalt inn p\u00e5 teppet, og de fikk klar beskjed om at fjor\u00e5rets suverent beste hopper m\u00e5tte slutte med dette umiddelbart.\u00a0<\/p>\n<p>\u2013 Vi ga beskjed via hans team om at vi har \u00f8ynene p\u00e5 ham, sier renndirekt\u00f8r Sandro Pertile.\u00a0<\/p>\n<p>Klappet i hendene<\/p>\n<p>Daniel Tschofenig bekrefter til TV 2 at han fikk en advarsel etter m\u00f8tene l\u00f8rdag kveld.\u00a0<\/p>\n<p>        <img class=\"image__img lazyload\" itemprop=\"image\" title=\"Foto: Geir Olsen \/ NTB\" alt=\"FIKK ADVARSEL: Daniel Tschofenig ble advart av FIS etter ulovlig man\u00f8ver. Foto: Geir Olsen \/ NTB\" width=\"675\" height=\"554\" bad-src=\"https:\/\/www.europesays.com\/no\/wp-content\/uploads\/2025\/11\/18317110.webp\" fetchpriority=\"auto\" \/><\/p>\n<p>      FIKK ADVARSEL: Daniel Tschofenig ble advart av FIS etter ulovlig man\u00f8ver.<br \/>\n         Foto: Geir Olsen \/ NTB<\/p>\n<p>\u2013 Jeg fikk beskjed om at jeg ikke m\u00e5tte dra i glidel\u00e5sene av en i mitt eget team.\u00a0<\/p>\n<p>I stedet klappet han innsiden av hendene sammen.\u00a0<\/p>\n<p>\u2013 Jeg gjorde det for \u00e5 sjekke om glidel\u00e5sen satt fast, forklarer han.\u00a0<\/p>\n<p>FIS-sjefene vil ikke svare direkte p\u00e5 om det er et regelbrudd som hadde f\u00f8rt til diskvalifikasjon.\u00a0<\/p>\n<p>\u2013 Det hadde i s\u00e5 fall blitt opp til juryen \u00e5 ta en avgj\u00f8relse p\u00e5 det, sier Hafele.\u00a0<\/p>\n<p class=\"italic m-italic\" data-lab-italic=\"italic\">\u2013 Hva synes du? Er det disk eller ikke?\u00a0<\/p>\n<p>\u2013 Det er vanskelig for meg \u00e5 si.\u00a0<\/p>\n<p class=\"bold m-bold\" data-lab-font_weight=\"bold\">Renndirekt\u00f8r Sandro Pertile forteller at de ikke har egne dedikerte kontroll\u00f8rer som f\u00f8lger TV-sendingene.\u00a0<\/p>\n<p>\u2013 Det er ikke VAR, nei, ler han.\u00a0<\/p>\n<p>\u2013 Reglene tillater oss heller ikke \u00e5 diske noen i etterkant. Det er en tidsfrist for \u00e5 levere protest, s\u00e5 vi kunne i teorien ikke ha disket ham p\u00e5 kvelden da vi fikk tilgang p\u00e5 videoen, sier Pertile.\u00a0<\/p>\n<p>Opphevet norsk advarsel<\/p>\n<p>Den norske hopperen Isak Langmo ble disket for \u00e5 ha en \u00f8delagt glidel\u00e5s. Han fikk ogs\u00e5 et gult kort, som i ettertid ble opphevet fordi regelbruddet var uforskyldt.\u00a0<\/p>\n<p>\u2013 Det var et enkelt valg da vi fikk h\u00f8re hans historie. Vi kommer til \u00e5 vurdere hver enkelt sak i slike tilfeller. Denne gangen var det ikke tvil om at det var uforskyldt, sier Pertile.\u00a0<\/p>\n<p>        <img class=\"image__img lazyload\" itemprop=\"image\" title=\"Foto: Geir Olsen \/ NTB\" alt=\"SLAPP KORT: Isak Langmo var skuffet og lei seg etter \u00e5 ha blitt disket. Her med sportssjef Jan Erik Aalbu. Foto: Geir Olsen \/ NTB\" width=\"978\" height=\"551\" bad-src=\"https:\/\/www.europesays.com\/no\/wp-content\/uploads\/2025\/11\/18317098.webp\" fetchpriority=\"auto\" \/><\/p>\n<p>      SLAPP KORT: Isak Langmo var skuffet og lei seg etter \u00e5 ha blitt disket. Her med sportssjef Jan Erik Aalbu.<br \/>\n         Foto: Geir Olsen \/ NTB<\/p>\n","protected":false},"excerpt":{"rendered":"I det nye og strenge regelverket st\u00e5r det at man ikke skal r\u00f8re hoppdressen etter kontrollen p\u00e5 toppen&hellip;\n","protected":false},"author":2,"featured_media":94768,"comment_status":"","ping_status":"","sticky":false,"template":"","format":"standard","meta":{"footnotes":""},"categories":[59],"tags":[30,28,29,83,82],"class_list":{"0":"post-94767","1":"post","2":"type-post","3":"status-publish","4":"format-standard","5":"has-post-thumbnail","7":"category-sport","8":"tag-no","9":"tag-norge","10":"tag-norway","11":"tag-sport","12":"tag-sports"},"share_on_mastodon":{"url":"https:\/\/pubeurope.com\/@no\/115600679416872317","error":""},"_links":{"self":[{"href":"https:\/\/www.europesays.com\/no\/wp-json\/wp\/v2\/posts\/94767","targetHints":{"allow":["GET"]}}],"collection":[{"href":"https:\/\/www.europesays.com\/no\/wp-json\/wp\/v2\/posts"}],"about":[{"href":"https:\/\/www.europesays.com\/no\/wp-json\/wp\/v2\/types\/post"}],"author":[{"embeddable":true,"href":"https:\/\/www.europesays.com\/no\/wp-json\/wp\/v2\/users\/2"}],"replies":[{"embeddable":true,"href":"https:\/\/www.europesays.com\/no\/wp-json\/wp\/v2\/comments?post=94767"}],"version-history":[{"count":0,"href":"https:\/\/www.europesays.com\/no\/wp-json\/wp\/v2\/posts\/94767\/revisions"}],"wp:featuredmedia":[{"embeddable":true,"href":"https:\/\/www.europesays.com\/no\/wp-json\/wp\/v2\/media\/94768"}],"wp:attachment":[{"href":"https:\/\/www.europesays.com\/no\/wp-json\/wp\/v2\/media?parent=94767"}],"wp:term":[{"taxonomy":"category","embeddable":true,"href":"https:\/\/www.europesays.com\/no\/wp-json\/wp\/v2\/categories?post=94767"},{"taxonomy":"post_tag","embeddable":true,"href":"https:\/\/www.europesays.com\/no\/wp-json\/wp\/v2\/tags?post=94767"}],"curies":[{"name":"wp","href":"https:\/\/api.w.org\/{rel}","templated":true}]}}