{"id":94772,"date":"2025-11-23T19:38:09","date_gmt":"2025-11-23T19:38:09","guid":{"rendered":"https:\/\/www.europesays.com\/no\/94772\/"},"modified":"2025-11-23T19:38:09","modified_gmt":"2025-11-23T19:38:09","slug":"bislett-24-timers-forde-skulle-springe-i-24-timar-matte-kaste-inn-handkleet-etter-10-firda","status":"publish","type":"post","link":"https:\/\/www.europesays.com\/no\/94772\/","title":{"rendered":"Bislett 24-timers, F\u00f8rde | Skulle springe i 24 timar. M\u00e5tte kaste inn handkleet etter 10 &#8211; Firda"},"content":{"rendered":"<ol>\n<li><a href=\"https:\/\/news.google.com\/rss\/articles\/CBMinAFBVV95cUxQdHlSM08xbllZVnRFc1FFRURlcWkwSzZ1ODFqZFJKeUJmZ2Vyb1o5TERSa0VqT3g5b1dJeXFILWpaemlkeDBMVWxFNHdlbmVnTUZaeHVFQmRwdC1tMXBMLWlvbUpkcHJoSlF1eWMzUWZFUWV2OXpTQWFrSHdFMEVyUXpUbHExTjZfd1dpdkN0NHd1dWlnUHNoUGd3Ujc?oc=5\" target=\"_blank\" rel=\"nofollow noopener\">Bislett 24-timers, F\u00f8rde | Skulle springe i 24 timar. M\u00e5tte kaste inn handkleet etter 10<\/a>&nbsp;&nbsp;Firda<\/li>\n<li><a href=\"https:\/\/news.google.com\/rss\/articles\/CBMikAFBVV95cUxPeHFHd3hzNHlfdEZrQ2FmcGR4Y1UzTVhDMENzbGFpU1VRYmV1aGd1WWQyY3c3OW95SGs4YjA0Y0NicTExeTN4QVdMSkt1dE93eWVDaUhZR1JBZURpUTNKdHVDdGlIUjY0SGJlZEFzOHZxa21Sc3l6MnllcjNNYjRZSGQtOXRHeTJQVXdIOWFRVW8?oc=5\" target=\"_blank\" rel=\"nofollow noopener\">Alta, L\u00f8ping | Miriann ble norgesmester: \u2013 Alt tar litt tid i dag<\/a>&nbsp;&nbsp;iFinnmark<\/li>\n<li><a href=\"https:\/\/news.google.com\/rss\/articles\/CBMiqgFBVV95cUxQaFU3Y2hOWFpCdkZoMmxkdlJHbW5EOWhDZHVaejJjSXlrQnZTcE1JQ3Q4ZlZwcTRFY2ppSU5Bc2R1MHVUX1BBelFldjQ3TnEtckxpS05zcTNMc2xRN1pEejlkVzFDZHRWYU9jLWNXLXlwa3JMc1Z6YndRczZkX2dTRkttMU9YU29zNmVEcGM3SnF3UURSbW4ybGh5bFZVeXlLTTlReXRzakJ6QQ?oc=5\" target=\"_blank\" rel=\"nofollow noopener\">(+) NM-gull til Ingrid Margrethe Lid og Harald Bjerke i Bislett 24-timers<\/a>&nbsp;&nbsp;Kondis<\/li>\n<li><a href=\"https:\/\/news.google.com\/rss\/articles\/CBMi5gFBVV95cUxOZEhkclQ1THp1UjdFWFM5dUU2VlNwTnJOdHVicktmZmlpa0ItTzg5TVo2X3J6cEYtcXJkMEUwV3VubjVWY2tGQWhFX2JWY2cxNEd1ckw3NUdrdkNKSDE2aER3dFpQOWQ4aTB3bGFRQ1NaNUVvMFF4a3hGLThuRnQzdGVZN1BzcGY3d2dabXRZSGVuNGhjRmNkNXhGbVhpZmlRZVBrY0VmVnZDY2stVnRwZ0dMaFBab3QxLWN6WENBa05GajhYMUxLWHl4cmxiR0dtMVFfM001WEs0OXFRbUl3aWp6THlfQQ?oc=5\" target=\"_blank\" rel=\"nofollow noopener\">Trebarnsmor fra Finnsnes l\u00f8p 24-timer i strekk og ble norgesmester: \u2013 Jeg hadde ikke kommet meg hjem i dag<\/a>&nbsp;&nbsp;folkebladet.no<\/li>\n<li><a href=\"https:\/\/news.google.com\/rss\/articles\/CBMiowFBVV95cUxOdHdNTTFZVmljVzNJYXREblJVS1czc2o1dDNaMzJtYVphVHdSeUhJdGhJWlJyd3FGTmRvb0NMaExLVlhQQm5GUGczMExJcHlpTGtRZDJEZFQybXRyRXpxY3hCVS1yelRvQmFiTUR3Zktsd2NRWE1sYzNHelRCb1ZOM3hEakR5UVUyQWFyN1Z0Vm1fUnNjcDVxYmtlZkZhd2xQd3dB?oc=5\" target=\"_blank\" rel=\"nofollow noopener\">Bislett, Bislett stadion | Ettersp\u00f8rselen er rekordstor, men kjendis-lege advarer: \u2013 Ikke anbefalt<\/a>&nbsp;&nbsp;Avisa Oslo<\/li>\n<\/ol>\n","protected":false},"excerpt":{"rendered":"Bislett 24-timers, F\u00f8rde | Skulle springe i 24 timar. M\u00e5tte kaste inn handkleet etter 10&nbsp;&nbsp;Firda Alta, L\u00f8ping |&hellip;\n","protected":false},"author":2,"featured_media":94773,"comment_status":"","ping_status":"","sticky":false,"template":"","format":"standard","meta":{"footnotes":""},"categories":[59],"tags":[30,28,29,83,82],"class_list":{"0":"post-94772","1":"post","2":"type-post","3":"status-publish","4":"format-standard","5":"has-post-thumbnail","7":"category-sport","8":"tag-no","9":"tag-norge","10":"tag-norway","11":"tag-sport","12":"tag-sports"},"share_on_mastodon":{"url":"https:\/\/pubeurope.com\/@no\/115600706940989522","error":""},"_links":{"self":[{"href":"https:\/\/www.europesays.com\/no\/wp-json\/wp\/v2\/posts\/94772","targetHints":{"allow":["GET"]}}],"collection":[{"href":"https:\/\/www.europesays.com\/no\/wp-json\/wp\/v2\/posts"}],"about":[{"href":"https:\/\/www.europesays.com\/no\/wp-json\/wp\/v2\/types\/post"}],"author":[{"embeddable":true,"href":"https:\/\/www.europesays.com\/no\/wp-json\/wp\/v2\/users\/2"}],"replies":[{"embeddable":true,"href":"https:\/\/www.europesays.com\/no\/wp-json\/wp\/v2\/comments?post=94772"}],"version-history":[{"count":0,"href":"https:\/\/www.europesays.com\/no\/wp-json\/wp\/v2\/posts\/94772\/revisions"}],"wp:featuredmedia":[{"embeddable":true,"href":"https:\/\/www.europesays.com\/no\/wp-json\/wp\/v2\/media\/94773"}],"wp:attachment":[{"href":"https:\/\/www.europesays.com\/no\/wp-json\/wp\/v2\/media?parent=94772"}],"wp:term":[{"taxonomy":"category","embeddable":true,"href":"https:\/\/www.europesays.com\/no\/wp-json\/wp\/v2\/categories?post=94772"},{"taxonomy":"post_tag","embeddable":true,"href":"https:\/\/www.europesays.com\/no\/wp-json\/wp\/v2\/tags?post=94772"}],"curies":[{"name":"wp","href":"https:\/\/api.w.org\/{rel}","templated":true}]}}