{"id":94774,"date":"2025-11-23T19:42:22","date_gmt":"2025-11-23T19:42:22","guid":{"rendered":"https:\/\/www.europesays.com\/no\/94774\/"},"modified":"2025-11-23T19:42:22","modified_gmt":"2025-11-23T19:42:22","slug":"unrwa-fortsetter-hjelpearbeid-i-gaza-tross-israelske-restriksjoner","status":"publish","type":"post","link":"https:\/\/www.europesays.com\/no\/94774\/","title":{"rendered":"UNRWA fortsetter hjelpearbeid i Gaza tross israelske restriksjoner"},"content":{"rendered":"<p>De har forbud mot \u00e5 operere i og fra Israel, men FNs hjelpeorganisasjon for palestinske flyktninger (UNRWA) fortsetter \u00e5 levere tjenester til befolkningen p\u00e5 Gaza.<\/p>\n<p>\u2013 Vi har leger, sykepleiere, l\u00e6rere og sosialarbeidere som hver dag pr\u00f8ver \u00e5 gi folk det mest grunnleggende, sier Natalie Boucly til TV 2.<\/p>\n<p>Den erfarne diplomaten er visekommiss\u00e6r for FN-organisasjonen med rundt 12.000 ansatte p\u00e5 Gaza.<\/p>\n<p>\u2013 De ble fordrevet flere ganger, som resten av befolkningen, men de fortsatte \u00e5 jobbe, sier hun.<\/p>\n<p>Bekymret for vinteren<\/p>\n<p>Det som bekymrer henne mest akkurat n\u00e5, er vinteren og behovene knyttet til \u00e5 f\u00e5 inn telt som kan t\u00e5le b\u00e5de regn og kulde. <\/p>\n<p>Etter to \u00e5r med krig er majoriteten av Gazas befolkning fordrevet fra hjemmene sine. De fleste bor n\u00e5 i telt \u2013 mange av dem provisoriske.\u00a0<\/p>\n<p class=\"bold m-bold\" data-lab-font_weight=\"bold\">Gaza har allerede opplevd det f\u00f8rste kraftige regnfallet, noe som f\u00f8rte til at tusenvis av telt ble oversv\u00f8mt.<\/p>\n<p>        <img class=\"image__img lazyload\" itemprop=\"image\" title=\"Foto: Dawoud Abu Alkas \/ Reuters \/ NTB\" alt=\"REGNSKYLL: En palestinsk mann fortviler over at teltet er oversv\u00f8mt i Gaza by. Foto: Dawoud Abu Alkas \/ Reuters \/ NTB\" width=\"675\" height=\"473\" bad-src=\"https:\/\/www.europesays.com\/no\/wp-content\/uploads\/2025\/11\/18300039.webp\" fetchpriority=\"auto\" \/><\/p>\n<p>      REGNSKYLL: En palestinsk mann fortviler over at teltet er oversv\u00f8mt i Gaza by.<br \/>\n         Foto: Dawoud Abu Alkas \/ Reuters \/ NTB<\/p>\n<p> Flyktninghjelpen, som leder en gruppe organisasjoner som arbeider med boligmangelen i Gaza, ansl\u00e5r at 1,5 millioner mennesker trenger husly. <\/p>\n<p>If\u00f8lge <a href=\"https:\/\/www.bbc.com\/news\/articles\/c20p3x7vr34o\" rel=\"nofollow noopener\" target=\"_blank\">BBC<\/a> opplyser hjelpeorganisasjoner at de bare har klart \u00e5 f\u00e5 inn cirka 19.000 telt siden v\u00e5penhvilen mellom Israel og Hamas tr\u00e5dte i kraft 10. oktober. <\/p>\n<p>44.000 paller med hjelpesendinger, inkludert telt og sengeutstyr, er blokkert fra \u00e5 komme inn. Forsyninger som er kj\u00f8pt inn sitter fast i Egypt, Jordan og Israel. <\/p>\n<p class=\"bold m-bold\" data-lab-font_weight=\"bold\">\u2013 Vi har 5000 lastebiler fulle av hjelp \u2013 mat, mel, telt, utstyr \u2013 som st\u00e5r utenfor Gaza, sier Boucly til TV 2.<\/p>\n<p>\u2013 De f\u00e5r ikke komme inn p\u00e5 grunn av restriksjoner.<\/p>\n<p>V\u00e5penhvilen har f\u00f8rt til at mer n\u00f8dhjelp slipper inn, men fortsatt ikke de 600 lastebilene som i snitt skulle slippes inn daglig, if\u00f8lge hjelpeorganisasjoner.<\/p>\n<p>        <img class=\"image__img lazyload\" itemprop=\"image\" title=\"Foto: Abdel Kareem Hana \/ AP \/ NTB\" alt=\"N\u00d8DHJELP: Folk l\u00f8per for \u00e5 f\u00e5 tak i sekker med mel fra en lastebil med n\u00f8dhjelp fra Verdens matvareprogram. Foto: Abdel Kareem Hana \/ AP \/ NTB\" width=\"675\" height=\"486\" bad-src=\"https:\/\/www.europesays.com\/no\/wp-content\/uploads\/2025\/11\/18300051.webp\" fetchpriority=\"auto\" \/><\/p>\n<p>      N\u00d8DHJELP: Folk l\u00f8per for \u00e5 f\u00e5 tak i sekker med mel fra en lastebil med n\u00f8dhjelp fra Verdens matvareprogram.<br \/>\n         Foto: Abdel Kareem Hana \/ AP \/ NTB<\/p>\n<p>Boucly mener Israels p\u00e5stander om at nok hjelp slipper inn, ikke stemmer.<\/p>\n<p>\u2013 Hvis\u00a0\u00abnok hjelp\u00bb\u00a0betyr det absolutte minimum for at folk ikke skal d\u00f8 \u2013 kanskje 300 eller 400 kalorier daglig \u2013 s\u00e5 stemmer det kanskje. Men dette er ikke det n\u00f8dhjelp betyr if\u00f8lge den fjerde Gen\u00e8vekonvensjonen, sier hun.<\/p>\n<p>Den internasjonale domstolen (ICJ) har uttalt at Israel m\u00e5 tillate, og legge til rette, for at FN-n\u00f8dhjelp n\u00e5r palestinske omr\u00e5der, inkludert fra UNRWA.\u00a0<\/p>\n<p>\u2013 De har en klar forpliktelse til \u00e5 slippe inn forsyninger, sier Boucly.<\/p>\n<p>\u2013 M\u00e5 gjenoppbygge sjelen<\/p>\n<p>FN-toppen mener det er sv\u00e6rt viktig at Gazas utmattede befolkning raskt ser en bedring i sine liv.<\/p>\n<p class=\"bold m-bold\" data-lab-font_weight=\"bold\">\u2013 Gjenoppbyggingen av\u00a0Gaza handler ikke bare om \u00e5 gjenoppbygge de 90 prosentene av infrastrukturen som er \u00f8delagt. Det handler om \u00e5 gjenoppbygge folks sjel \u2013 og det handler om \u00e5 gi dem h\u00e5p, sier Boucly.<\/p>\n<p>\u2013 Hvis folk ikke ser bedring, mister de h\u00e5pet. Og h\u00e5p er det som holder dem g\u00e5ende. Det er helt n\u00f8dvendig for gjenoppbyggingen av Gaza.<\/p>\n<p>FNs sikkerhetsr\u00e5d vedtok mandag kveld en resolusjon som st\u00f8tter president Donald Trumps fredsplan for Gaza.<\/p>\n<p>        <img class=\"image__img lazyload\" itemprop=\"image\" title=\"Foto: Eduardo Munoz \/ Reuters \/ NTB\" alt=\"SIER JA: USAs FN-ambassad\u00f8r Mike Waltz og andre ambassad\u00f8rer stemmer for resolusjonen i FNs sikkerhetsr\u00e5d. Foto: Eduardo Munoz \/ Reuters \/ NTB\" width=\"675\" height=\"432\" bad-src=\"https:\/\/www.europesays.com\/no\/wp-content\/uploads\/2025\/11\/18300095.webp\" fetchpriority=\"auto\" \/><\/p>\n<p>      SIER JA: USAs FN-ambassad\u00f8r Mike Waltz og andre ambassad\u00f8rer stemmer for resolusjonen i FNs sikkerhetsr\u00e5d.<br \/>\n         Foto: Eduardo Munoz \/ Reuters \/ NTB<\/p>\n<p>Resolusjonen \u00e5pner blant annet for utplasseringen av en internasjonal stabiliseringsstyrke.\u00a0<\/p>\n<p>Boucly omtaler Trumps 20-punkts fredsplan som et viktig steg \u2013 men ikke uten risiko.\u00a0<\/p>\n<p class=\"bold m-bold\" data-lab-font_weight=\"bold\">\u2013 Den har f\u00f8rt til v\u00e5penhvile, og det er positivt. Men djevelen ligger i detaljene. Det er mye som m\u00e5 avklares n\u00e5r det gjelder styring, hjelp og struktur, sier Boucly.<\/p>\n<p>Boucly mener man m\u00e5 bygge p\u00e5 de palestinske institusjonene som allerede finnes.<\/p>\n<p>\u2013 De m\u00e5 styrkes\u00a0og gis kapasitet. Man m\u00e5 jobbe med det som allerede finnes p\u00e5 bakken og gi folk muligheten til \u00e5 bygge seg selv opp igjen, sier Boucly \u2013 og kommer med en advarsel.<\/p>\n<p>\u2013 Hvis ikke ender man opp med en situasjon som i Irak. Der fjernet man alle lokale strukturer \u2013 det fungerte ikke, og det fungerer ikke. Det er mange l\u00e6rdommer \u00e5 trekke der for alle akt\u00f8rene som er involvert.<\/p>\n<p>        <img class=\"image__img lazyload\" itemprop=\"image\" title=\"Foto: Sveinung Kyte \/ TV 2\" alt=\"ENORM JOBB: Natalie Boucly sier det er mye som m\u00e5 avklares f\u00f8r man kan snakke om en varig fred p\u00e5 Gaza. Foto: Sveinung Kyte \/ TV 2\" width=\"978\" height=\"656\" bad-src=\"https:\/\/www.europesays.com\/no\/wp-content\/uploads\/2025\/11\/18285633.webp\" fetchpriority=\"auto\" \/><\/p>\n<p>      ENORM JOBB: Natalie Boucly sier det er mye som m\u00e5 avklares f\u00f8r man kan snakke om en varig fred p\u00e5 Gaza.<br \/>\n         Foto: Sveinung Kyte \/ TV 2<\/p>\n<p>Hun mener FN ogs\u00e5 m\u00e5 spille en rolle.<\/p>\n<p>\u2013 Dette vil ta \u00e5r, men det er mulig, sier hun.<\/p>\n<p>Avviser anklager<\/p>\n<p>Israel har anklaget UNRWA for \u00e5 v\u00e6re\u00a0\u00abinfiltrert av Hamas\u00bb, og har fremmet p\u00e5stander om at flere av organisasjonens ansatte deltok i terrorangrepet 7. oktober 2023.<\/p>\n<p>\u2013 Da anklagene kom, tok vi dem ekstremt alvorlig, sier Boucly.<\/p>\n<p><a href=\"https:\/\/www.unrwa.org\/newsroom\/official-statements\/note-correspondents-%E2%80%93-oios-investigation-unrwa\" rel=\"nofollow noopener\" target=\"_blank\">FNs kontor for intern granskning<\/a> (IOIOS) gransket anklager mot 19 UNRWA-ansatte, og i august i fjor kom konklusjonen:<\/p>\n<p>\u00a0I ett tilfelle fant OIOS ingen bevis som st\u00f8ttet p\u00e5standene om den ansattes involvering.<\/p>\n<p>\u00a0For ni andre tilfeller ble det ikke funnet tilstrekkelige beviser til \u00e5 underbygge de ansattes involvering.<\/p>\n<p> For de\u00a0resterende ni sakene, indikerer bevisene som OIOS innhentet at de UNRWA-ansatte kan ha v\u00e6rt involvert i 7. oktobera-angrepet mot Israel. Ansettelsesforholdet til disse personene ble avsluttet.<\/p>\n<p>        <img class=\"image__img lazyload\" itemprop=\"image\" title=\"Foto: Ariel Schalit \/ AP \/ NTB\" alt=\"PATRULJERER: Israelske soldater utenfor UNRWAs hovedkvarter i Gaza by i februar 2024. Foto: Ariel Schalit \/ AP \/ NTB\" width=\"675\" height=\"460\" bad-src=\"https:\/\/www.europesays.com\/no\/wp-content\/uploads\/2025\/11\/18285414.webp\" fetchpriority=\"auto\" \/><\/p>\n<p>      PATRULJERER: Israelske soldater utenfor UNRWAs hovedkvarter i Gaza by i februar 2024.<br \/>\n         Foto: Ariel Schalit \/ AP \/ NTB<\/p>\n<p>Tidlig i 2025 tr\u00e5dte en lov i kraft som forbyr israelske myndigheter og offentlige tjenestemenn \u00e5 ha kontakt med FN-organisasjonen.<\/p>\n<p>Loven gj\u00f8r det ogs\u00e5 forbudt for UNRWA \u00e5 operere i Israel.<\/p>\n<p>Dette gjelder ikke p\u00e5 Vestbredden eller i Gaza, men siden Israel kontrollerer grensene til Gaza, f\u00e5r ikke UNRWA fraktet n\u00f8dhjelp inn under sitt navn.<\/p>\n<p class=\"bold m-bold\" data-lab-font_weight=\"bold\">Boucly forteller at de p\u00e5 et tidspunkt hadde folk som skrapet merkelapper av esker med n\u00f8dhjelp.<\/p>\n<p>\u2013 Det tok s\u00e5 mye tid at vi til slutt ga opp og sendte forsendelsene til et annet land, sier Boucly.<\/p>\n<p>\u2013 N\u00e5 lar vi WHO og Unicef bringe inn medisinene, mens v\u00e5re klinikker og ansatte distribuerer dem.\u00a0<\/p>\n<p>        <img class=\"image__img lazyload\" itemprop=\"image\" title=\"Foto: Ohad Zwigenberg \/ AP \/ NTB\" alt=\"PROTEST: Israelere demonstrerer mot UNRWA. Bildet er tatt i Jerusalem i mars 2024. Foto: Ohad Zwigenberg \/ AP \/ NTB\" width=\"675\" height=\"466\" bad-src=\"https:\/\/www.europesays.com\/no\/wp-content\/uploads\/2025\/11\/18285412.webp\" fetchpriority=\"auto\" \/><\/p>\n<p>      PROTEST: Israelere demonstrerer mot UNRWA. Bildet er tatt i Jerusalem i mars 2024.<br \/>\n         Foto: Ohad Zwigenberg \/ AP \/ NTB<\/p>\n<p>Deres internasjonale medarbeidere f\u00e5r heller ikke visum av Israel.<\/p>\n<p class=\"italic m-italic\" data-lab-italic=\"italic\">\u2013 Ville du f\u00e5tt visum slik at du kan reise inn i Gaza?<\/p>\n<p>\u2013 Jeg kan pr\u00f8ve, men ville nok ikke det. Sist jeg var i Gaza var i mars 2024. Jeg har ikke s\u00f8kt siden, sier Boucly.<\/p>\n<p class=\"bold m-bold\" data-lab-font_weight=\"bold\"><a href=\"https:\/\/www.unrwa.org\/icj-advisory-opinion-israel-obligations-key-conclusions-relating-unrwa\" rel=\"nofollow noopener\" target=\"_blank\">I forrige m\u00e5ned slo ICJ<\/a> fast at\u00a0Israel ikke har dokumentert p\u00e5standene om at organisasjonen mangler n\u00f8ytralitet.<\/p>\n<p>Til tross for dette kalte USAs utenriksminister Marco Rubio i forrige m\u00e5ned UNRWA for\u00a0\u00ab<a href=\"https:\/\/www.state.gov\/releases\/office-of-the-spokesperson\/2025\/10\/secretary-of-state-marco-rubio-after-tour-of-civil-military-coordination-center\" rel=\"nofollow noopener\" target=\"_blank\">en underavdeling av Hamas<\/a>\u00bb.<\/p>\n<p>\u2013 Det er \u00f8deleggende og sv\u00e6rt uheldig, for ingen etterforsknings- eller domstolsorgan har f\u00e5tt forelagt bevis for det, sier Boucly.<\/p>\n<p>        <img class=\"image__img lazyload\" itemprop=\"image\" title=\"Foto: Manuel Balce Ceneta \/ AP \/ NTB\" alt=\"President Trump diskuterer sammen med utenriksminister Rubio. Foto: Manuel Balce Ceneta \/ AP \/ NTB\" width=\"675\" height=\"453\" bad-src=\"https:\/\/www.europesays.com\/no\/wp-content\/uploads\/2025\/11\/18306735.webp\" fetchpriority=\"auto\" \/><\/p>\n<p>      President Trump diskuterer sammen med utenriksminister Rubio.<br \/>\n         Foto: Manuel Balce Ceneta \/ AP \/ NTB<\/p>\n<p>\u2013 UNRWA eksisterer fordi ingen politisk l\u00f8sning er funnet. Ingen andre organisasjoner har mandatet, strukturen eller kapasiteten til \u00e5 erstatte oss.<\/p>\n<p>Gjen\u00e5pnet skoler<\/p>\n<p>Selv om skolebyggene ligger i ruiner eller brukes som tilfluktssted for internt fordrevne, har UNRWA startet opp undervisning p\u00e5 over 300 midlertidige l\u00e6ringssteder etter at v\u00e5penhvilen tr\u00e5dte i kraft.<\/p>\n<p>For Gazas barn har undervisningen stort sett v\u00e6rt lammet i l\u00f8pet av to \u00e5r med krig.<\/p>\n<p>        <img class=\"image__img lazyload\" itemprop=\"image\" title=\"Foto: Ramadan Abed \/ Reuters \/ NTB\" alt=\"P\u00c5 SKOLEBENKEN IGJEN: Krigen har f\u00f8rt til at Gazas barn ikke har g\u00e5tt p\u00e5 skole de siste to \u00e5rene. N\u00e5 har UNRWA startet opp over 300 midlertidige skoler for titusenvis av barn. Foto: Ramadan Abed \/ Reuters \/ NTB\" width=\"675\" height=\"480\" bad-src=\"https:\/\/www.europesays.com\/no\/wp-content\/uploads\/2025\/11\/18300268.webp\" fetchpriority=\"auto\" \/><\/p>\n<p>      P\u00c5 SKOLEBENKEN IGJEN: Krigen har f\u00f8rt til at Gazas barn ikke har g\u00e5tt p\u00e5 skole de siste to \u00e5rene. N\u00e5 har UNRWA startet opp over 300 midlertidige skoler for titusenvis av barn.<br \/>\n         Foto: Ramadan Abed \/ Reuters \/ NTB<\/p>\n<p>If\u00f8lge Boucly tilbyr de n\u00e5 undervisning til om lag 40.000 barn.<\/p>\n<p class=\"bold m-bold\" data-lab-font_weight=\"bold\">\u2013\u00a0Det handler ikke bare om undervisning, men ogs\u00e5 om psykososial st\u00f8tte, sier Boucly.\u00a0<\/p>\n<p>\u2013 V\u00e5re l\u00e6rere og r\u00e5dgivere hjelper barna til \u00e5 leke og tenke p\u00e5 noe annet. Penn og papir er fortsatt forbudt \u00e5 bringe inn, men barna kan delta i enkle aktiviteter for \u00e5 l\u00e6re \u2013 og f\u00e5 et avbrekk.<\/p>\n<p>Det statlige skolesystemet i Gaza, som f\u00f8r krigen underviste rundt 300.000 barn, er imidlertid fortsatt stengt.<\/p>\n<p>    <a class=\"article__link\" data-ga-active-label=\"\" data-ga-active-label-animation=\"\" href=\"https:\/\/www.tv2.no\/spesialer\/nyheter\/bosettervold-pa-vestbredden\" rel=\"nofollow noopener\" target=\"_blank\"><\/p>\n<p>    <img class=\"image__img lazyload\" itemprop=\"image\" title=\"Foto: Aage Aune \/ TV 2\" alt=\"20251015 Al Mughayir, Vestbredden, Palestina, Familien Abu Naem fors\u00f8ker \u00e5 drive g\u00e5rden sin i n\u00e6rheten av landsbyen Mughayir p\u00e5 Vestbredden, men de blir stadig trakassert av bosettere som \u00f8nsker \u00e5 fordrive dem fra eiendommen de har eid i generasjoner. Foto: Aage Aune \/ TV 2\" width=\"978\" height=\"411\" bad-src=\"https:\/\/www.europesays.com\/no\/wp-content\/uploads\/2025\/11\/18301258.webp\" fetchpriority=\"auto\" \/><\/p>\n<p>\n            Gravide Fatima ble sparket og sl\u00e5tt av bosetterne\n        <\/p>\n<p>    <\/a><\/p>\n","protected":false},"excerpt":{"rendered":"De har forbud mot \u00e5 operere i og fra Israel, men FNs hjelpeorganisasjon for palestinske flyktninger (UNRWA) fortsetter&hellip;\n","protected":false},"author":2,"featured_media":94775,"comment_status":"","ping_status":"","sticky":false,"template":"","format":"standard","meta":{"footnotes":""},"categories":[12],"tags":[20,21,24,25,15,22,23,13,30,28,29,14,16,26,27,42,43,44,45],"class_list":{"0":"post-94774","1":"post","2":"type-post","3":"status-publish","4":"format-standard","5":"has-post-thumbnail","7":"category-verden","8":"tag-breaking-news","9":"tag-breakingnews","10":"tag-featured-news","11":"tag-featurednews","12":"tag-headlines","13":"tag-latest-news","14":"tag-latestnews","15":"tag-news","16":"tag-no","17":"tag-norge","18":"tag-norway","19":"tag-nyheter","20":"tag-overskrifter","21":"tag-top-stories","22":"tag-topstories","23":"tag-verden","24":"tag-world","25":"tag-world-news","26":"tag-worldnews"},"share_on_mastodon":{"url":"https:\/\/pubeurope.com\/@no\/115600722804449685","error":""},"_links":{"self":[{"href":"https:\/\/www.europesays.com\/no\/wp-json\/wp\/v2\/posts\/94774","targetHints":{"allow":["GET"]}}],"collection":[{"href":"https:\/\/www.europesays.com\/no\/wp-json\/wp\/v2\/posts"}],"about":[{"href":"https:\/\/www.europesays.com\/no\/wp-json\/wp\/v2\/types\/post"}],"author":[{"embeddable":true,"href":"https:\/\/www.europesays.com\/no\/wp-json\/wp\/v2\/users\/2"}],"replies":[{"embeddable":true,"href":"https:\/\/www.europesays.com\/no\/wp-json\/wp\/v2\/comments?post=94774"}],"version-history":[{"count":0,"href":"https:\/\/www.europesays.com\/no\/wp-json\/wp\/v2\/posts\/94774\/revisions"}],"wp:featuredmedia":[{"embeddable":true,"href":"https:\/\/www.europesays.com\/no\/wp-json\/wp\/v2\/media\/94775"}],"wp:attachment":[{"href":"https:\/\/www.europesays.com\/no\/wp-json\/wp\/v2\/media?parent=94774"}],"wp:term":[{"taxonomy":"category","embeddable":true,"href":"https:\/\/www.europesays.com\/no\/wp-json\/wp\/v2\/categories?post=94774"},{"taxonomy":"post_tag","embeddable":true,"href":"https:\/\/www.europesays.com\/no\/wp-json\/wp\/v2\/tags?post=94774"}],"curies":[{"name":"wp","href":"https:\/\/api.w.org\/{rel}","templated":true}]}}