{"id":94776,"date":"2025-11-23T19:43:31","date_gmt":"2025-11-23T19:43:31","guid":{"rendered":"https:\/\/www.europesays.com\/no\/94776\/"},"modified":"2025-11-23T19:43:31","modified_gmt":"2025-11-23T19:43:31","slug":"folk-er-mettet-black-friday-har-ikke-lenger-samme-effekt","status":"publish","type":"post","link":"https:\/\/www.europesays.com\/no\/94776\/","title":{"rendered":"Folk er mettet \u2013 black friday har ikke lenger samme effekt"},"content":{"rendered":"<p class=\"extendedContent hyperion-css-hxzb59\" data-test-tag=\"lead-text\">Folk tror ikke lenger p\u00e5 et kupp under black friday. Tilliten til butikkene har falt skarpt etter all p\u00e5trengende reklame og kunnskap om at priser ofte er skrudd opp i forkant, if\u00f8lge Forbrukerr\u00e5det.<\/p>\n<p>forrige<\/p>\n<ul class=\"carousel-container-viewport\" style=\"transform:translate3d(0%, 0, 0)\">\n<li class=\"carousel-slide\" style=\"z-index:1;filter:none(1);padding-bottom:66.68421%\"><img decoding=\"async\" class=\"image-asset hyperion-css-u06ts1\" data-test-tag=\"image-asset\" src=\"https:\/\/www.europesays.com\/no\/wp-content\/uploads\/2025\/11\/07f5c947-e0ad-44dc-b6ba-3f0ca144ffa1\"  alt=\"Forbrukerr\u00e5det er lei av at det jukses med f\u00f8rpris og jo-jo-prising. De mener at f\u00f8rprisen b\u00f8r utvides til 60 dager, og eventuelt at et minimum med antall produkter m\u00e5 v\u00e6re solgt til f\u00f8rprisen. \"  loading=\"lazy\" fetchpriority=\"auto\" style=\"aspect-ratio:1900 \/ 1267\"\/><\/li>\n<li class=\"carousel-slide\" style=\"filter:none(0.3);padding-bottom:66.68421%\"><img decoding=\"async\" class=\"image-asset hyperion-css-u06ts1\" data-test-tag=\"image-asset\" src=\"https:\/\/www.europesays.com\/no\/wp-content\/uploads\/2025\/11\/f544aac6-c79e-485d-b9b4-d837c73b675d\"  alt=\"Black friday, black days og black week er godt synlig i butikkenes utstillingsvinduer. Forbrukerekspert og forsker Alexander Schj\u00f8ll ved Forbruksforskningsinstituttet SIFO i Oslo Met, er enig i at det kan v\u00e6re en utmattelse hos forbrukeren. \"  loading=\"lazy\" fetchpriority=\"auto\" style=\"aspect-ratio:1900 \/ 1267\"\/><\/li>\n<\/ul>\n<p>fullskjermnesteForbrukerr\u00e5det er lei av at det jukses med f\u00f8rpris og jo-jo-prising. De mener at f\u00f8rprisen b\u00f8r utvides til 60 dager, og eventuelt at et minimum med antall produkter m\u00e5 v\u00e6re solgt til f\u00f8rprisen.<\/p>\n<p>1 av 2Foto: Stian Lysberg Solum \/ NTB<\/p>\n<p>Publisert: Publisert: <\/p>\n<p>For mindre enn 40 minutter siden<\/p>\n<p class=\"hyperion-css-1qm9e9t\">Les hele saken med abonnement<\/p>\n<p>Allerede abonnent? Logg inn<\/p>\n","protected":false},"excerpt":{"rendered":"Folk tror ikke lenger p\u00e5 et kupp under black friday. Tilliten til butikkene har falt skarpt etter all&hellip;\n","protected":false},"author":2,"featured_media":94598,"comment_status":"","ping_status":"","sticky":false,"template":"","format":"standard","meta":{"footnotes":""},"categories":[10],"tags":[20,21,24,25,15,22,23,13,30,28,29,14,16,26,27],"class_list":{"0":"post-94776","1":"post","2":"type-post","3":"status-publish","4":"format-standard","5":"has-post-thumbnail","7":"category-norge","8":"tag-breaking-news","9":"tag-breakingnews","10":"tag-featured-news","11":"tag-featurednews","12":"tag-headlines","13":"tag-latest-news","14":"tag-latestnews","15":"tag-news","16":"tag-no","17":"tag-norge","18":"tag-norway","19":"tag-nyheter","20":"tag-overskrifter","21":"tag-top-stories","22":"tag-topstories"},"share_on_mastodon":{"url":"https:\/\/pubeurope.com\/@no\/115600726962423228","error":""},"_links":{"self":[{"href":"https:\/\/www.europesays.com\/no\/wp-json\/wp\/v2\/posts\/94776","targetHints":{"allow":["GET"]}}],"collection":[{"href":"https:\/\/www.europesays.com\/no\/wp-json\/wp\/v2\/posts"}],"about":[{"href":"https:\/\/www.europesays.com\/no\/wp-json\/wp\/v2\/types\/post"}],"author":[{"embeddable":true,"href":"https:\/\/www.europesays.com\/no\/wp-json\/wp\/v2\/users\/2"}],"replies":[{"embeddable":true,"href":"https:\/\/www.europesays.com\/no\/wp-json\/wp\/v2\/comments?post=94776"}],"version-history":[{"count":0,"href":"https:\/\/www.europesays.com\/no\/wp-json\/wp\/v2\/posts\/94776\/revisions"}],"wp:featuredmedia":[{"embeddable":true,"href":"https:\/\/www.europesays.com\/no\/wp-json\/wp\/v2\/media\/94598"}],"wp:attachment":[{"href":"https:\/\/www.europesays.com\/no\/wp-json\/wp\/v2\/media?parent=94776"}],"wp:term":[{"taxonomy":"category","embeddable":true,"href":"https:\/\/www.europesays.com\/no\/wp-json\/wp\/v2\/categories?post=94776"},{"taxonomy":"post_tag","embeddable":true,"href":"https:\/\/www.europesays.com\/no\/wp-json\/wp\/v2\/tags?post=94776"}],"curies":[{"name":"wp","href":"https:\/\/api.w.org\/{rel}","templated":true}]}}