{"id":94779,"date":"2025-11-23T19:49:13","date_gmt":"2025-11-23T19:49:13","guid":{"rendered":"https:\/\/www.europesays.com\/no\/94779\/"},"modified":"2025-11-23T19:49:13","modified_gmt":"2025-11-23T19:49:13","slug":"ballongkaos-i-litauen-stenger-flyplass-igjen","status":"publish","type":"post","link":"https:\/\/www.europesays.com\/no\/94779\/","title":{"rendered":"Ballongkaos i Litauen \u2013 stenger flyplass igjen"},"content":{"rendered":"\n<p class=\"_lead_o9xde_2 _lead_xtcu6_50 layout-component text-serif-m layout-normal text-serif-l layout-component layout-wide layout-padded _wide_17hqh_1 layout-padded\">Varmluftsballonger brukt til smugling skaper problemer igjen. <\/p>\n<p><img alt=\"Dette utdaterte bildet skal vise et tidligere tilfelle av smuglerballong i Litauen. Her unders\u00f8kes ballongen av litauisk grensepoliti. Foto: Litauisk grensepoliti \/ AP \/ NTB\" class=\"_image_qp4xg_65 layout-component layout-wide\" data-fullscreen- data-track-element-type=\"Article image fullscreen\" data-track-name=\"ImageFullscreen\" fetchpriority=\"high\" decoding=\"sync\" loading=\"eager\" height=\"1520\" itemprop=\"image\"  src=\"https:\/\/www.europesays.com\/no\/wp-content\/uploads\/2025\/11\/6f5aa859-7969-4fa2-afda-bbaab50bfe90\"  style=\"object-position:0% 0%\" width=\"2280\"\/>Dette utdaterte bildet skal vise et tidligere tilfelle av smuglerballong i Litauen. Her unders\u00f8kes ballongen av litauisk grensepoliti. Foto: Litauisk grensepoliti \/ AP \/ NTB<\/p>\n<ul aria-hidden=\"true\" class=\"_images_18f0k_111\">\n<li><a class=\"_link_18f0k_116\" href=\"https:\/\/www.vg.no\/forfatter\/einar-torkelsen\" style=\"z-index:1\" title=\"Einar Torkelsen\" rel=\"nofollow noopener\" target=\"_blank\"><img alt=\"Bilde av Einar Torkelsen\" class=\"_image_18f0k_93\" fetchpriority=\"low\" loading=\"lazy\" decoding=\"async\" itemprop=\"image\"  src=\"https:\/\/www.europesays.com\/no\/wp-content\/uploads\/2025\/11\/1763927351_906_f6016772-ddbc-43d2-b733-41afc7cc9046\"  width=\"480\"\/><\/a><\/li>\n<\/ul>\n<p> Oppdatert s\u00f8ndag 23. november kl. 20:32     <\/p>\n<p class=\"_paragraph_o9xde_4 _paragraph_xtcu6_10 layout-component text-serif-m layout-normal text-serif-m layout-padded\">Flyplassen i <a href=\"https:\/\/www.vg.no\/tag\/litauen?utm_source=vg-article&amp;utm_medium=auto-tagger&amp;utm_campaign=n1RmXn\" class=\"_link_o9xde_39\" rel=\"nofollow noopener\" target=\"_blank\">Litauens<\/a> hovedstad Vilnius er stengt, melder Reuters.<\/p>\n<p class=\"_paragraph_o9xde_4 _paragraph_xtcu6_10 layout-component text-serif-m layout-normal text-serif-m layout-padded\">\u00c5rsaken er at flyplassen har oppdaget nye smuglerballonger p\u00e5 radaren, if\u00f8lge kriseh\u00e5ndteringssenteret ved flyplassen.<\/p>\n<p class=\"_paragraph_o9xde_4 _paragraph_xtcu6_10 layout-component text-serif-m layout-normal text-serif-m layout-padded\"><a href=\"https:\/\/www.vg.no\/nyheter\/i\/al5PoE\/ballonger-ved-vilnius-lufthavn-smuglet-sigaretter\" data-track-element-type=\"Link\" data-track-id=\"link:al5PoE\" class=\"_link_o9xde_39\" rel=\"nofollow noopener\" target=\"_blank\">Dette har skjedd flere ganger tidligere<\/a> og har blitt et problem for flyplassen. Sist det skjedde var p\u00e5 torsdag, if\u00f8lge den litauiske kringkasteren <a href=\"https:\/\/www.lrt.lt\/naujienos\/lietuvoje\/2\/2754094\/del-kontrabandininku-balionu-vel-sustabdyti-skrydziai-vilniaus-oro-uoste\" class=\"_link_o9xde_39\" rel=\"nofollow noopener\" target=\"_blank\">LRT<\/a>. <\/p>\n<p class=\"_paragraph_o9xde_4 _paragraph_xtcu6_10 layout-component text-serif-m layout-normal text-serif-m layout-padded\">Smuglerballongene kommer inn i litauisk luftrom fra Belarus.<\/p>\n<p>Smugler sigaretter <\/p>\n<p class=\"_paragraph_o9xde_4 _paragraph_xtcu6_10 layout-component text-serif-m layout-normal text-serif-m layout-padded\">Ballongene har tidligere blitt brukt til \u00e5 smugle sigaretter inn i Litauen. <\/p>\n<p class=\"_paragraph_o9xde_4 _paragraph_xtcu6_10 layout-component text-serif-m layout-normal text-serif-m layout-padded\">Vilnius ligger omtrent 40 kilometer fra grensen til Belarus.<\/p>\n<p class=\"_paragraph_o9xde_4 _paragraph_xtcu6_10 layout-component text-serif-m layout-normal text-serif-m layout-padded\">Flyplassteningen tr\u00e5dte i kraft klokken 17.55, if\u00f8lge LRT.<\/p>\n<p>Aktiver kart<\/p>\n<p class=\"_paragraph_o9xde_4 _paragraph_xtcu6_10 layout-component text-serif-m layout-normal text-serif-m layout-padded\">Hittil i \u00e5r er det meldt om over 500 tilfeller av smuglerballonger i Litauen. I fjor ble det registrert nesten 1000 ballonger. <\/p>\n<p>Vil skyte ned<\/p>\n<p class=\"_paragraph_o9xde_4 _paragraph_xtcu6_10 layout-component text-serif-m layout-normal text-serif-m layout-padded\">Litauens statsminister Inga Ruginiene har tidligere sagt at landet skal begynne \u00e5 skyte ned ballongene som g\u00e5r inni deres luftrom. <\/p>\n<p class=\"_paragraph_o9xde_4 _paragraph_xtcu6_10 layout-component text-serif-m layout-normal text-serif-m layout-padded\">EU-kommisjonens president Ursula von der Leyen har tidligere omtalt ballongene som en hybrid trussel. <\/p>\n<p class=\"_paragraph_o9xde_4 _paragraph_xtcu6_10 layout-component text-serif-m layout-normal text-serif-m layout-padded\">\u2013 Dette er provokasjon. Vi kaller det vet sitt rette navn: En hybrid trussel. Vi vil ikke tolerere det, skrev hun i en uttalelse p\u00e5 X i slutten av oktober. <\/p>\n<p>    <img decoding=\"async\" alt=\"Tips oss illustrasjon\" src=\"https:\/\/www.europesays.com\/no\/wp-content\/uploads\/2025\/10\/pssst-small.webp.webp\"\/>    <\/p>\n<p class=\"title-serif-s\">Har du tips?<\/p>\n<p class=\"text-sans-m\">Send oss informasjon, bilder eller video.<\/p>\n<p>  <a href=\"https:\/\/www.vg.no\/tips-oss\" rel=\"nofollow noopener\" target=\"_blank\"> Tips oss <\/a>      <\/p>\n","protected":false},"excerpt":{"rendered":"Varmluftsballonger brukt til smugling skaper problemer igjen. Dette utdaterte bildet skal vise et tidligere tilfelle av smuglerballong i&hellip;\n","protected":false},"author":2,"featured_media":94780,"comment_status":"","ping_status":"","sticky":false,"template":"","format":"standard","meta":{"footnotes":""},"categories":[12],"tags":[1065,31,20,21,24,25,15,22,23,8156,13,30,28,29,14,16,4441,26,27,42,8070,43,44,45],"class_list":{"0":"post-94779","1":"post","2":"type-post","3":"status-publish","4":"format-standard","5":"has-post-thumbnail","7":"category-verden","8":"tag-belarus","9":"tag-breaking","10":"tag-breaking-news","11":"tag-breakingnews","12":"tag-featured-news","13":"tag-featurednews","14":"tag-headlines","15":"tag-latest-news","16":"tag-latestnews","17":"tag-litauen","18":"tag-news","19":"tag-no","20":"tag-norge","21":"tag-norway","22":"tag-nyheter","23":"tag-overskrifter","24":"tag-smugling","25":"tag-top-stories","26":"tag-topstories","27":"tag-verden","28":"tag-vilnius","29":"tag-world","30":"tag-world-news","31":"tag-worldnews"},"share_on_mastodon":{"url":"https:\/\/pubeurope.com\/@no\/115600750565266021","error":""},"_links":{"self":[{"href":"https:\/\/www.europesays.com\/no\/wp-json\/wp\/v2\/posts\/94779","targetHints":{"allow":["GET"]}}],"collection":[{"href":"https:\/\/www.europesays.com\/no\/wp-json\/wp\/v2\/posts"}],"about":[{"href":"https:\/\/www.europesays.com\/no\/wp-json\/wp\/v2\/types\/post"}],"author":[{"embeddable":true,"href":"https:\/\/www.europesays.com\/no\/wp-json\/wp\/v2\/users\/2"}],"replies":[{"embeddable":true,"href":"https:\/\/www.europesays.com\/no\/wp-json\/wp\/v2\/comments?post=94779"}],"version-history":[{"count":0,"href":"https:\/\/www.europesays.com\/no\/wp-json\/wp\/v2\/posts\/94779\/revisions"}],"wp:featuredmedia":[{"embeddable":true,"href":"https:\/\/www.europesays.com\/no\/wp-json\/wp\/v2\/media\/94780"}],"wp:attachment":[{"href":"https:\/\/www.europesays.com\/no\/wp-json\/wp\/v2\/media?parent=94779"}],"wp:term":[{"taxonomy":"category","embeddable":true,"href":"https:\/\/www.europesays.com\/no\/wp-json\/wp\/v2\/categories?post=94779"},{"taxonomy":"post_tag","embeddable":true,"href":"https:\/\/www.europesays.com\/no\/wp-json\/wp\/v2\/tags?post=94779"}],"curies":[{"name":"wp","href":"https:\/\/api.w.org\/{rel}","templated":true}]}}