{"id":94781,"date":"2025-11-23T19:50:10","date_gmt":"2025-11-23T19:50:10","guid":{"rendered":"https:\/\/www.europesays.com\/no\/94781\/"},"modified":"2025-11-23T19:50:10","modified_gmt":"2025-11-23T19:50:10","slug":"sperr-barna-inne-dagbladet","status":"publish","type":"post","link":"https:\/\/www.europesays.com\/no\/94781\/","title":{"rendered":"&#8211; Sperr barna inne &#8211; Dagbladet"},"content":{"rendered":"<ol>\n<li><a href=\"https:\/\/news.google.com\/rss\/articles\/CBMiakFVX3lxTE51MWlwMUI5dWh1UFlLTUtrWDNvRjltZVhSakxHV1M1WEpud1NyNTMzMGpMdlpqN3otSUFjUnlmMmFHTjZkSUlaeU96SmN4NWNxX1RYNXNqaW1URVVURnFsR2JNandsV1VoelE?oc=5\" target=\"_blank\" rel=\"nofollow noopener\">&#8211; Sperr barna inne<\/a>&nbsp;&nbsp;Dagbladet<\/li>\n<li><a href=\"https:\/\/news.google.com\/rss\/articles\/CBMitgFBVV95cUxQQUNlYmJGeExTNkVSdjRPLVRaWnhaTUNZbzc5UDFfUDJCMFMwc1M0M0Qzb3VYOWE3LVZxcGZDaW1velg0RVpaTG5kXzhDRmRVUFA4ZUQ3WGQwSHFlMzQzeEREVm1EajhqMFVpWGc2NHlFQk9hbWpCZDFaY0l1NkVKNlJwMWpzUGRiTzlscFJsMC0wY3hKaEY5eThvMmJOakZLYkszV2I5M3FJVmJWdkJxVjc0YWd2dw?oc=5\" target=\"_blank\" rel=\"nofollow noopener\">Tungt kriminelle ungdommer h\u00e5ndteres av \u00absosionomer i t\u00f8fler\u00bb. Hva er l\u00f8sningen?<\/a>&nbsp;&nbsp;Aftenposten<\/li>\n<li><a href=\"https:\/\/news.google.com\/rss\/articles\/CBMivAFBVV95cUxPdU9EeVBKc21rU1Q3WEVpR2JTa2xqRmEzVHRhU3dJUGt4ajdfZ0lESEl4N3Z6N01iSVJpVURtNGhNXzRxZjNUc0plZkFDSnNiczhhWkRvTkljYmQ2LWxzUy1NeHdmdjVzRlFLaTlKTzd1TWNsNEFhZUVsa2UycHp0TXpRUE1oaGJrYl81SGNGS2UxclR2UWtwc3FfVHF5LUZINWVEQXg3RVN4QjYzU0hOa09DcXllbzhPR2RPcg?oc=5\" target=\"_blank\" rel=\"nofollow noopener\">Skriftlig sp\u00f8rsm\u00e5l fra Liv Gustavsen (FrP) til barne- og familieministeren<\/a>&nbsp;&nbsp;Stortinget<\/li>\n<li><a href=\"https:\/\/news.google.com\/rss\/articles\/CBMihwFBVV95cUxPNjFPUU5zd0ZScmMxVG5nQVZkNE9sOVhYMFRsUGg0b2laOUdkYmRIWXpPbi1lY3NPamRsRnlKZWVCZ0UzcGRsdEd4RzAyeTVpbjZLQ1RDTUFXbl9fSTFHeDFJWHpRQ1UxWlUtTkFnMUZKLS00MVBCWVg1N0lLQXRjM3dEdkxTM28?oc=5\" target=\"_blank\" rel=\"nofollow noopener\">Byr\u00e5det bekjemper ungdomskriminaliteten<\/a>&nbsp;&nbsp;Groruddalen<\/li>\n<li><a href=\"https:\/\/news.google.com\/rss\/articles\/CBMinwFBVV95cUxOdFlfM0RPenpONF85cXR5c0dxSmJrdWtjWVRFdTV1b3M0ZmhvNHBKSTkzd0cyWHRUcW5FdTJYT0l5SGRCUk5YcXZuNzBxcENfbW1FTGtZSnZoVFRIdFFmb1BXUGtGYzdTTk9TVmxWQjBtZmVTUDZyZE00WGoybjJIQWtlRkVEdXd3enJJQmVoU0tDOElZdEhjYlZ6YWVLZU0?oc=5\" target=\"_blank\" rel=\"nofollow noopener\">Ser mer vold, h\u00e6rverk og alvorlige trusler i ungdomsfengslene<\/a>&nbsp;&nbsp;NRK<\/li>\n<\/ol>\n","protected":false},"excerpt":{"rendered":"&#8211; Sperr barna inne&nbsp;&nbsp;Dagbladet Tungt kriminelle ungdommer h\u00e5ndteres av \u00absosionomer i t\u00f8fler\u00bb. Hva er l\u00f8sningen?&nbsp;&nbsp;Aftenposten Skriftlig sp\u00f8rsm\u00e5l fra&hellip;\n","protected":false},"author":2,"featured_media":94782,"comment_status":"","ping_status":"","sticky":false,"template":"","format":"standard","meta":{"footnotes":""},"categories":[10],"tags":[3540,20,21,24,25,7185,15,2539,983,22,23,13,30,28,29,14,16,26,27],"class_list":{"0":"post-94781","1":"post","2":"type-post","3":"status-publish","4":"format-standard","5":"has-post-thumbnail","7":"category-norge","8":"tag-barnevern","9":"tag-breaking-news","10":"tag-breakingnews","11":"tag-featured-news","12":"tag-featurednews","13":"tag-foxtrot","14":"tag-headlines","15":"tag-innenriks","16":"tag-krim","17":"tag-latest-news","18":"tag-latestnews","19":"tag-news","20":"tag-no","21":"tag-norge","22":"tag-norway","23":"tag-nyheter","24":"tag-overskrifter","25":"tag-top-stories","26":"tag-topstories"},"share_on_mastodon":{"url":"https:\/\/pubeurope.com\/@no\/115600754275983182","error":""},"_links":{"self":[{"href":"https:\/\/www.europesays.com\/no\/wp-json\/wp\/v2\/posts\/94781","targetHints":{"allow":["GET"]}}],"collection":[{"href":"https:\/\/www.europesays.com\/no\/wp-json\/wp\/v2\/posts"}],"about":[{"href":"https:\/\/www.europesays.com\/no\/wp-json\/wp\/v2\/types\/post"}],"author":[{"embeddable":true,"href":"https:\/\/www.europesays.com\/no\/wp-json\/wp\/v2\/users\/2"}],"replies":[{"embeddable":true,"href":"https:\/\/www.europesays.com\/no\/wp-json\/wp\/v2\/comments?post=94781"}],"version-history":[{"count":0,"href":"https:\/\/www.europesays.com\/no\/wp-json\/wp\/v2\/posts\/94781\/revisions"}],"wp:featuredmedia":[{"embeddable":true,"href":"https:\/\/www.europesays.com\/no\/wp-json\/wp\/v2\/media\/94782"}],"wp:attachment":[{"href":"https:\/\/www.europesays.com\/no\/wp-json\/wp\/v2\/media?parent=94781"}],"wp:term":[{"taxonomy":"category","embeddable":true,"href":"https:\/\/www.europesays.com\/no\/wp-json\/wp\/v2\/categories?post=94781"},{"taxonomy":"post_tag","embeddable":true,"href":"https:\/\/www.europesays.com\/no\/wp-json\/wp\/v2\/tags?post=94781"}],"curies":[{"name":"wp","href":"https:\/\/api.w.org\/{rel}","templated":true}]}}