{"id":94787,"date":"2025-11-23T19:58:12","date_gmt":"2025-11-23T19:58:12","guid":{"rendered":"https:\/\/www.europesays.com\/no\/94787\/"},"modified":"2025-11-23T19:58:12","modified_gmt":"2025-11-23T19:58:12","slug":"det-er-der-vi-er-akkurat-na","status":"publish","type":"post","link":"https:\/\/www.europesays.com\/no\/94787\/","title":{"rendered":"\u2013 Det er der vi er akkurat n\u00e5"},"content":{"rendered":"\n<p class=\"_lead_o9xde_2 _lead_xtcu6_50 layout-component text-serif-m layout-normal text-serif-l layout-component layout-wide layout-padded _wide_17hqh_1 layout-padded\">Marius Lindvik ble igjen beste nordmann, men m\u00e5tte ta til takke med 17.-plass i hopprennet p\u00e5 Lillehammer.<\/p>\n<p><img alt=\"Marius Lindvik og Norge f\u00e5r det ikke helt til \u00e5 stemme i sesonginnledningen.&#10;Foto: Geir Olsen \/ NTB\" class=\"_image_qp4xg_65 layout-component layout-wide\" data-fullscreen- data-track-element-type=\"Article image fullscreen\" data-track-name=\"ImageFullscreen\" fetchpriority=\"high\" decoding=\"sync\" loading=\"eager\" height=\"2841\" itemprop=\"image\"  src=\"https:\/\/www.europesays.com\/no\/wp-content\/uploads\/2025\/11\/4ff8a711-96e1-49ec-a16c-0ad57d425ef0\"  style=\"object-position:0% 0%\" width=\"4263\"\/>Marius Lindvik og Norge f\u00e5r det ikke helt til \u00e5 stemme i sesonginnledningen.<br \/>\nFoto: Geir Olsen \/ NTB<\/p>\n<ul aria-hidden=\"true\" class=\"_images_18f0k_111\">\n<li><a class=\"_link_18f0k_116\" href=\"https:\/\/www.vg.no\/forfatter\/ntb\" style=\"z-index:1\" title=\"NTB\" rel=\"nofollow noopener\" target=\"_blank\"><img alt=\"Bilde av NTB\" class=\"_image_18f0k_93\" fetchpriority=\"low\" loading=\"lazy\" decoding=\"async\" itemprop=\"image\"  src=\"https:\/\/www.europesays.com\/no\/wp-content\/uploads\/2025\/11\/1763927892_173_c33980b0-5d07-4027-84a1-813f90a7c8d6\"  width=\"480\"\/><\/a><\/li>\n<\/ul>\n<p> Oppdatert s\u00f8ndag 23. november kl. 18:31     <\/p>\n<p class=\"_paragraph_o9xde_4 _paragraph_xtcu6_10 layout-component text-serif-m layout-normal text-serif-m layout-padded\">Lindvik fikk opp 134 meter i 1. omgang, men tapte mange meter i finalen. Da landet han p\u00e5 125.<\/p>\n<p class=\"_paragraph_o9xde_4 _paragraph_xtcu6_10 layout-component text-serif-m layout-normal text-serif-m layout-padded\">\u2013 Jeg skulle gjerne v\u00e6rt med \u00e5 kjempe litt h\u00f8yere p\u00e5 lista. Det blir litt r\u00f8r med skiene som \u00f8delegger mye av flygingen, sa Lindvik til NTB.<\/p>\n<p class=\"_paragraph_o9xde_4 _paragraph_xtcu6_10 layout-component text-serif-m layout-normal text-serif-m layout-padded\">Kristoffer Eriksen Sundal endte p\u00e5 19.-plass med svev p\u00e5 130 og 127,5 meter.<\/p>\n<p class=\"_paragraph_o9xde_4 _paragraph_xtcu6_10 layout-component text-serif-m layout-normal text-serif-m layout-padded\">\u2013 Det er nok litt d\u00e5rligere enn vi hadde h\u00e5pet p\u00e5, men det er der vi er akkurat n\u00e5. Vi m\u00e5 bare jobbed videre herfra. Vi m\u00e5 v\u00e6re positive. Hvis man drar ned rullegardinene f\u00f8rste helga, blir det hvert fall ikke noe, sa Lindvik om Norges innsats.<\/p>\n<p>Forfang bommet<\/p>\n<p class=\"_paragraph_o9xde_4 _paragraph_xtcu6_10 layout-component text-serif-m layout-normal text-serif-m layout-padded\">Lindvik ble beste nordmann ogs\u00e5 l\u00f8rdag med en 16.-plass. Sundal kom seg da ikke til finaleomgangen, men det greide han s\u00f8ndag.<\/p>\n<p class=\"_paragraph_o9xde_4 _paragraph_xtcu6_10 layout-component text-serif-m layout-normal text-serif-m layout-padded\">Halvor Egner Granerud landet p\u00e5 124 meter i 1. omgang og kom seg ikke til finalen. Johann Forfang bommet i kvalifiseringen og fikk ikke hoppe mer s\u00f8ndag. <\/p>\n<p class=\"_paragraph_o9xde_4 _paragraph_xtcu6_10 layout-component text-serif-m layout-normal text-serif-m layout-padded\">\u2013 Akkurat n\u00e5 er det ganske ferskt, s\u00e5 n\u00e5 har hele verden rast sammen. S\u00e5 m\u00e5 jeg bare komme meg ovenp\u00e5 igjen, fort som faen, sa Forfang til TV 2.<\/p>\n<p>Disk<\/p>\n<p class=\"_paragraph_o9xde_4 _paragraph_xtcu6_10 layout-component text-serif-m layout-normal text-serif-m layout-padded\">Isak Andreas Langmo ble disket i kvalifiseringen som f\u00f8lge av at glidel\u00e5sen hadde blitt \u00f8delagt p\u00e5 dressen.<\/p>\n<p class=\"_paragraph_o9xde_4 _paragraph_xtcu6_10 layout-component text-serif-m layout-normal text-serif-m layout-padded\">\u2013 Jeg er s\u00f8nderknust, Jeg er ikke her for at utstyret skal ryke. Det er ikke maks hopping, men jeg greide \u00e5 kvalifisere meg inn, s\u00e5 da er det dumt at jeg ikke f\u00e5r hoppe mer, sa han til NTB.<\/p>\n<p class=\"_paragraph_o9xde_4 _paragraph_xtcu6_10 layout-component text-serif-m layout-normal text-serif-m layout-padded\">Japanske Ryoyu Kobayashi vant foran slovenske Domen Prevc og tyske Felix Hoffmann s\u00f8ndag.<\/p>\n<p class=\"_paragraph_o9xde_4 _paragraph_xtcu6_10 layout-component text-serif-m layout-normal text-serif-m layout-padded\">Neste verdenscuprunde avvikles i svenske Falun tirsdag og onsdag. Noen dager senere venter finske Ruka.<\/p>\n","protected":false},"excerpt":{"rendered":"Marius Lindvik ble igjen beste nordmann, men m\u00e5tte ta til takke med 17.-plass i hopprennet p\u00e5 Lillehammer. Marius&hellip;\n","protected":false},"author":2,"featured_media":94788,"comment_status":"","ping_status":"","sticky":false,"template":"","format":"standard","meta":{"footnotes":""},"categories":[5],"tags":[20,21,24,25,15,19,22,23,17,18,13,30,28,29,14,16,900,26,27],"class_list":{"0":"post-94787","1":"post","2":"type-post","3":"status-publish","4":"format-standard","5":"has-post-thumbnail","7":"category-overskrifter","8":"tag-breaking-news","9":"tag-breakingnews","10":"tag-featured-news","11":"tag-featurednews","12":"tag-headlines","13":"tag-hovedoppslag","14":"tag-latest-news","15":"tag-latestnews","16":"tag-main-news","17":"tag-mainnews","18":"tag-news","19":"tag-no","20":"tag-norge","21":"tag-norway","22":"tag-nyheter","23":"tag-overskrifter","24":"tag-skihopping","25":"tag-top-stories","26":"tag-topstories"},"share_on_mastodon":{"url":"https:\/\/pubeurope.com\/@no\/115600785851018264","error":""},"_links":{"self":[{"href":"https:\/\/www.europesays.com\/no\/wp-json\/wp\/v2\/posts\/94787","targetHints":{"allow":["GET"]}}],"collection":[{"href":"https:\/\/www.europesays.com\/no\/wp-json\/wp\/v2\/posts"}],"about":[{"href":"https:\/\/www.europesays.com\/no\/wp-json\/wp\/v2\/types\/post"}],"author":[{"embeddable":true,"href":"https:\/\/www.europesays.com\/no\/wp-json\/wp\/v2\/users\/2"}],"replies":[{"embeddable":true,"href":"https:\/\/www.europesays.com\/no\/wp-json\/wp\/v2\/comments?post=94787"}],"version-history":[{"count":0,"href":"https:\/\/www.europesays.com\/no\/wp-json\/wp\/v2\/posts\/94787\/revisions"}],"wp:featuredmedia":[{"embeddable":true,"href":"https:\/\/www.europesays.com\/no\/wp-json\/wp\/v2\/media\/94788"}],"wp:attachment":[{"href":"https:\/\/www.europesays.com\/no\/wp-json\/wp\/v2\/media?parent=94787"}],"wp:term":[{"taxonomy":"category","embeddable":true,"href":"https:\/\/www.europesays.com\/no\/wp-json\/wp\/v2\/categories?post=94787"},{"taxonomy":"post_tag","embeddable":true,"href":"https:\/\/www.europesays.com\/no\/wp-json\/wp\/v2\/tags?post=94787"}],"curies":[{"name":"wp","href":"https:\/\/api.w.org\/{rel}","templated":true}]}}