{"id":94794,"date":"2025-11-23T20:12:18","date_gmt":"2025-11-23T20:12:18","guid":{"rendered":"https:\/\/www.europesays.com\/no\/94794\/"},"modified":"2025-11-23T20:12:18","modified_gmt":"2025-11-23T20:12:18","slug":"styret-i-helgelandssykehuset-skal-avgjore-ambulansesakem-banett-no","status":"publish","type":"post","link":"https:\/\/www.europesays.com\/no\/94794\/","title":{"rendered":"Styret i Helge\u00adlands\u00adsyke\u00adhuset skal avgj\u00f8re ambu\u00adlanse\u00adsakem &#8211; banett.no"},"content":{"rendered":"<ol>\n<li><a href=\"https:\/\/news.google.com\/rss\/articles\/CBMinAFBVV95cUxQM3hOcGFERmw3UVNTX3hjcVZ2RlM3Y3pGSlVVWXhNdmhnZW5WbjJuYXlKbG9tVU9HdFlVdU5VN3NkQlFMak92V1V0R1NjOWtRWHNGR2x1VWhnQ1lfWEc5bngwNnNsbWMxbFE3amR2S2tFV0p5REZFZ2w3aHVSOTlPN3JUTzNGUFN4ZGFFU2VEVUVSbGNyR0RmaHZ0c0Y?oc=5\" target=\"_blank\" rel=\"nofollow noopener\">Styret i Helge\u00adlands\u00adsyke\u00adhuset skal avgj\u00f8re ambu\u00adlanse\u00adsakem<\/a>&nbsp;&nbsp;banett.no<\/li>\n<li><a href=\"https:\/\/news.google.com\/rss\/articles\/CBMimwFBVV95cUxNZjBZNWRtWFZUaWFCUHl5cTZ1c2VRVjJDQ2R4SkZMYW0waXJSZk1KWXFLOERHRGZiSHYtNTkzc2FOczBUMjZSUlVBTFB4ZXhZZ3JQYmw4TFRLeVRjcVhiMFlwWDhYV2poRXFjdU1BQmFLRlV4aHVyX29ZNllfbU9vWlVLUzBxYUJ0NldqdWdOS0l6VTZuMExKUFBtaw?oc=5\" target=\"_blank\" rel=\"nofollow noopener\">Styret i Helge\u00adlands\u00adsyke\u00adhuset skal avgj\u00f8re ambu\u00adlanse\u00adsaken<\/a>&nbsp;&nbsp;NRK<\/li>\n<li><a href=\"https:\/\/news.google.com\/rss\/articles\/CBMilwFBVV95cUxNY3YwazZJNm5RV01pWmR4MHBHeVNjSy05MTNqN0FtdXdueWlzZWhZalgwOVEwbWh0NEFLdHhVUU5FckdUN2s3ZXRSWXZ3UWhQZHdiTXBXWWlDWE0wbmJza2dSdDlzLXRqTm1VZnA5a1BIc3pZMkg2Q2dobTRTbzJpb29iYkhKaHdzYkJVU2VPNGs0eDg0VXp3?oc=5\" target=\"_blank\" rel=\"nofollow noopener\">Ogs\u00e5 R\u00f8dt p\u00e5 Stortinget presser Vestre om ambulansen i S\u00f8mna<\/a>&nbsp;&nbsp;banett.no<\/li>\n<li><a href=\"https:\/\/news.google.com\/rss\/articles\/CBMivAFBVV95cUxOVjlRbEp2OEFlNlc2eHlTcXQtSEZDYTA0bGQ1N3A2cDRqeTk1SjdfYnpnYUxoVElIWDF2TzRVdmNTdHJKVzdKRE9mSUw3R19EZ0MtdkwzMTlHVjdrYi1YMF95QlY3Sm84cEpnNTQwMTJCZGE0ZVU3MnhfeGpvZGE1QnhHV2ppTFZ4Y3l1RHNVbmg3bUduRmNCMFJac2pid2VnOGV2WjJLQWlncTVvVUlUZW5mZ0s5OHRPSXh0cw?oc=5\" target=\"_blank\" rel=\"nofollow noopener\">Skriftlig sp\u00f8rsm\u00e5l fra Bent-Joacim Bentzen (Sp) til helse- og omsorgsministeren<\/a>&nbsp;&nbsp;Stortinget<\/li>\n<li><a href=\"https:\/\/news.google.com\/rss\/articles\/CBMihgFBVV95cUxPamJtMmhJR1dsRF92YU8tUkxCb05QZ215X1hyNTNRSUlZeUlUZ3BJQzlmd3JoVGtZa0Zmb2hNSXR2b3BacHREdkpxUzNFYm1PRHJpbE80SWFLQml5OFFEMXNhdnRoRmhKVWVmOTBVb0JGYzIxdnVUdmgxSXU2MkhfYlFmcV9sUQ?oc=5\" target=\"_blank\" rel=\"nofollow noopener\">Stortingsrepresentant misforn\u00f8yd med Vestres svar<\/a>&nbsp;&nbsp;banett.no<\/li>\n<\/ol>\n","protected":false},"excerpt":{"rendered":"Styret i Helge\u00adlands\u00adsyke\u00adhuset skal avgj\u00f8re ambu\u00adlanse\u00adsakem&nbsp;&nbsp;banett.no Styret i Helge\u00adlands\u00adsyke\u00adhuset skal avgj\u00f8re ambu\u00adlanse\u00adsaken&nbsp;&nbsp;NRK Ogs\u00e5 R\u00f8dt p\u00e5 Stortinget presser Vestre&hellip;\n","protected":false},"author":2,"featured_media":94795,"comment_status":"","ping_status":"","sticky":false,"template":"","format":"standard","meta":{"footnotes":""},"categories":[10],"tags":[20,21,24,25,15,22,23,13,30,28,29,14,16,26,27],"class_list":{"0":"post-94794","1":"post","2":"type-post","3":"status-publish","4":"format-standard","5":"has-post-thumbnail","7":"category-norge","8":"tag-breaking-news","9":"tag-breakingnews","10":"tag-featured-news","11":"tag-featurednews","12":"tag-headlines","13":"tag-latest-news","14":"tag-latestnews","15":"tag-news","16":"tag-no","17":"tag-norge","18":"tag-norway","19":"tag-nyheter","20":"tag-overskrifter","21":"tag-top-stories","22":"tag-topstories"},"share_on_mastodon":{"url":"https:\/\/pubeurope.com\/@no\/115600840758166486","error":""},"_links":{"self":[{"href":"https:\/\/www.europesays.com\/no\/wp-json\/wp\/v2\/posts\/94794","targetHints":{"allow":["GET"]}}],"collection":[{"href":"https:\/\/www.europesays.com\/no\/wp-json\/wp\/v2\/posts"}],"about":[{"href":"https:\/\/www.europesays.com\/no\/wp-json\/wp\/v2\/types\/post"}],"author":[{"embeddable":true,"href":"https:\/\/www.europesays.com\/no\/wp-json\/wp\/v2\/users\/2"}],"replies":[{"embeddable":true,"href":"https:\/\/www.europesays.com\/no\/wp-json\/wp\/v2\/comments?post=94794"}],"version-history":[{"count":0,"href":"https:\/\/www.europesays.com\/no\/wp-json\/wp\/v2\/posts\/94794\/revisions"}],"wp:featuredmedia":[{"embeddable":true,"href":"https:\/\/www.europesays.com\/no\/wp-json\/wp\/v2\/media\/94795"}],"wp:attachment":[{"href":"https:\/\/www.europesays.com\/no\/wp-json\/wp\/v2\/media?parent=94794"}],"wp:term":[{"taxonomy":"category","embeddable":true,"href":"https:\/\/www.europesays.com\/no\/wp-json\/wp\/v2\/categories?post=94794"},{"taxonomy":"post_tag","embeddable":true,"href":"https:\/\/www.europesays.com\/no\/wp-json\/wp\/v2\/tags?post=94794"}],"curies":[{"name":"wp","href":"https:\/\/api.w.org\/{rel}","templated":true}]}}