{"id":94796,"date":"2025-11-23T20:13:10","date_gmt":"2025-11-23T20:13:10","guid":{"rendered":"https:\/\/www.europesays.com\/no\/94796\/"},"modified":"2025-11-23T20:13:10","modified_gmt":"2025-11-23T20:13:10","slug":"sport-fotball-tarene-rant-av-spillerne-her-klemmer-rbk-kjaerestene-etter-nedturen-nidaros","status":"publish","type":"post","link":"https:\/\/www.europesays.com\/no\/94796\/","title":{"rendered":"Sport, Fotball | T\u00e5rene rant av spillerne: Her klemmer \u00abRBK-kj\u00e6restene\u00bb etter nedturen &#8211; Nidaros"},"content":{"rendered":"<ol>\n<li><a href=\"https:\/\/news.google.com\/rss\/articles\/CBMipwFBVV95cUxPZmg4ZmVjNjJRYkt5OElOMWdfXzMzWFJZSC1PUVhnWXdqM3QyaHVyN0pGd0JZWG41VFdqa204RzNYZk0wQlE0RkJEVzg3THptT2h0UjJDQlRoY0hyNUkzSWNwWHY2VEljLUFOSTZrZlVoNFhzS0IyS2dGQnVFVHlmZWszYU9leFNHV2lIVWFuLUFGRWdPY2tPOFRNRUJtSHVXdmxFVV9OVQ?oc=5\" target=\"_blank\" rel=\"nofollow noopener\">Sport, Fotball | T\u00e5rene rant av spillerne: Her klemmer \u00abRBK-kj\u00e6restene\u00bb etter nedturen<\/a>&nbsp;&nbsp;Nidaros<\/li>\n<li><a href=\"https:\/\/news.google.com\/rss\/articles\/CBMiZ0FVX3lxTFBKZkVRekxlTVlxYXRwUDNJUGxYQXp6OEU5YkFsZU5nemVsQnpzdHRETkN6RjRnR2FOTUlUVTBtbGZJNk9OVUtHWXE4Ul8wZHVGWlVTZ0hXQU1lMGswUE04dk1RSUVjNVk?oc=5\" target=\"_blank\" rel=\"nofollow noopener\">N\u00e5 blir det br\u00e5k<\/a>&nbsp;&nbsp;adressa.no<\/li>\n<li><a href=\"https:\/\/news.google.com\/rss\/articles\/CBMiowFBVV95cUxQX2NrRnBsN1NzUHJSUVh0dC1wemFNbHc3b3d1cVNOSkhEb0Q3RmswMXZEN0RSOEFaNDdmMXRiT1BaYUp3bGZxTDFyaHpsdTJBeF95azBZekVmVUtxeF9uN0FpRlRCSWpScmxrVUNxakJKOVJwTDZTdlp3cDd1SjhLS25aV2lEUm1aQ1Npc0gybS16cGNWbTJ1bGFfMHNKc1k5QzhR?oc=5\" target=\"_blank\" rel=\"nofollow noopener\">V\u00e5lerenga vant cupfinalen: Bildene fra Ullevaal skapte reaksjoner<\/a>&nbsp;&nbsp;NRK<\/li>\n<li><a href=\"https:\/\/news.google.com\/rss\/articles\/CBMimgFBVV95cUxQSkZjMDNpcVFmSjFUZ2JfeUJFQUY4OTQ5NVVrbkhidUpwWUpJbXJORHF1b2NBaV9wZ19ORU14OE81S0xydm1sUnpRTTQyLUJnd1JIa2JKb21ORG5xTFZqSGh0WkwzRXhmOER5OFZyVzZLQ0hkeWt6SG1Pb3VldHc1WXlpci1FRWdSYkQ5aHRGaXVqdHN4Y0RrZmFR?oc=5\" target=\"_blank\" rel=\"nofollow noopener\">Tvedten og S\u00e6vik-show da V\u00e5lerenga tok sitt fjerde cupgull<\/a>&nbsp;&nbsp;TV2.no<\/li>\n<li><a href=\"https:\/\/news.google.com\/rss\/articles\/CBMiekFVX3lxTE9ITC1MWWtfdl80aEV1ZGZIVWxld0FWenBwM1RPXzFCSUxrTmhodE9PeDkzWjVxUzQ3N0V6NlVKSGw3VU9JVU1lSldzTnRNS2hZdnBhdE5uRU13NmhVZ0pyNnhyMmVBOG5Hc3NaZmxpVUE4MUROUWM3ZHBR?oc=5\" target=\"_blank\" rel=\"nofollow noopener\">Vi fulgte Rosenborgs tap i cupfinalen<\/a>&nbsp;&nbsp;Nidaros<\/li>\n<\/ol>\n","protected":false},"excerpt":{"rendered":"Sport, Fotball | T\u00e5rene rant av spillerne: Her klemmer \u00abRBK-kj\u00e6restene\u00bb etter nedturen&nbsp;&nbsp;Nidaros N\u00e5 blir det br\u00e5k&nbsp;&nbsp;adressa.no V\u00e5lerenga vant&hellip;\n","protected":false},"author":2,"featured_media":94797,"comment_status":"","ping_status":"","sticky":false,"template":"","format":"standard","meta":{"footnotes":""},"categories":[5],"tags":[20,21,24,25,15,19,22,23,17,18,13,30,28,29,14,16,26,27],"class_list":{"0":"post-94796","1":"post","2":"type-post","3":"status-publish","4":"format-standard","5":"has-post-thumbnail","7":"category-overskrifter","8":"tag-breaking-news","9":"tag-breakingnews","10":"tag-featured-news","11":"tag-featurednews","12":"tag-headlines","13":"tag-hovedoppslag","14":"tag-latest-news","15":"tag-latestnews","16":"tag-main-news","17":"tag-mainnews","18":"tag-news","19":"tag-no","20":"tag-norge","21":"tag-norway","22":"tag-nyheter","23":"tag-overskrifter","24":"tag-top-stories","25":"tag-topstories"},"share_on_mastodon":{"url":"https:\/\/pubeurope.com\/@no\/115600844701387447","error":""},"_links":{"self":[{"href":"https:\/\/www.europesays.com\/no\/wp-json\/wp\/v2\/posts\/94796","targetHints":{"allow":["GET"]}}],"collection":[{"href":"https:\/\/www.europesays.com\/no\/wp-json\/wp\/v2\/posts"}],"about":[{"href":"https:\/\/www.europesays.com\/no\/wp-json\/wp\/v2\/types\/post"}],"author":[{"embeddable":true,"href":"https:\/\/www.europesays.com\/no\/wp-json\/wp\/v2\/users\/2"}],"replies":[{"embeddable":true,"href":"https:\/\/www.europesays.com\/no\/wp-json\/wp\/v2\/comments?post=94796"}],"version-history":[{"count":0,"href":"https:\/\/www.europesays.com\/no\/wp-json\/wp\/v2\/posts\/94796\/revisions"}],"wp:featuredmedia":[{"embeddable":true,"href":"https:\/\/www.europesays.com\/no\/wp-json\/wp\/v2\/media\/94797"}],"wp:attachment":[{"href":"https:\/\/www.europesays.com\/no\/wp-json\/wp\/v2\/media?parent=94796"}],"wp:term":[{"taxonomy":"category","embeddable":true,"href":"https:\/\/www.europesays.com\/no\/wp-json\/wp\/v2\/categories?post=94796"},{"taxonomy":"post_tag","embeddable":true,"href":"https:\/\/www.europesays.com\/no\/wp-json\/wp\/v2\/tags?post=94796"}],"curies":[{"name":"wp","href":"https:\/\/api.w.org\/{rel}","templated":true}]}}