{"id":94805,"date":"2025-11-23T20:27:17","date_gmt":"2025-11-23T20:27:17","guid":{"rendered":"https:\/\/www.europesays.com\/no\/94805\/"},"modified":"2025-11-23T20:27:17","modified_gmt":"2025-11-23T20:27:17","slug":"langrenn-einar-hedegart-resultatet-pa-beitostolen-forte-til-diskusjon-om-skiskyting-og-langrenn-vi-ser-ned-pa-dem-uansett","status":"publish","type":"post","link":"https:\/\/www.europesays.com\/no\/94805\/","title":{"rendered":"Langrenn, Einar Hedegart | Resultatet p\u00e5 Beitost\u00f8len f\u00f8rte til diskusjon om skiskyting og langrenn: \u2013 Vi ser ned p\u00e5 dem uansett"},"content":{"rendered":"\n<p>BEITOST\u00d8LEN (Nettavisen): Det var skiskytter Einar Hedegart som stjal showet i herrenes l\u00f8p under den nasjonale \u00e5pningen av langrennssesongen p\u00e5 Beitost\u00f8len s\u00f8ndag.<\/p>\n<p><a href=\"https:\/\/www.nettavisen.no\/sport\/hedegart-utklasset-konkurrentene-helt-vilt-det-han-driver-med-her\/s\/5-95-2743097\" rel=\"Follow nofollow noopener\" target=\"_blank\">Hedegart vant suverent 10 kilometer i friteknikk<\/a> og melder seg for alvor p\u00e5 i kampen om en OL-plass.<\/p>\n<p>\u2013 Det er stort \u00e5 v\u00e6re en av dem som har klart \u00e5 mestre \u00e5pningen p\u00e5 langrenn, sier Hedegart til Nettavisen.<\/p>\n<p>Han vant imponerende 13,2 sekunder foran landslagsl\u00f8per Andreas Fjorden Ree, og 36,4 sekunder foran Iver Tildheim Andersen.<\/p>\n<p><b>Les ogs\u00e5: <a href=\"https:\/\/www.nettavisen.no\/sport\/tilgir-ikke-norge-etter-hoppskandalen-vondt-blod\/s\/5-95-2740174\" rel=\"Follow nofollow noopener\" target=\"_blank\">Nekter \u00e5 tilgi Norge<\/a><\/b><\/p>\n<p>   <img decoding=\"async\" width=\"5000\" height=\"3333\" fetchpriority=\"low\"  loading=\"lazy\"  src=\"https:\/\/www.europesays.com\/no\/wp-content\/uploads\/2025\/11\/JAhedegartseier10.jpg\" alt=\"Einar Hedegart vant 10 km fristil under sesong\u00e5pning i langrenn p\u00e5 Beitost\u00f8len. &#10;\" class=\"brick-c-cFOWSL\" style=\"--brick-image-ratio: 5000 \/ 3333;\"\/><\/p>\n<p>      SUVEREN: Einar Hedegart vant 10 km fristil under sesong\u00e5pning i langrenn p\u00e5 Beitost\u00f8len.<br \/>\n      Foto: Johan Arnt Nesg\u00e5rd (Tr\u00f8nder-Avisa)\n    <\/p>\n<p>  Kollega med brannfakkel<\/p>\n<p>Skiskytter-kollega Simon Hjelmeset Kirkeeide stilte ogs\u00e5 til start p\u00e5 langrenns\u00e5pningen s\u00f8ndag.<\/p>\n<p>Han lot seg imponere av Hedegart, og synes det var fint \u00e5 se at en skiskytter fikk vist seg frem p\u00e5 langrennsarenaen.<\/p>\n<p>Kirkeeide kommer ogs\u00e5 med en brannfakkel om forholdet mellom skiskyttere og langrennsl\u00f8pere.<\/p>\n<p>\u2013 Skal jeg v\u00e6re helt \u00e6rlig? Mitt inntrykk er at langrennsl\u00f8pere mener at skiskyttere ikke kan g\u00e5 p\u00e5 ski, sier en smilende Kirkeeide til NRK.<\/p>\n<p><b>Les ogs\u00e5: <a rel=\"Follow nofollow noopener\" href=\"https:\/\/www.nettavisen.no\/sport\/i-strupen-pa-johannes-hosflot-klabo-en-narsissistisk-bavian\/s\/5-95-2741486\" target=\"_blank\">I strupen p\u00e5 Kl\u00e6bo: \u2013 En narsissistisk bavian<\/a><\/b><\/p>\n<p>Iversen: \u2013 Han har helt rett<\/p>\n<p>Langrennsprofil Emil Iversen, som ble nummer 18 i s\u00f8ndagens l\u00f8p, smeller tilbake n\u00e5r Nettavisen konfronterer han med p\u00e5standen til Kirkeeide.<\/p>\n<p>\u2013 Det har han helt rett i. Jeg ser ned p\u00e5 absolutt alle av skiskytterne, men de er gode til \u00e5 g\u00e5 p\u00e5 ski. Det er bare en kjedelig rase, sier Iversen til Nettavisen.<\/p>\n<p>\u2013 Du kan hilse ham \u00e5 si at vi ser ned p\u00e5 dem uansett hvor fort de g\u00e5r. Langrenn er over skiskyting i Norge, sier tr\u00f8nderen med et smil.<\/p>\n<p><b>Les ogs\u00e5: <a href=\"https:\/\/www.nettavisen.no\/sport\/drama-i-sverige-oynene-fros-igjen\/s\/5-95-2742240\" rel=\"Follow nofollow noopener\" target=\"_blank\">Dramatiske bilder fra Sverige<\/a><\/b><\/p>\n<p>   <img decoding=\"async\" width=\"5000\" height=\"3333\" fetchpriority=\"low\"  loading=\"lazy\"  src=\"https:\/\/www.europesays.com\/no\/wp-content\/uploads\/2025\/11\/JAivers-ark05.jpg\" alt=\"Emil Iversen.&#10;10 km klassisk under sesong\u00e5pninga i langrenn p\u00e5 Beitost\u00f8len. &#10;\" class=\"brick-c-cFOWSL\" style=\"--brick-image-ratio: 5000 \/ 3333;\"\/><\/p>\n<p>      EN SK\u00d8YER: Langrennsprofil Emil Iversen.<br \/>\n      Foto: Johan Arnt Nesg\u00e5rd (Tr\u00f8nder-Avisa)\n    <\/p>\n<p>S\u00f8ndagens vinner, Einar Hedegart, tror kollega Kirkeeide har noe rett i det han p\u00e5st\u00e5r.<\/p>\n<p>Hedegart mener imidlertid at det har endret seg litt de siste \u00e5rene.<\/p>\n<p>\u2013 Jeg tror de gjorde det, men etter fjor\u00e5ret har jeg f\u00e5tt veldig mye positive tilbakemeldinger fra langrennsl\u00f8pere som jeg tror har f\u00e5tt opp \u00f8ynene for skiskyting. Jeg vet veldig mange har nesten direkte kopiert det vi har trent.<\/p>\n<p>\u2013 Men jeg tror definitivt hvis du skrur tida tilbake to-tre \u00e5r, s\u00e5 tror jeg de s\u00e5 p\u00e5 oss som skiskyttere som ikke kunne g\u00e5 p\u00e5 ski, sier Hedegart til Nettavisen.<\/p>\n<p><b>Les ogs\u00e5: <a href=\"https:\/\/www.nettavisen.no\/sport\/lars-heggen-pekes-ut-som-norges-storste-langrennstalent-helt-unik\/s\/5-95-2735276\" rel=\"Follow nofollow noopener\" target=\"_blank\">Pekes ut som Norges neste stjerne<\/a><\/b><\/p>\n<p>\u2013 St\u00f8rre forskjell f\u00f8r<\/p>\n<p>Landslagsl\u00f8per Andreas Fjorden Ree tror ogs\u00e5 synet p\u00e5 skiskyttere har endret seg de siste \u00e5rene i langrennsmilj\u00f8et.<\/p>\n<p>\u2013 Jeg er fullstendig klar over at skiskytterne trener godt og er veldig gode p\u00e5 ski. Det har endret seg, men jeg tror nok det var st\u00f8rre forskjell f\u00f8r. Det er ikke veldig rart at de er gode til sk\u00f8yte heller. Det er tross alt det de driver p\u00e5 med. Det burde v\u00e6re mulig for dem \u00e5 v\u00e6re like gode som skil\u00f8pere. Jeg er fullstendig klar over at de trener bra og er gode, sier Ree til Nettavisen.<\/p>\n<p>Det mener ogs\u00e5 landslagskollega Martin L\u00f8wstr\u00f8m Nyenget.<\/p>\n<p>\u2013 Skiskyttere har ofte sagt at de m\u00e5 trene p\u00e5 s\u00e5 mye annet, men de har \u00e9n stilart s\u00e5 jeg ser ikke noen grunn til at de skal v\u00e6re like gode som langrennsl\u00f8perne i langrenn. Einar viser at han fikser \u00e5 g\u00e5 p\u00e5 ski. Jeg skal ikke st\u00e5 og snakke ned skiskyttere, sier Nyenget til Nettavisen.<\/p>\n<p><b>Les ogs\u00e5: <a href=\"https:\/\/www.nettavisen.no\/sport\/marit-bjorgen-slar-alarm-om-norsk-ungdom-skremmende\/s\/5-95-2702402\" rel=\"Follow nofollow noopener\" target=\"_blank\">Bj\u00f8rgen sl\u00e5r alarm om norsk ungdom: \u2013 Skremmende<\/a><\/b><\/p>\n<p>    Vil du se neste video?<\/p>\n<p>    <a href=\"https:\/\/www.nettavisen.no\/sport\/her-bryter-kronprins-haakon-inn-nar-prins-sverre-magnus-svarer-pa-italia-sporsmal-fra-norsk-presse\/v\/5-95-2731534\" class=\"recommend-poster\" data-adp-clicklabel=\"video-recommend\" data-adp-clickvalue=\"poster\" rel=\"nofollow noopener\" target=\"_blank\"><br \/>\n      <img decoding=\"async\" width=\"200\" height=\"200\" loading=\"lazy\" src=\"https:\/\/www.europesays.com\/no\/wp-content\/uploads\/2025\/11\/Kronprins+Haakon+til+cue.jpg\" alt=\"\" class=\"brick-c-cFOWSL\" style=\"--brick-image-ratio: 200 \/ 200;\"\/><\/p>\n<p>Her bryter kronprinsen inn0:38<\/p>\n<p>    <\/a><\/p>\n<p>Sp\u00e5r hard OL-kamp<\/p>\n<p>Olympisk mester Simen Hegstad Kr\u00fcger hyller prestasjonen til Hedegart p\u00e5 Beitost\u00f8len.<\/p>\n<p>\u2013 Det l\u00f8pet han gj\u00f8r i dag tror jeg hadde st\u00e5tt seg veldig godt i hvilket som helst selskap, sier Kr\u00fcger til Nettavisen.<\/p>\n<p>\u2013 Jeg f\u00f8ler vel egentlig ikke at vi kan kalle ham en skiskytter lenger. Han g\u00e5r s\u00e5pass mye bedre p\u00e5 ski enn han skyter, s\u00e5 n\u00e5 mener jeg vi m\u00e5 kalle ham en langrennsl\u00f8per. Han er en langt bedre langrennsl\u00f8per enn han er skiskytter, humrer Kr\u00fcger.<\/p>\n<p>N\u00e5 sp\u00e5r han og de andre landslagsl\u00f8perne en knallhard kamp om \u00e5 f\u00e5 g\u00e5 10-kilometeren i OL senere i vinter.<\/p>\n<p>\u2013 Jeg tipper han kommer til \u00e5 blande seg inn i OL-uttak og jeg regner med at han kommer til \u00e5 g\u00e5 en del verdenscup ogs\u00e5, forteller Kr\u00fcger.<\/p>\n<p>Fjorden Ree venter seg ogs\u00e5 konkurranse fra Hedegart om en OL-plass.<\/p>\n<p>\u2013 Den blir veldig hard. Vi manglet noen l\u00f8pere p\u00e5 start her i dag og med Harald og Johannes. Det er mange som kjemper om den plassen i OL, sier Ree.<\/p>\n<p>Verdenscupen i langrenn starter neste helg i finske Ruka.<\/p>\n","protected":false},"excerpt":{"rendered":"BEITOST\u00d8LEN (Nettavisen): Det var skiskytter Einar Hedegart som stjal showet i herrenes l\u00f8p under den nasjonale \u00e5pningen av&hellip;\n","protected":false},"author":2,"featured_media":94806,"comment_status":"","ping_status":"","sticky":false,"template":"","format":"standard","meta":{"footnotes":""},"categories":[5],"tags":[20,21,24,25,15,19,22,23,17,18,13,30,28,29,14,16,26,27],"class_list":{"0":"post-94805","1":"post","2":"type-post","3":"status-publish","4":"format-standard","5":"has-post-thumbnail","7":"category-overskrifter","8":"tag-breaking-news","9":"tag-breakingnews","10":"tag-featured-news","11":"tag-featurednews","12":"tag-headlines","13":"tag-hovedoppslag","14":"tag-latest-news","15":"tag-latestnews","16":"tag-main-news","17":"tag-mainnews","18":"tag-news","19":"tag-no","20":"tag-norge","21":"tag-norway","22":"tag-nyheter","23":"tag-overskrifter","24":"tag-top-stories","25":"tag-topstories"},"share_on_mastodon":{"url":"https:\/\/pubeurope.com\/@no\/115600900029872412","error":""},"_links":{"self":[{"href":"https:\/\/www.europesays.com\/no\/wp-json\/wp\/v2\/posts\/94805","targetHints":{"allow":["GET"]}}],"collection":[{"href":"https:\/\/www.europesays.com\/no\/wp-json\/wp\/v2\/posts"}],"about":[{"href":"https:\/\/www.europesays.com\/no\/wp-json\/wp\/v2\/types\/post"}],"author":[{"embeddable":true,"href":"https:\/\/www.europesays.com\/no\/wp-json\/wp\/v2\/users\/2"}],"replies":[{"embeddable":true,"href":"https:\/\/www.europesays.com\/no\/wp-json\/wp\/v2\/comments?post=94805"}],"version-history":[{"count":0,"href":"https:\/\/www.europesays.com\/no\/wp-json\/wp\/v2\/posts\/94805\/revisions"}],"wp:featuredmedia":[{"embeddable":true,"href":"https:\/\/www.europesays.com\/no\/wp-json\/wp\/v2\/media\/94806"}],"wp:attachment":[{"href":"https:\/\/www.europesays.com\/no\/wp-json\/wp\/v2\/media?parent=94805"}],"wp:term":[{"taxonomy":"category","embeddable":true,"href":"https:\/\/www.europesays.com\/no\/wp-json\/wp\/v2\/categories?post=94805"},{"taxonomy":"post_tag","embeddable":true,"href":"https:\/\/www.europesays.com\/no\/wp-json\/wp\/v2\/tags?post=94805"}],"curies":[{"name":"wp","href":"https:\/\/api.w.org\/{rel}","templated":true}]}}