{"id":94811,"date":"2025-11-23T20:34:34","date_gmt":"2025-11-23T20:34:34","guid":{"rendered":"https:\/\/www.europesays.com\/no\/94811\/"},"modified":"2025-11-23T20:34:34","modified_gmt":"2025-11-23T20:34:34","slug":"laerer-gjor-de-sterke-sterkere-og-de-svake-svakere-varden-no","status":"publish","type":"post","link":"https:\/\/www.europesays.com\/no\/94811\/","title":{"rendered":"L\u00e6rer: \u2013 Gj\u00f8r de sterke sterkere og de svake svakere &#8211; varden.no"},"content":{"rendered":"<ol>\n<li><a href=\"https:\/\/news.google.com\/rss\/articles\/CBMilAFBVV95cUxOQ1Y2ZUtNWTU1OFFhdzROMVVDVzExX2ZEb2w4NFltaURvZ3IyU0JFdko4U19EZURJV2pQSGRyWWxfZWZ1WVlvNHRESDF3ZTRaNVpiTWI3dWVLRjJ5a0dzVmxWMTJBbUlYRmlhN2wyeTdmbHc0WW1pcnlhNkNtaWx4OFU0MEhIVG8zcE1oZkFSaUtqdTlG?oc=5\" target=\"_blank\" rel=\"nofollow noopener\">L\u00e6rer: \u2013 Gj\u00f8r de sterke sterkere og de svake svakere<\/a>&nbsp;&nbsp;varden.no<\/li>\n<li><a href=\"https:\/\/news.google.com\/rss\/articles\/CBMimgFBVV95cUxQMThhaW9EeFN5RE5aNDhLMjNFNjQ4MW5iRzJoMG11azFyX1lSWTliWERqQmVwbzI4ZEY3OUpzOEFTMTAyM3pXZV9WRmRTS0RRNFlJZW1Ob0hVTl8wZkNzOWZnOGdFOURQTTVBRVVsUjBJNDdubGVyNnp4bkJUYzlhWnpDYzQ1YUEyVDYxdjR1ckwzemI2V2d4ZUdR?oc=5\" target=\"_blank\" rel=\"nofollow noopener\">\u00d8kt uro for KI-juks i skolen \u2013 vil ha tydlegare KI-regler<\/a>&nbsp;&nbsp;NRK<\/li>\n<li><a href=\"https:\/\/news.google.com\/rss\/articles\/CBMimwFBVV95cUxNQ0xrQmZPMmxsRTgzQVlXYUZNMTRJb1lOc3VKemhSa0RVSDlKMTdWWERXLU9yU0RDYVpZQXAzVzY5N0R3OHRQRmpyUmxFMlJXSHZaUzR1SkJiOG5TUW1GejNKcU9HRmVvTXFfZUNyaktxdmphZlllVXRiRnhKblN0M0ZmaVlJVVdmRUhPV09mbXhLNEVURjNITnRacw?oc=5\" target=\"_blank\" rel=\"nofollow noopener\">Vil komme med flere beskyttelsestiltak<\/a>&nbsp;&nbsp;Nettavisen<\/li>\n<li><a href=\"https:\/\/news.google.com\/rss\/articles\/CBMic0FVX3lxTE9IUERiUDFCdWRnV2FsVHpnY0kxLUNCaHNDMEZEekx6R1FGd21DeDBKLU9NNkRETUdQWWNFa2Z3NWFVYWhCS1ZrREtKMlhSeUVCbUlmckNVb281cWh3MzEwQUNaU2JBRWhQczloSnZhbW1GX3M?oc=5\" target=\"_blank\" rel=\"nofollow noopener\">Kunnskap er ikke det samme i morgen<\/a>&nbsp;&nbsp;Khrono<\/li>\n<li><a href=\"https:\/\/news.google.com\/rss\/articles\/CBMi3AFBVV95cUxPZXdjMXJzdWJwV25saXdNVzJacUtBZ05pUDQzUEc3VGxnbF9zRUx6VGg4ZzNLbXZFMlBZZnpjeTNBb3dRNlpnSTlja0YtWk4yOTRwcjM0QmlHZ0R6V2RrZWhTX3Z4aExrelQ1dnNzb1NRX2VJQmNKemV0WHNlZ0ppVTJ0OFgtVWJsdUFJOUgxdmFseVZmdmRBU3hVY2JCOU9fdFFIbEVNclVtYzBQS0o0MHpGd1B3QVVMS1E0aVVKREFCS3JaSjUzTHAwY0phWVZsQ1lELVItSFhOWkRS?oc=5\" target=\"_blank\" rel=\"nofollow noopener\">KI-hallusinasjoner har kommet for \u00e5 bli \u2013 det gj\u00f8r chatboter utfordrende \u00e5 bruke i oppl\u00e6ring<\/a>&nbsp;&nbsp;Utdanningsnytt<\/li>\n<\/ol>\n","protected":false},"excerpt":{"rendered":"L\u00e6rer: \u2013 Gj\u00f8r de sterke sterkere og de svake svakere&nbsp;&nbsp;varden.no \u00d8kt uro for KI-juks i skolen \u2013 vil&hellip;\n","protected":false},"author":2,"featured_media":94812,"comment_status":"","ping_status":"","sticky":false,"template":"","format":"standard","meta":{"footnotes":""},"categories":[5],"tags":[20,21,24,25,15,19,22,23,17,18,13,30,28,29,14,16,26,27],"class_list":{"0":"post-94811","1":"post","2":"type-post","3":"status-publish","4":"format-standard","5":"has-post-thumbnail","7":"category-overskrifter","8":"tag-breaking-news","9":"tag-breakingnews","10":"tag-featured-news","11":"tag-featurednews","12":"tag-headlines","13":"tag-hovedoppslag","14":"tag-latest-news","15":"tag-latestnews","16":"tag-main-news","17":"tag-mainnews","18":"tag-news","19":"tag-no","20":"tag-norge","21":"tag-norway","22":"tag-nyheter","23":"tag-overskrifter","24":"tag-top-stories","25":"tag-topstories"},"share_on_mastodon":{"url":"https:\/\/pubeurope.com\/@no\/115600927194059774","error":""},"_links":{"self":[{"href":"https:\/\/www.europesays.com\/no\/wp-json\/wp\/v2\/posts\/94811","targetHints":{"allow":["GET"]}}],"collection":[{"href":"https:\/\/www.europesays.com\/no\/wp-json\/wp\/v2\/posts"}],"about":[{"href":"https:\/\/www.europesays.com\/no\/wp-json\/wp\/v2\/types\/post"}],"author":[{"embeddable":true,"href":"https:\/\/www.europesays.com\/no\/wp-json\/wp\/v2\/users\/2"}],"replies":[{"embeddable":true,"href":"https:\/\/www.europesays.com\/no\/wp-json\/wp\/v2\/comments?post=94811"}],"version-history":[{"count":0,"href":"https:\/\/www.europesays.com\/no\/wp-json\/wp\/v2\/posts\/94811\/revisions"}],"wp:featuredmedia":[{"embeddable":true,"href":"https:\/\/www.europesays.com\/no\/wp-json\/wp\/v2\/media\/94812"}],"wp:attachment":[{"href":"https:\/\/www.europesays.com\/no\/wp-json\/wp\/v2\/media?parent=94811"}],"wp:term":[{"taxonomy":"category","embeddable":true,"href":"https:\/\/www.europesays.com\/no\/wp-json\/wp\/v2\/categories?post=94811"},{"taxonomy":"post_tag","embeddable":true,"href":"https:\/\/www.europesays.com\/no\/wp-json\/wp\/v2\/tags?post=94811"}],"curies":[{"name":"wp","href":"https:\/\/api.w.org\/{rel}","templated":true}]}}