{"id":94815,"date":"2025-11-23T20:40:21","date_gmt":"2025-11-23T20:40:21","guid":{"rendered":"https:\/\/www.europesays.com\/no\/94815\/"},"modified":"2025-11-23T20:40:21","modified_gmt":"2025-11-23T20:40:21","slug":"gigantmerd-pa-plass-med-harstadbedrift-i-sentral-rolle-ht-no","status":"publish","type":"post","link":"https:\/\/www.europesays.com\/no\/94815\/","title":{"rendered":"(+) Gigantmerd p\u00e5 plass med harstadbedrift i sentral rolle &#8211; ht.no"},"content":{"rendered":"<ol>\n<li><a href=\"https:\/\/news.google.com\/rss\/articles\/CBMilAFBVV95cUxOdFZDbXNQeDFlV0d3U1FzVEF0ZnhKdFRYMHZiaGFqTnN2NmFFdkY3TU5LNk5wNVhYQTNFeUpXRUdKVkZVUDZ6eWY0c0wtTThxWkZCQzJaSTZhbFozbzFoSEpnYVF3NlF1UjlNZ3N4cTZSeVdBMWNUMG1fNjZkTVlLQzI2c2dDeUdLNWIwQ2NGcDBaQ0lR?oc=5\" target=\"_blank\" rel=\"nofollow noopener\">(+) Gigantmerd p\u00e5 plass med harstadbedrift i sentral rolle<\/a>&nbsp;&nbsp;ht.no<\/li>\n<li><a href=\"https:\/\/news.google.com\/rss\/articles\/CBMibkFVX3lxTE1qU0lhcFo3bEZ5MEpBUUQzZkpaVzFINTBCR0RrU3NUQzdJMDNwLW1Pclo2aXJ2M0NVZGJkTzFuZ2hxQkhjY3V6QmVfV21zODZBVDZKc05YcnNWTTBCMmNTNUxPTVlmbjgySjVINTJB?oc=5\" target=\"_blank\" rel=\"nofollow noopener\">N\u00e5 flyter Storb\u00e5tsegget<\/a>&nbsp;&nbsp;vol.no<\/li>\n<li><a href=\"https:\/\/news.google.com\/rss\/articles\/CBMia0FVX3lxTFBGbEM1UHFKTDBuMndmNkdlT3NBR1lwNWN5VVFja2hQYlZiMWtKOWU2T0JzeFNyc3dWX1NnZUVsTmttbHRWNUs1NmJ4Z0w2Rlp6M3Q0QlBzRlF2Sy1VRGpaQk9GUGtBcmN1WjBn?oc=5\" target=\"_blank\" rel=\"nofollow noopener\">Her er \u201cStorb\u00e5tsegget\u201d p\u00e5 plass i Vester\u00e5len<\/a>&nbsp;&nbsp;iLaks<\/li>\n<li><a href=\"https:\/\/news.google.com\/rss\/articles\/CBMid0FVX3lxTE5jSHdiZWhTcUxuUkJNTXJ2WW9GYVF4T0FEUTR0aTI0R2t0UmlaTUJFN1VpSkk3RjF4dHlLS1dNQzRIbWZ6UnA0NktlamMyMUJuWFE1V0VYQ01aQ3B5X3BURFMtRU90S2NlbnB2dExLR18zeU9ZU3pB?oc=5\" target=\"_blank\" rel=\"nofollow noopener\">\u00abEgget\u00bb er ankommet Hadsel<\/a>&nbsp;&nbsp;kystogfjord.no<\/li>\n<li><a href=\"https:\/\/news.google.com\/rss\/articles\/CBMilAFBVV95cUxPcUFnRDEwbWVwQTlIY1luSkxBbGtQNmh5eG1DaGxqZGZxZFZhRXFQRVRTZ1drVnpLS2RMbklDdzNqUmZjVmVqWlZJbFlkV1Vla0pBUUl4cVM4UTUtOTh3MVduQ2tmbnJQbS1TMGdlV0ZyYW1YUVQtWjVwaXJqLURuNy1RdmotZUZmR2p1d2lWb0ItYlFM?oc=5\" target=\"_blank\" rel=\"nofollow noopener\">N\u00e6ringsliv, Nordlaks | Fredag kan du se den 6.000 tonn tunge giganten inn fjorden<\/a>&nbsp;&nbsp;Bladet Vester\u00e5len<\/li>\n<\/ol>\n","protected":false},"excerpt":{"rendered":"(+) Gigantmerd p\u00e5 plass med harstadbedrift i sentral rolle&nbsp;&nbsp;ht.no N\u00e5 flyter Storb\u00e5tsegget&nbsp;&nbsp;vol.no Her er \u201cStorb\u00e5tsegget\u201d p\u00e5 plass i&hellip;\n","protected":false},"author":2,"featured_media":94816,"comment_status":"","ping_status":"","sticky":false,"template":"","format":"standard","meta":{"footnotes":""},"categories":[10],"tags":[20,21,24,25,11306,15,12281,22,23,12280,13,30,10835,28,29,12279,14,16,26,27,1106],"class_list":{"0":"post-94815","1":"post","2":"type-post","3":"status-publish","4":"format-standard","5":"has-post-thumbnail","7":"category-norge","8":"tag-breaking-news","9":"tag-breakingnews","10":"tag-featured-news","11":"tag-featurednews","12":"tag-havbruk","13":"tag-headlines","14":"tag-lakseoppdrett","15":"tag-latest-news","16":"tag-latestnews","17":"tag-mats-nygaard-johnsen","18":"tag-news","19":"tag-no","20":"tag-nordlaks","21":"tag-norge","22":"tag-norway","23":"tag-nsk-ship-design","24":"tag-nyheter","25":"tag-overskrifter","26":"tag-top-stories","27":"tag-topstories","28":"tag-vesteralen"},"share_on_mastodon":{"url":"https:\/\/pubeurope.com\/@no\/115600950754013530","error":""},"_links":{"self":[{"href":"https:\/\/www.europesays.com\/no\/wp-json\/wp\/v2\/posts\/94815","targetHints":{"allow":["GET"]}}],"collection":[{"href":"https:\/\/www.europesays.com\/no\/wp-json\/wp\/v2\/posts"}],"about":[{"href":"https:\/\/www.europesays.com\/no\/wp-json\/wp\/v2\/types\/post"}],"author":[{"embeddable":true,"href":"https:\/\/www.europesays.com\/no\/wp-json\/wp\/v2\/users\/2"}],"replies":[{"embeddable":true,"href":"https:\/\/www.europesays.com\/no\/wp-json\/wp\/v2\/comments?post=94815"}],"version-history":[{"count":0,"href":"https:\/\/www.europesays.com\/no\/wp-json\/wp\/v2\/posts\/94815\/revisions"}],"wp:featuredmedia":[{"embeddable":true,"href":"https:\/\/www.europesays.com\/no\/wp-json\/wp\/v2\/media\/94816"}],"wp:attachment":[{"href":"https:\/\/www.europesays.com\/no\/wp-json\/wp\/v2\/media?parent=94815"}],"wp:term":[{"taxonomy":"category","embeddable":true,"href":"https:\/\/www.europesays.com\/no\/wp-json\/wp\/v2\/categories?post=94815"},{"taxonomy":"post_tag","embeddable":true,"href":"https:\/\/www.europesays.com\/no\/wp-json\/wp\/v2\/tags?post=94815"}],"curies":[{"name":"wp","href":"https:\/\/api.w.org\/{rel}","templated":true}]}}