{"id":94817,"date":"2025-11-23T20:42:14","date_gmt":"2025-11-23T20:42:14","guid":{"rendered":"https:\/\/www.europesays.com\/no\/94817\/"},"modified":"2025-11-23T20:42:14","modified_gmt":"2025-11-23T20:42:14","slug":"kaos-pa-intility","status":"publish","type":"post","link":"https:\/\/www.europesays.com\/no\/94817\/","title":{"rendered":"Kaos p\u00e5 Intility"},"content":{"rendered":"<p>Kampen i hovedstaden endte til slutt uavgjort etter et ellevilt comeback av hjemmelaget, men f\u00f8r pause oppsto det full forvirring p\u00e5 Intility Arena.<\/p>\n<p> Omtrent halvveis i f\u00f8rste omgang ble det oppdaget at KBKs Leander N\u00e6ss Alvheim st\u00e5r oppf\u00f8rt med fire gule kort denne sesongen &#8211; ett fra tida i Ranheim i OBOS-ligaen og tre for Kristiansund. <\/p>\n<p> I norsk fotball m\u00e5 en spiller sone \u00e9n kamps karantene etter fire gule kort i l\u00f8pet av sesongen &#8211; uavhengig av klubb eller divisjon. Det betyr i s\u00e5 fall at Alvheim ikke var spilleberettiget til oppgj\u00f8ret.<\/p>\n<p>    <a itemprop=\"url\" href=\"https:\/\/www.dagbladet.no\/sport\/vanvittig-overtidsdrama\/83885845\" rel=\"nofollow noopener\" target=\"_blank\"><\/p>\n<p>      <img loading=\"lazy\" decoding=\"async\" src=\"https:\/\/www.europesays.com\/no\/wp-content\/uploads\/2025\/11\/83886305.webp\" width=\"980\" height=\"441\" title=\"Vanvittig overtidsdrama\" alt=\"\" class=\"lazyload\" style=\"--aspect-ratio-image: 2.22; \"\/><\/p>\n<p>        Vanvittig overtidsdrama<\/p>\n<p>    <\/a><\/p>\n<p>TV 2-kommentator Petter B\u00f8 Tosterud gjorde seerne oppmerksom p\u00e5 situasjonen halvveis inn i f\u00f8rsteomgangen.<\/p>\n<p>&#8211; Plutselig ble det veldig hektisk her p\u00e5 sidelinja, meldte TV 2-reporter Erlend Borren Kristoffersen.<\/p>\n<p>KBK-trener Amund Skiri skal ha reagert kraftig da han fikk en beskjed underveis i kampen.<\/p>\n<p>Kristiansund valgte \u00e5 ta Alvheim av banen allerede i det 42. minutt. Kroppsspr\u00e5ket hans tydet p\u00e5 at heller ikke han forsto hva som foregikk.<\/p>\n<p>&#8211; Dette er h\u00f8yinteressant, kommenterte Tosterud.\u00a0<\/p>\n<p>&#8211; Dette er dramatisk. Det er jo p\u00e5 en m\u00e5te en plass i Eliteserien som er p\u00e5 spill her, la han til.<\/p>\n<p>    V\u00e5lerenga \u2013 Kristiansund 3-3 (0-1)<\/p>\n<p>M\u00e5l: 0-1 Mustapha Isah (23), 0-2 Niklas \u00d8deg\u00e5rd (64), 0-3 \u00d8deg\u00e5rd (70), 1-3 Promise Meliga (84), 2-3 Petter Strand (86), 3-3 Strand (90).<\/p>\n<p>R\u00f8dt kort: Henrik Bj\u00f8rdal (56), V\u00e5lerenga.<\/p>\n<p>      Vis mer<br \/>\n      Vis mindre<\/p>\n<p>Klubbens ansvar\t<\/p>\n<p> Det er ikke klart hva slags konsekvenser et slikt regelbrudd kan medf\u00f8re. I 2024 ble Mj\u00f8ndalen fratatt ett poeng da de br\u00f8t samme regel i 1. divisjon. <\/p>\n<p> Til Dagbladet forklarer Nils Fisketj\u00f8nn, konkurransedirekt\u00f8r i NFF, at regelverket er tydelig: <\/p>\n<p>&#8211; En spiller skal sone ved fire gule kort i en og samme sesong &#8211; uavhengig av om spilleren har f\u00e5tt gule kort ved spill for to forskjellige klubber. Det er klubbens ansvar \u00e5 p\u00e5se at spillerne de bruker p\u00e5 banen er spilleberettiget. <\/p>\n<p>Fisketj\u00f8nn \u00f8nsker forel\u00f8pig ikke \u00e5 kommentere hvilke konsekvenser det kan f\u00e5 for KBK. Det vil blant annet avhenge av om motstanderlaget velger \u00e5 protestere. <\/p>\n<p>&#8211; Om det skjer, s\u00e5 er det NFFs domsutvalg som behandler saken, legger han til.<\/p>\n<p>        R\u00d8RT: St\u00e5le Solbakkens assistent-trener (og bestekompis) Kent Bergersen var sv\u00e6rt r\u00f8rt da fotball-landslaget tok imot VM-hyllesten p\u00e5 R\u00e5dhusplassen i Oslo. Reporter: Henrik Simensen \/ Edward Stenlund<\/p>\n<p>&#8211; Trist og kjedelig feil\u00a0\u00a0\t<\/p>\n<p>V\u00e5lerenga-trener Geir Bakke beskrev situasjonen som b\u00e5de trist og kjedelig.\u00a0<\/p>\n<p>&#8211; Det er vanskelig fordi jeg syns kamper skal avgj\u00f8res p\u00e5 banen, og s\u00e5 vil det alltid ha noe \u00e5 si for noen andre lag. Jeg vet ikke hvordan det blir, om vi m\u00e5 legge inn protest. Da er vi syndebukken i s\u00e5 fall, sier Bakke til TV 2.\u00a0<\/p>\n<p>Da TV 2s reporter gjorde VIF-sjefen oppmerksom p\u00e5 at det er trolig de som m\u00e5 legge inn protest dersom saken skal tas videre.\u00a0<\/p>\n<p>&#8211; S\u00e5 blir vi sett p\u00e5 som m\u00f8kkafolka. Jeg vet ikke om motstanderen hadde gjort det same om det var vi som gjorde den feilen.\u00a0<\/p>\n<p>          <img loading=\"lazy\" decoding=\"async\" src=\"https:\/\/www.europesays.com\/no\/wp-content\/uploads\/2025\/11\/83888216.webp\" width=\"686\" height=\"392\" title=\"REAGERER: Kristiansunds Leander Alvheim skulle muligens ha sonet karantene mot V\u00e5lerenga. VIF-trener Geir Bakke beskriver situasjonen som kjedelig og trist. Foto: NTB\" alt=\"\" class=\"\" style=\"--aspect-ratio-image: 1.75; \"\/><\/p>\n<p>\n          REAGERER: Kristiansunds Leander Alvheim skulle muligens ha sonet karantene mot V\u00e5lerenga. VIF-trener Geir Bakke beskriver situasjonen som kjedelig og trist. Foto: NTB\n      <\/p>\n<p>Seinere p\u00e5 kvelden bekreftet daglig leder Svein Graff overfor <a href=\"https:\/\/www.tv2.no\/sport\/drama-for-kristiansund-brukte-spiller-som-skulle-sonet-karantene\/18314731\/\" target=\"_blank\" rel=\"nofollow noopener\">TV 2<\/a> at klubben faktisk har levert en formell protest.<\/p>\n<p>&#8211; S\u00e5 er det jo fryktelig trist at ting ikke avgj\u00f8res p\u00e5 banen. Vi \u00f8nsker til enhver tid det. En ting er oss og konsekvenser av at en ikke-berettiget spiller brukes, men s\u00e5 har vi et ansvar overfor de andre lagene i Eliteserien n\u00e5r det gjelder fair play. Da mener vi det er riktig \u00e5 levere inn protest, sier Graff til kanalen.\u00a0<\/p>\n<p>&#8211; Jeg synes det er en skandale at vi i 2025 har mulighet til \u00e5 f\u00f8re opp spillere feil manuelt som ikke er spilleberettiget, fortsetter han.<\/p>\n<p>&#8211; Det er en skandale\t<\/p>\n<p>En som allerede har konkludert, er Tidens Krav-kommentator Rune Ed\u00f8y.<\/p>\n<p>&#8211; Skal KBK rykke ned p\u00e5 grunn av dette? Det er en skandale, sier Ed\u00f8y.\u00a0<\/p>\n<p class=\"font-weight-bold m-font-weight-bold\" data-lab-font_weight=\"font-weight-bold\">&#8211; Dette er s\u00e5 vondt, s\u00e5 vondt. Jeg klarer ikke \u00e5 kommentere mer, det har jo ingen hensikt \u00e5 spille.\u00a0<\/p>\n<p>&#8211; Dette er rett og slett \u00e5 sette en hel by i vanry, jeg har ikke v\u00e6rt med p\u00e5 noe flauere,\u00a0fortsetter han. <\/p>\n<p>If\u00f8lge <a href=\"https:\/\/www.tk.no\/melderr\/s\/5-51-1775234\" target=\"_blank\" rel=\"nofollow noopener\">TK<\/a> var Ed\u00f8y tydelig preget i kommentatorbua etter at det ble klart at Alvheim med all sannsynlighet ikke skulle spilt kampen.\u00a0<\/p>\n<p>        FOTBALL-VM: De norske landslagsgutta var i perlehum\u00f8r etter \u00e5 ha sl\u00e5tt Italia 4-1 i Milano. Video: S\u00f8r\u00f8 Olsen\/Dagbladet TV-sporten<\/p>\n<p> Tok ut Alvheim av prinsipp \t<\/p>\n<p>I pausen uttalte sportslig leder i KBK, Eirik Hoseth, til TV 2 at klubben handlet av hensyn til fair play.<\/p>\n<p>&#8211; Vi m\u00e5 g\u00e5 gjennom dette i ettertid. Vi som klubb er opptatt av fair play, vi har store verdier i klubben. S\u00e5 fort vi har unders\u00f8kt med NFF, b\u00e5de eksternt og internt, syns vi det er fair play og rettskaffenhet \u00e5 ta ut Alvheim, sa han, og la til at jurister f\u00e5r h\u00e5ndtere resten.<\/p>\n<p>Han understreket at avgj\u00f8relsen var verdibasert:<\/p>\n<p>&#8211; Det at vi tar ut Alvheim, har med KBKs syn p\u00e5 fair play og verdiene v\u00e5re \u00e5 gj\u00f8re. Vi mener det er rettskaffenhet og rettferdighet, sier\u00a0Hoseth.\u00a0<\/p>\n<p>&#8211; Vi har gjort de n\u00f8dvendige samtalene med NFF og de man naturlig snakker med i en slik situasjon.<\/p>\n<p>    <a itemprop=\"url\" href=\"https:\/\/www.dagbladet.no\/sport\/trakk-fram-norge-igjen\/83881361\" rel=\"nofollow noopener\" target=\"_blank\"><\/p>\n<p>      <img loading=\"lazy\" decoding=\"async\" src=\"https:\/\/www.europesays.com\/no\/wp-content\/uploads\/2025\/11\/83881367.webp\" width=\"147\" height=\"98\" title=\"Trakk fram Norge igjen\" alt=\"\" class=\"lazyload\" style=\"--aspect-ratio-image: 1.50; \"\/><\/p>\n<p>        Trakk fram Norge igjen<\/p>\n<p>    <\/a><\/p>\n<p>Til Dagbladet sier mediesjef i KBK, Henning Betten, at klubben n\u00e5 jobber for \u00e5 f\u00e5 full klarhet:<\/p>\n<p>&#8211; Det som har skjedd, har skjedd, og s\u00e5 m\u00e5 vi gj\u00f8re det beste ut av det. Vi gj\u00f8r n\u00f8dvendige samtaler med NFF og andre vi m\u00e5 prate med i en slik situasjon.<\/p>\n<p>Han understreker at beslutningen om \u00e5 ta ut Alvheim ble tatt raskt:<\/p>\n<p>&#8211; At Leander N\u00e6ss Alvheim tas av i f\u00f8rste omgang handler om KBKs syn p\u00e5 fair play, og at det var det rette \u00e5 gj\u00f8re n\u00e5r det er tvil om han er spilleberettiget, fortsetter han.<\/p>\n<p> Kristiansund trenger minst ett poeng fra \u00e5rets to siste kamper for \u00e5 overleve i Eliteserien, s\u00e5 sant kvalikplass Bryne sikrer full pott i sine to siste kamper av sesongen. <\/p>\n","protected":false},"excerpt":{"rendered":"Kampen i hovedstaden endte til slutt uavgjort etter et ellevilt comeback av hjemmelaget, men f\u00f8r pause oppsto det&hellip;\n","protected":false},"author":2,"featured_media":94818,"comment_status":"","ping_status":"","sticky":false,"template":"","format":"standard","meta":{"footnotes":""},"categories":[59],"tags":[134,298,30,28,29,83,82,2949],"class_list":{"0":"post-94817","1":"post","2":"type-post","3":"status-publish","4":"format-standard","5":"has-post-thumbnail","7":"category-sport","8":"tag-eliteserien","9":"tag-kristiansund","10":"tag-no","11":"tag-norge","12":"tag-norway","13":"tag-sport","14":"tag-sports","15":"tag-valerenga"},"share_on_mastodon":{"url":"https:\/\/pubeurope.com\/@no\/115600959000665307","error":""},"_links":{"self":[{"href":"https:\/\/www.europesays.com\/no\/wp-json\/wp\/v2\/posts\/94817","targetHints":{"allow":["GET"]}}],"collection":[{"href":"https:\/\/www.europesays.com\/no\/wp-json\/wp\/v2\/posts"}],"about":[{"href":"https:\/\/www.europesays.com\/no\/wp-json\/wp\/v2\/types\/post"}],"author":[{"embeddable":true,"href":"https:\/\/www.europesays.com\/no\/wp-json\/wp\/v2\/users\/2"}],"replies":[{"embeddable":true,"href":"https:\/\/www.europesays.com\/no\/wp-json\/wp\/v2\/comments?post=94817"}],"version-history":[{"count":0,"href":"https:\/\/www.europesays.com\/no\/wp-json\/wp\/v2\/posts\/94817\/revisions"}],"wp:featuredmedia":[{"embeddable":true,"href":"https:\/\/www.europesays.com\/no\/wp-json\/wp\/v2\/media\/94818"}],"wp:attachment":[{"href":"https:\/\/www.europesays.com\/no\/wp-json\/wp\/v2\/media?parent=94817"}],"wp:term":[{"taxonomy":"category","embeddable":true,"href":"https:\/\/www.europesays.com\/no\/wp-json\/wp\/v2\/categories?post=94817"},{"taxonomy":"post_tag","embeddable":true,"href":"https:\/\/www.europesays.com\/no\/wp-json\/wp\/v2\/tags?post=94817"}],"curies":[{"name":"wp","href":"https:\/\/api.w.org\/{rel}","templated":true}]}}