{"id":94819,"date":"2025-11-23T20:48:23","date_gmt":"2025-11-23T20:48:23","guid":{"rendered":"https:\/\/www.europesays.com\/no\/94819\/"},"modified":"2025-11-23T20:48:23","modified_gmt":"2025-11-23T20:48:23","slug":"nedblast-skog-for-over-en-milliard-lover-stotteordning-opp-no","status":"publish","type":"post","link":"https:\/\/www.europesays.com\/no\/94819\/","title":{"rendered":"Nedbl\u00e5st skog for over \u00e9n milliard: Lover st\u00f8tteordning &#8211; opp.no"},"content":{"rendered":"<ol>\n<li><a href=\"https:\/\/news.google.com\/rss\/articles\/CBMilwFBVV95cUxNUktmNTR1MVk0QUdJZE9JUUw1UG9MWXNKZ1RZUWpaNTI2Q2sxM0FCMjdybFRQMllLdWFFaTNMM3lLSFhoR095VWpQbm5Fb1ZaMWJQZ255S2F4cTNGeFJEX0YzRk1PRVQ2VnhOUENjY0U3S3ItZklJdnlNcE5YREsxcURPZW9mT1lNX1dUQ0RrbVpMUVJXa2gw?oc=5\" target=\"_blank\" rel=\"nofollow noopener\">Nedbl\u00e5st skog for over \u00e9n milliard: Lover st\u00f8tteordning<\/a>&nbsp;&nbsp;opp.no<\/li>\n<li><a href=\"https:\/\/news.google.com\/rss\/articles\/CBMijgFBVV95cUxOYWRYemk1Zzh1czVZVzYtMTlLNmNodjRjZlk4czd6TDZrbXRHdmh6NDRseklrZVRObE5UMFhCWGhZR0dyVXNfY1lZWXgwc0dhZUIwMHM1eHlwRkJya3hmOXVnMGdzU0Q5YS1pY3RRYnUtVC14Mjl6TlFicUx5MElhNTFLZ2NMQS1zZTlpMmR3?oc=5\" target=\"_blank\" rel=\"nofollow noopener\">Satellittbilete viser korleis stormar skadar skogen<\/a>&nbsp;&nbsp;Teknisk Ukeblad<\/li>\n<li><a href=\"https:\/\/news.google.com\/rss\/articles\/CBMikwFBVV95cUxPUk80ZnFSNFR5cmpSMGgzVlcxVkI4aEZpaXJmV1h5RjhFRG1VaktibE9NczZ6QUd6amhMX1pkeWtFVDN1NV9kOHhnMXk4TmY3T1c2cVlUd0RDMml4YWJER2JNcy13VW1rUXM3bzNJbXB3Q2hSbkI3cUJrUlVhcXJJenNsY0RYRkpFeWczaDUycW1keEU?oc=5\" target=\"_blank\" rel=\"nofollow noopener\">N\u00e5 har regningen etter stormen kommet : \u2013 Mye penger for oss<\/a>&nbsp;&nbsp;T\u00f8nsbergs Blad<\/li>\n<li><a href=\"https:\/\/news.google.com\/rss\/articles\/CBMixAFBVV95cUxNY1Bjc29YV1VFdmt1aFVXTHpiV0NQSmNFVDdUMU9tN2lFcGwxTmgzQURuR3d0SE95eW55dlFXRGNPQWxheTg2eFNQX1ZrbVp5cHo4OF9xMlBXZE5lRW01MWg3N05fbGV0WGxVaFFSV21rbFdCQUdnZjQwNlI4dG5GRDAwdnZBZUU4R3ZXMGpDcExKQ2xVbmtFTGJZWW5rMWg5ejFTVUFOSFFyN2ZwQlgwWDkwU0hWb3JiUmdSMWJ0cVNWLWNf?oc=5\" target=\"_blank\" rel=\"nofollow noopener\">(+) Ekstremv\u00e6ret Amy: Nedbl\u00e5st skog for over 1 milliard kroner ligger p\u00e5 bakken<\/a>&nbsp;&nbsp;altaposten.no<\/li>\n<li><a href=\"https:\/\/news.google.com\/rss\/articles\/CBMinAFBVV95cUxQRi1CbjlXb1I2ZHcwS3laUzY0anVGaXBuaF9KUjZCTDRNODhqVkNMZ0VneXpXN2NDQmZqbzRZWVhfNW9zSDVUcDFmbnhOZlNwT0RvaEE0VE03QnpHWTFhZWN4WHl2VWVtSVZHU3ctNnBxT2UzZHduLVkzdFBobVB4Zl8wb0gtMjVSSlJIWDhjLXd2SUJraWpoeG9VUW4?oc=5\" target=\"_blank\" rel=\"nofollow noopener\">Stort opprydningsarbeid i vente: \u2013 Lover god st\u00f8tte<\/a>&nbsp;&nbsp;andalsnes-avis.no<\/li>\n<\/ol>\n","protected":false},"excerpt":{"rendered":"Nedbl\u00e5st skog for over \u00e9n milliard: Lover st\u00f8tteordning&nbsp;&nbsp;opp.no Satellittbilete viser korleis stormar skadar skogen&nbsp;&nbsp;Teknisk Ukeblad N\u00e5 har regningen&hellip;\n","protected":false},"author":2,"featured_media":94820,"comment_status":"","ping_status":"","sticky":false,"template":"","format":"standard","meta":{"footnotes":""},"categories":[10],"tags":[20,21,24,25,15,22,23,13,30,28,29,14,16,26,27],"class_list":{"0":"post-94819","1":"post","2":"type-post","3":"status-publish","4":"format-standard","5":"has-post-thumbnail","7":"category-norge","8":"tag-breaking-news","9":"tag-breakingnews","10":"tag-featured-news","11":"tag-featurednews","12":"tag-headlines","13":"tag-latest-news","14":"tag-latestnews","15":"tag-news","16":"tag-no","17":"tag-norge","18":"tag-norway","19":"tag-nyheter","20":"tag-overskrifter","21":"tag-top-stories","22":"tag-topstories"},"share_on_mastodon":{"url":"https:\/\/pubeurope.com\/@no\/115600982397025953","error":""},"_links":{"self":[{"href":"https:\/\/www.europesays.com\/no\/wp-json\/wp\/v2\/posts\/94819","targetHints":{"allow":["GET"]}}],"collection":[{"href":"https:\/\/www.europesays.com\/no\/wp-json\/wp\/v2\/posts"}],"about":[{"href":"https:\/\/www.europesays.com\/no\/wp-json\/wp\/v2\/types\/post"}],"author":[{"embeddable":true,"href":"https:\/\/www.europesays.com\/no\/wp-json\/wp\/v2\/users\/2"}],"replies":[{"embeddable":true,"href":"https:\/\/www.europesays.com\/no\/wp-json\/wp\/v2\/comments?post=94819"}],"version-history":[{"count":0,"href":"https:\/\/www.europesays.com\/no\/wp-json\/wp\/v2\/posts\/94819\/revisions"}],"wp:featuredmedia":[{"embeddable":true,"href":"https:\/\/www.europesays.com\/no\/wp-json\/wp\/v2\/media\/94820"}],"wp:attachment":[{"href":"https:\/\/www.europesays.com\/no\/wp-json\/wp\/v2\/media?parent=94819"}],"wp:term":[{"taxonomy":"category","embeddable":true,"href":"https:\/\/www.europesays.com\/no\/wp-json\/wp\/v2\/categories?post=94819"},{"taxonomy":"post_tag","embeddable":true,"href":"https:\/\/www.europesays.com\/no\/wp-json\/wp\/v2\/tags?post=94819"}],"curies":[{"name":"wp","href":"https:\/\/api.w.org\/{rel}","templated":true}]}}