{"id":94821,"date":"2025-11-23T20:49:13","date_gmt":"2025-11-23T20:49:13","guid":{"rendered":"https:\/\/www.europesays.com\/no\/94821\/"},"modified":"2025-11-23T20:49:13","modified_gmt":"2025-11-23T20:49:13","slug":"julie-bjervig-drivenes-langrenn-ryktene-gikk-i-miljoet-sa-sjokkerte-julie-bjervig-drivenes","status":"publish","type":"post","link":"https:\/\/www.europesays.com\/no\/94821\/","title":{"rendered":"Julie Bjervig Drivenes, Langrenn | Ryktene gikk i milj\u00f8et: S\u00e5 sjokkerte Julie Bjervig Drivenes"},"content":{"rendered":"\n<p>   <img decoding=\"async\" width=\"1500\" height=\"440\" fetchpriority=\"low\"  loading=\"lazy\"  src=\"https:\/\/www.europesays.com\/no\/wp-content\/uploads\/2025\/11\/simen+l%C3%B8nning+sjur+tveito+beitost%C3%B8len+%281%29.jpg\" alt=\"\" class=\"brick-c-cFOWSL\" style=\"--brick-image-ratio: 1500 \/ 440;\"\/><\/p>\n<p>BEITOST\u00d8LEN (Nettavisen): Heidi Weng var den store forh\u00e5ndsfavoritten p\u00e5 s\u00f8ndagens 10 km fristil p\u00e5 Beitost\u00f8len, men den rutinerte landslagsl\u00f8peren m\u00e5tte n\u00f8ye seg med en 3. plass.<\/p>\n<p>Det var nemlig de mer ukjente l\u00f8perne Julie Bjervig Drivenes og Karoline Simpson-Larsen som knivet om seieren. F\u00f8rstnevnte trakk det lengste str\u00e5et og <a href=\"https:\/\/www.nettavisen.no\/sport\/sjokkseier-pa-beitostolen-for-en-skrell\/s\/5-95-2743004\" rel=\"Follow nofollow noopener\" target=\"_blank\">vant med seks tideler foran Simpson-Larsen. <\/a><\/p>\n<p>Den 26 \u00e5r gamle Konnerud-l\u00f8peren sto dermed for den st\u00f8rste skrellen under \u00e5pningshelgen p\u00e5 Beitost\u00f8len, og det br\u00f8t ut ville jubelscener i m\u00e5lomr\u00e5det da Bjervig Drivenes skj\u00f8nte at hun kom til \u00e5 vinne rennet.<\/p>\n<p>   <img decoding=\"async\" width=\"2635\" height=\"1762\" fetchpriority=\"low\"  loading=\"lazy\"  src=\"https:\/\/www.europesays.com\/no\/wp-content\/uploads\/2025\/11\/NTB_6WEPNmltoHQ.jpg\" alt=\"Beitost\u00f8len 20251123. &#10;Julie Bjervig Drivenes under 10 km fri teknikk p\u00e5 Beitost\u00f8len.&#10;Foto: Terje Pedersen \/ NTB\" class=\"brick-c-cFOWSL\" style=\"--brick-image-ratio: 2635 \/ 1762;\"\/><\/p>\n<p>      JUBEL: Julie Bjervig Drivenes jublet vilt i m\u00e5lomr\u00e5det.<br \/>\n      Foto: Terje Pedersen (NTB)\n    <\/p>\n<p>Drivenes viste seg fram allerede under l\u00f8rdagens klassiskrenn med 3. plass, men hun hadde ikke trodd at hun skulle vinne s\u00f8ndagens l\u00f8p.<\/p>\n<p>\u2013 Det kjennes helt enormt. Det er helt utrolig, sier hun til Nettavisen etter l\u00f8pet.<\/p>\n<p><b>Les ogs\u00e5: <a href=\"https:\/\/www.nettavisen.no\/sport\/norges-skiforbund-kalte-inn-til-ukjent-russland-mote-pa-ullevaal-stadion\/s\/5-95-2740804\" rel=\"Follow nofollow noopener\" target=\"_blank\">Norges Skiforbund kalte inn til ukjent Russland-m\u00f8te p\u00e5 Ullevaal stadion<\/a><\/b><\/p>\n<p>Snakkis i milj\u00f8et<\/p>\n<p>Seieren kommer imidlertid ikke som et stort sjokk for de andre kvinnel\u00f8perne som stilte til start p\u00e5 Beitost\u00f8len.<\/p>\n<p>Anne Kjersti Kalv\u00e5 forteller nemlig at Drivenes har v\u00e6rt en snakkis i skimilj\u00f8et f\u00f8r sesongstart.<\/p>\n<p>\u2013 Hun har absolutt v\u00e6rt p\u00e5 agendaen til flere av oss tror jeg, sier Kalv\u00e5 til Nettavisen.<\/p>\n<p>Hun plukket opp ryktene om at Drivenes var i storform da hun vant et testl\u00f8p forrige helg.<\/p>\n<p>\u2013 Jeg har sett noen klipp av henne g\u00e5 p\u00e5 rulleskim\u00f8lla i h\u00f8st og jeg h\u00f8rte hun slo Astrid \u00d8yre Slind p\u00e5 testl\u00f8p forrige helg. S\u00e5 det er ikke s\u00e5 overraskende for oss. Det er kult. Hun g\u00e5r skikkelig fint p\u00e5 ski og har jobbet hardt i mange \u00e5r, sier Kalv\u00e5.<\/p>\n<p>    Vil du se neste video?<\/p>\n<p>    <a href=\"https:\/\/www.nettavisen.no\/sport\/her-bryter-kronprins-haakon-inn-nar-prins-sverre-magnus-svarer-pa-italia-sporsmal-fra-norsk-presse\/v\/5-95-2731534\" class=\"recommend-poster\" data-adp-clicklabel=\"video-recommend\" data-adp-clickvalue=\"poster\" rel=\"nofollow noopener\" target=\"_blank\"><br \/>\n      <img decoding=\"async\" width=\"200\" height=\"200\" loading=\"lazy\" src=\"https:\/\/www.europesays.com\/no\/wp-content\/uploads\/2025\/11\/Kronprins+Haakon+til+cue.jpg\" alt=\"\" class=\"brick-c-cFOWSL\" style=\"--brick-image-ratio: 200 \/ 200;\"\/><\/p>\n<p>Her bryter kronprinsen inn0:38<\/p>\n<p>    <\/a><\/p>\n<p><b>Les ogs\u00e5: <a href=\"https:\/\/www.nettavisen.no\/sport\/kristine-stavas-skistad-slaktes-av-herreloperne-idiotisk\/s\/5-95-2742218\" rel=\"Follow nofollow noopener\" target=\"_blank\">Stav\u00e5s Skistad slaktes av herrel\u00f8perne<\/a><\/b><\/p>\n<p>\u2013 Kommer noen rykter<\/p>\n<p>Drivenes selv sier hun ikke har f\u00e5tt med seg at hun har v\u00e6rt en snakkis i skimilj\u00f8et, men hun tror mye av det handler om teknikken hennes.<\/p>\n<p>\u2013 Man legger jo ut videoer her og der, og det er jo noe man ser. Man kan ikke se form n\u00f8dvendigvis, men man kan jo se at jeg g\u00e5r bra, og kanskje det kommer noen rykter om at jeg har hatt noen gode hard\u00f8kter. Men jeg kan jo h\u00e5pe og tro at det er fordi jeg g\u00e5r fint p\u00e5 ski, sier Drivenes.<\/p>\n<p>\u2013 Vi h\u00f8rer du imponerte p\u00e5 et testl\u00f8p?<\/p>\n<p>\u2013 Ja, det var forrige helg. Det ble vel kanskje en liten snakkis. Jeg ble i hvert fall overrasket selv over at jeg gikk s\u00e5 fort mot s\u00e5pass gode motstandere. Men jeg er veldig glad for at det ikke var en \u00abone hit wonder\u00bb, det klarte jeg \u00e5 gj\u00f8re igjen denne helgen her, s\u00e5 det er veldig g\u00f8y, sier Drivenes.<\/p>\n<p>Ruka neste?<\/p>\n<p>Med s\u00f8ndagens seier og 3. plass i l\u00f8rdagens renn har 26-\u00e5ringen levert en meget solid s\u00f8knad om \u00e5 f\u00e5 g\u00e5 verdenscup\u00e5pningen i Ruka neste helg.<\/p>\n<p>F\u00f8r sesongstarten p\u00e5 Beitost\u00f8len hadde ikke Drivenes tenkt at Ruka kom til \u00e5 v\u00e6re en mulighet for henne, men n\u00e5 har sjansene aldri v\u00e6rt st\u00f8rre.<\/p>\n<p>\u2013 P\u00e5 jentesiden trenger vi \u00e5 f\u00e5 ut\u00f8vere som er i form ut i verdenscupen, og jeg tror de p\u00e5 landslaget er enige om det. N\u00e5r man vinner og har pallplass s\u00e5 vil jeg tro man er ganske aktuell. Hvis de ikke velger meg, m\u00e5 de i hvert fall ha en veldig god grunn tenker jeg, sier Drivenes.<\/p>\n","protected":false},"excerpt":{"rendered":"BEITOST\u00d8LEN (Nettavisen): Heidi Weng var den store forh\u00e5ndsfavoritten p\u00e5 s\u00f8ndagens 10 km fristil p\u00e5 Beitost\u00f8len, men den rutinerte&hellip;\n","protected":false},"author":2,"featured_media":94822,"comment_status":"","ping_status":"","sticky":false,"template":"","format":"standard","meta":{"footnotes":""},"categories":[5],"tags":[20,21,24,25,15,19,22,23,17,18,13,30,28,29,14,16,26,27],"class_list":{"0":"post-94821","1":"post","2":"type-post","3":"status-publish","4":"format-standard","5":"has-post-thumbnail","7":"category-overskrifter","8":"tag-breaking-news","9":"tag-breakingnews","10":"tag-featured-news","11":"tag-featurednews","12":"tag-headlines","13":"tag-hovedoppslag","14":"tag-latest-news","15":"tag-latestnews","16":"tag-main-news","17":"tag-mainnews","18":"tag-news","19":"tag-no","20":"tag-norge","21":"tag-norway","22":"tag-nyheter","23":"tag-overskrifter","24":"tag-top-stories","25":"tag-topstories"},"share_on_mastodon":{"url":"https:\/\/pubeurope.com\/@no\/115600986397961934","error":""},"_links":{"self":[{"href":"https:\/\/www.europesays.com\/no\/wp-json\/wp\/v2\/posts\/94821","targetHints":{"allow":["GET"]}}],"collection":[{"href":"https:\/\/www.europesays.com\/no\/wp-json\/wp\/v2\/posts"}],"about":[{"href":"https:\/\/www.europesays.com\/no\/wp-json\/wp\/v2\/types\/post"}],"author":[{"embeddable":true,"href":"https:\/\/www.europesays.com\/no\/wp-json\/wp\/v2\/users\/2"}],"replies":[{"embeddable":true,"href":"https:\/\/www.europesays.com\/no\/wp-json\/wp\/v2\/comments?post=94821"}],"version-history":[{"count":0,"href":"https:\/\/www.europesays.com\/no\/wp-json\/wp\/v2\/posts\/94821\/revisions"}],"wp:featuredmedia":[{"embeddable":true,"href":"https:\/\/www.europesays.com\/no\/wp-json\/wp\/v2\/media\/94822"}],"wp:attachment":[{"href":"https:\/\/www.europesays.com\/no\/wp-json\/wp\/v2\/media?parent=94821"}],"wp:term":[{"taxonomy":"category","embeddable":true,"href":"https:\/\/www.europesays.com\/no\/wp-json\/wp\/v2\/categories?post=94821"},{"taxonomy":"post_tag","embeddable":true,"href":"https:\/\/www.europesays.com\/no\/wp-json\/wp\/v2\/tags?post=94821"}],"curies":[{"name":"wp","href":"https:\/\/api.w.org\/{rel}","templated":true}]}}