{"id":94840,"date":"2025-11-23T21:12:13","date_gmt":"2025-11-23T21:12:13","guid":{"rendered":"https:\/\/www.europesays.com\/no\/94840\/"},"modified":"2025-11-23T21:12:13","modified_gmt":"2025-11-23T21:12:13","slug":"phillipe-cohen-og-rebecca-lindbergh-thors-er-forlovet","status":"publish","type":"post","link":"https:\/\/www.europesays.com\/no\/94840\/","title":{"rendered":"Phillipe Cohen og Rebecca Lindbergh Thors er forlovet"},"content":{"rendered":"<p class=\"kicker \" style=\"\">Phillipe Cohen og Rebecca Lindbergh Thors<\/p>\n<p>  Influenserparet delte i september at de venter sitt f\u00f8rste barn sammen. N\u00e5 deler de nok en gladnyhet.\u00a0<\/p>\n<p>\n    NYTT STEG: For f\u00e5 m\u00e5neder siden annonserte paret at de venter sitt f\u00f8rste barn sammen. N\u00e5 deler de nok en gladnyhet. Foto: Instagram \/@rebeccalindbergh\n  <\/p>\n<p>Det svenske influenserparet Phillipe Cohen (31) og Rebecca Lindbergh Thors (29) har forlovet seg.\u00a0<\/p>\n<p class=\"font-weight-bold m-font-weight-bold\" data-lab-font_weight=\"font-weight-bold\">I en bildeserie p\u00e5 Instagram kommer det fram at kokken og matprofilen spurte kj\u00e6resten om hun vil gifte seg med ham. Svaret ble ja.<\/p>\n<p>P\u00e5 et av bildene, som er tagget med London som sted, viser hun fram forlovelsesringen p\u00e5 h\u00e5nden.<\/p>\n<p>          <img loading=\"lazy\" decoding=\"async\" src=\"https:\/\/www.europesays.com\/no\/wp-content\/uploads\/2025\/11\/83891261.webp\" width=\"686\" height=\"597\" title=\"FORELSKET: Phillipe Cohen og Rebecca Lindbergh Thors ble sammen i 2023. Foto: Instagram \/@rebeccalindbergh\" alt=\"\" class=\"\" style=\"--aspect-ratio-image: 1.15; \"\/><\/p>\n<p>\n          FORELSKET: Phillipe Cohen og Rebecca Lindbergh Thors ble sammen i 2023. Foto: Instagram \/@rebeccalindbergh\n      <\/p>\n<p>\u00abFor alltid\u00bb, skriver Lindbergh Thors, og legger til flere hjerter og en ring.<\/p>\n<p>I slutten av september kunngjorde paret at <a href=\"https:\/\/www.seher.no\/kjendis\/deler-gladnyhet\/83653525\" rel=\"nofollow noopener\" target=\"_blank\">de venter sitt f\u00f8rste barn sammen<\/a>.<\/p>\n<p>        S\u00d8T MUSIKK: F\u00f8r helgen ble Benjamin Ingrosso hyllet av hele Sverige under Grammis-utdelingen, s\u00e5 stod han plutselig p\u00e5 scenen med den norske pop-yndlingen. Video: Instagram \/ @benjaminingrosso \/ @astridsofficial \/\/ Youtube \/ @Grammis \/\/ Foto: NTB \/\/ Reporter: H\u00e5vard Bj\u00f8rnerem<\/p>\n<p class=\"font-weight-bold m-font-weight-bold\" data-lab-font_weight=\"font-weight-bold\">F\u00f8r Cohen var sammen med Lindbergh Thors var han sammen med den svenske influenseren Bianca Ingrosso (30).\u00a0<\/p>\n<p>De hadde et av-og-p\u00e5-forhold i rundt ti \u00e5r f\u00f8r det tok slutt i 2022. Ingrosso hevdet at grunnen til at de gjorde det slutt var utroskap.\u00a0<\/p>\n<p>          <img loading=\"lazy\" decoding=\"async\" src=\"https:\/\/www.europesays.com\/no\/wp-content\/uploads\/2025\/11\/83891273.webp\" width=\"686\" height=\"714\" title=\"EKSKJ\u00c6RESTER: Bianca Ingrosso og Phillipe Cohen var sammen i flere \u00e5r f\u00f8r de gikk hver til sitt i 2022. Foto: Skjermbilde: @biancaingrosso \/ Instagram\" alt=\"\" class=\"\" style=\"--aspect-ratio-image: 0.96; \"\/><\/p>\n<p>\n          EKSKJ\u00c6RESTER: Bianca Ingrosso og Phillipe Cohen var sammen i flere \u00e5r f\u00f8r de gikk hver til sitt i 2022. Foto: Skjermbilde: @biancaingrosso \/ Instagram\n      <\/p>\n<p>Bianca innr\u00f8mmet at hun selv ogs\u00e5 var utro i forholdet i talkshowet \u00abBianca by Night\u00bb, og bekreftet at det ikke var d\u00e5rlig stemning mellom henne og Cohen.\u00a0<\/p>\n<p> &#8211; Hei, Phillipe, h\u00e5per du har det bra n\u00e5. All kj\u00e6rlighet til deg og din nye kj\u00e6reste &#8211; s\u00e5 legger vi det bak oss, sa hun. <\/p>\n","protected":false},"excerpt":{"rendered":"Phillipe Cohen og Rebecca Lindbergh Thors Influenserparet delte i september at de venter sitt f\u00f8rste barn sammen. N\u00e5&hellip;\n","protected":false},"author":2,"featured_media":94841,"comment_status":"","ping_status":"","sticky":false,"template":"","format":"standard","meta":{"footnotes":""},"categories":[58],"tags":[71,5365,479,2543,30,28,29,7403,72],"class_list":{"0":"post-94840","1":"post","2":"type-post","3":"status-publish","4":"format-standard","5":"has-post-thumbnail","7":"category-underholdning","8":"tag-entertainment","9":"tag-forlovet","10":"tag-kjendis","11":"tag-kjendisdesken","12":"tag-no","13":"tag-norge","14":"tag-norway","15":"tag-phillipe-cohen","16":"tag-underholdning"},"share_on_mastodon":{"url":"https:\/\/pubeurope.com\/@no\/115601076751671390","error":""},"_links":{"self":[{"href":"https:\/\/www.europesays.com\/no\/wp-json\/wp\/v2\/posts\/94840","targetHints":{"allow":["GET"]}}],"collection":[{"href":"https:\/\/www.europesays.com\/no\/wp-json\/wp\/v2\/posts"}],"about":[{"href":"https:\/\/www.europesays.com\/no\/wp-json\/wp\/v2\/types\/post"}],"author":[{"embeddable":true,"href":"https:\/\/www.europesays.com\/no\/wp-json\/wp\/v2\/users\/2"}],"replies":[{"embeddable":true,"href":"https:\/\/www.europesays.com\/no\/wp-json\/wp\/v2\/comments?post=94840"}],"version-history":[{"count":0,"href":"https:\/\/www.europesays.com\/no\/wp-json\/wp\/v2\/posts\/94840\/revisions"}],"wp:featuredmedia":[{"embeddable":true,"href":"https:\/\/www.europesays.com\/no\/wp-json\/wp\/v2\/media\/94841"}],"wp:attachment":[{"href":"https:\/\/www.europesays.com\/no\/wp-json\/wp\/v2\/media?parent=94840"}],"wp:term":[{"taxonomy":"category","embeddable":true,"href":"https:\/\/www.europesays.com\/no\/wp-json\/wp\/v2\/categories?post=94840"},{"taxonomy":"post_tag","embeddable":true,"href":"https:\/\/www.europesays.com\/no\/wp-json\/wp\/v2\/tags?post=94840"}],"curies":[{"name":"wp","href":"https:\/\/api.w.org\/{rel}","templated":true}]}}