{"id":94842,"date":"2025-11-23T21:15:12","date_gmt":"2025-11-23T21:15:12","guid":{"rendered":"https:\/\/www.europesays.com\/no\/94842\/"},"modified":"2025-11-23T21:15:12","modified_gmt":"2025-11-23T21:15:12","slug":"svensk-90-aring-tiltalt-for-hatytringer-pa-kafe","status":"publish","type":"post","link":"https:\/\/www.europesays.com\/no\/94842\/","title":{"rendered":"Svensk 90-\u00e5ring tiltalt for hatytringer p\u00e5 kaf\u00e9"},"content":{"rendered":"<p><strong>En 90 \u00e5r gammel mann i Bor\u00e5s i Sverige er tiltalt\u00a0for muslimfiendtlige uttalelser og hets mot ei folkegruppe etter at han skal ha sagt alle muslimer m\u00e5 ut av Sverige.<\/strong><\/p>\n<p>Den straffbare uttalelsen falt i kafeen p\u00e5 det aldershjemmet der 90-\u00e5ringen bor, og der det var samlet ca 30 personer da uttalelsen falt. At flere enn en person h\u00f8rte det diskriminerende utsagnet, er en betingelse for at man i Sverige kan straffes for s\u00e5kalt hat-tale.\u00a0<\/p>\n<p>90-\u00e5ringen skal, if\u00f8lge <a href=\"https:\/\/samnytt.se\/90-aring-pa-boende-alla-muslimer-maste-ut-fran-sverige-atalas\" rel=\"nofollow noopener\" target=\"_blank\">Samnytt<\/a> for\u00a0ha rettet de kriminelle ordene til en av de ansatte i kafeen, ei syrisk\u00a0seksbarnsmor. som kom til Sverige i 2020. Tre av kvinnas kolleger skal ha h\u00f8rt den diskriminerende uttalelsen som skal ha traumatisert den syriske kvinna.<\/p>\n<p>WJeg ble sv\u00e6rt oppr\u00f8rt\u00a0og gr\u00e5t. Jeg forlot matsalen og gikk hjem. Kollegene mine klemte og tr\u00f8stet meg, men det hjalp ikke. Jeg gjorde ikke mannen noe som helst,\u00bb har hun forklart i politiavh\u00f8r, if\u00f8lge Samnytt.<\/p>\n<p>Mannen har sagt at han ikke husker hendelsen, og at han verken kan bekrefte eller avkrefte det han skulle ha sagt.<\/p>\n<p>Mannen er ikke tidligere straffed\u00f8mt. Politiet har g\u00e5tt gjennom pc\u2019en hans for om mulig \u00e5 finne noe som kan settes i forbindelse med det som skjedde i aldershjemmets kaf\u00e9. Men de har ikke funnet noe.<\/p>\n<p>Den forn\u00e6rmede kvinna har sagt at hun vil kreve \u00f8konomisk erstatning fra 90-\u00e5ringen, som skal ha en betydelige formue, melder Samnytt.\u00a0<\/p>\n","protected":false},"excerpt":{"rendered":"En 90 \u00e5r gammel mann i Bor\u00e5s i Sverige er tiltalt\u00a0for muslimfiendtlige uttalelser og hets mot ei folkegruppe&hellip;\n","protected":false},"author":2,"featured_media":94843,"comment_status":"","ping_status":"","sticky":false,"template":"","format":"standard","meta":{"footnotes":""},"categories":[12],"tags":[20,21,24,25,12282,15,22,23,13,30,28,29,14,16,1359,26,27,42,43,44,45],"class_list":{"0":"post-94842","1":"post","2":"type-post","3":"status-publish","4":"format-standard","5":"has-post-thumbnail","7":"category-verden","8":"tag-breaking-news","9":"tag-breakingnews","10":"tag-featured-news","11":"tag-featurednews","12":"tag-hatytringer","13":"tag-headlines","14":"tag-latest-news","15":"tag-latestnews","16":"tag-news","17":"tag-no","18":"tag-norge","19":"tag-norway","20":"tag-nyheter","21":"tag-overskrifter","22":"tag-sverige","23":"tag-top-stories","24":"tag-topstories","25":"tag-verden","26":"tag-world","27":"tag-world-news","28":"tag-worldnews"},"share_on_mastodon":{"url":"https:\/\/pubeurope.com\/@no\/115601088462675173","error":""},"_links":{"self":[{"href":"https:\/\/www.europesays.com\/no\/wp-json\/wp\/v2\/posts\/94842","targetHints":{"allow":["GET"]}}],"collection":[{"href":"https:\/\/www.europesays.com\/no\/wp-json\/wp\/v2\/posts"}],"about":[{"href":"https:\/\/www.europesays.com\/no\/wp-json\/wp\/v2\/types\/post"}],"author":[{"embeddable":true,"href":"https:\/\/www.europesays.com\/no\/wp-json\/wp\/v2\/users\/2"}],"replies":[{"embeddable":true,"href":"https:\/\/www.europesays.com\/no\/wp-json\/wp\/v2\/comments?post=94842"}],"version-history":[{"count":0,"href":"https:\/\/www.europesays.com\/no\/wp-json\/wp\/v2\/posts\/94842\/revisions"}],"wp:featuredmedia":[{"embeddable":true,"href":"https:\/\/www.europesays.com\/no\/wp-json\/wp\/v2\/media\/94843"}],"wp:attachment":[{"href":"https:\/\/www.europesays.com\/no\/wp-json\/wp\/v2\/media?parent=94842"}],"wp:term":[{"taxonomy":"category","embeddable":true,"href":"https:\/\/www.europesays.com\/no\/wp-json\/wp\/v2\/categories?post=94842"},{"taxonomy":"post_tag","embeddable":true,"href":"https:\/\/www.europesays.com\/no\/wp-json\/wp\/v2\/tags?post=94842"}],"curies":[{"name":"wp","href":"https:\/\/api.w.org\/{rel}","templated":true}]}}