{"id":94847,"date":"2025-11-23T21:20:12","date_gmt":"2025-11-23T21:20:12","guid":{"rendered":"https:\/\/www.europesays.com\/no\/94847\/"},"modified":"2025-11-23T21:20:12","modified_gmt":"2025-11-23T21:20:12","slug":"hylles-av-forloveden","status":"publish","type":"post","link":"https:\/\/www.europesays.com\/no\/94847\/","title":{"rendered":"Hylles av forloveden"},"content":{"rendered":"<p>Fredag var det finale i \u00abForr\u00e6der\u00bb, og seirende ut gikk komiker Rasmus Wold (34) og kollegaen Espen Abrahamsen (32).<\/p>\n<p>De aller fleste deltakerne hadde m\u00f8tt opp p\u00e5 utestedet Ingensteds for \u00e5 se finalen og feire sesongen. Til stede var ogs\u00e5 Wold, som hadde med seg forloveden Rikke Sundby (28).<\/p>\n<p>\u2013 Dette er elskerinnen min, Rikke er hjemme og passer barna, fleiper han n\u00e5r TV 2 m\u00f8ter komikeren p\u00e5 den r\u00f8de l\u00f8peren.<\/p>\n<p>Wold gikk ned p\u00e5 kne for en dr\u00f8y m\u00e5ned siden. I fjor sommer ble paret foreldre for f\u00f8rste gang, til s\u00f8nnen Ludvig.<\/p>\n<p>\u2013 Vi har f\u00e5tt barnevakt, s\u00e5 i kveld blir det en sjelden gang med bobler p\u00e5 denne karen. I morgen skal Rikke p\u00e5 hyttetur og jeg v\u00e6re pappa, s\u00e5 da blir det ingen sen kveld, r\u00f8per Wold.\u00a0<\/p>\n<p>\u2013 Leken og god pappa<\/p>\n<p>Sundby forteller at hun er mektig imponert over forlovedens spill i \u00abForr\u00e6der\u00bb, og sier at hun ikke lot seg p\u00e5virke av at han l\u00f8y og manipulerte seg til en seier i programmet.\u00a0<\/p>\n<p>\u2013 Jeg vet at han er konkurranseinnstilt, og at han er tvers igjennom god. Det gjenspeiles ogs\u00e5 i serien, synes jeg, sier hun.<\/p>\n<p>Hun roser ogs\u00e5 Wold p\u00e5 hjemmebane.<\/p>\n<p>\u2013 Rasmus er virkelig en leken og god pappa, han har masse god omsorg og et godt fang &#8211; og leser b\u00f8ker, forteller hun.<\/p>\n<p>Godordene kommer kontant tilbake fra Wold.<\/p>\n<p>\u2013 Det har v\u00e6rt s\u00e5 deilig \u00e5 f\u00e5 barn med nettopp Rikke, for hun er en s\u00e5 fantastisk mor. Det kommer s\u00e5 naturlig for henne. Hun har jo ogs\u00e5 jobbet som sykepleier p\u00e5 barnemottaket p\u00e5 Ullev\u00e5l, s\u00e5 jeg sp\u00f8r bare henne, jeg trenger ikke Google eller bruke ChatGPT. Det er som \u00e5 lage mat med Hellstr\u00f8m ved siden av seg!<\/p>\n","protected":false},"excerpt":{"rendered":"Fredag var det finale i \u00abForr\u00e6der\u00bb, og seirende ut gikk komiker Rasmus Wold (34) og kollegaen Espen Abrahamsen&hellip;\n","protected":false},"author":2,"featured_media":94848,"comment_status":"","ping_status":"","sticky":false,"template":"","format":"standard","meta":{"footnotes":""},"categories":[58],"tags":[71,30,28,29,72],"class_list":{"0":"post-94847","1":"post","2":"type-post","3":"status-publish","4":"format-standard","5":"has-post-thumbnail","7":"category-underholdning","8":"tag-entertainment","9":"tag-no","10":"tag-norge","11":"tag-norway","12":"tag-underholdning"},"share_on_mastodon":{"url":"https:\/\/pubeurope.com\/@no\/115601108049359123","error":""},"_links":{"self":[{"href":"https:\/\/www.europesays.com\/no\/wp-json\/wp\/v2\/posts\/94847","targetHints":{"allow":["GET"]}}],"collection":[{"href":"https:\/\/www.europesays.com\/no\/wp-json\/wp\/v2\/posts"}],"about":[{"href":"https:\/\/www.europesays.com\/no\/wp-json\/wp\/v2\/types\/post"}],"author":[{"embeddable":true,"href":"https:\/\/www.europesays.com\/no\/wp-json\/wp\/v2\/users\/2"}],"replies":[{"embeddable":true,"href":"https:\/\/www.europesays.com\/no\/wp-json\/wp\/v2\/comments?post=94847"}],"version-history":[{"count":0,"href":"https:\/\/www.europesays.com\/no\/wp-json\/wp\/v2\/posts\/94847\/revisions"}],"wp:featuredmedia":[{"embeddable":true,"href":"https:\/\/www.europesays.com\/no\/wp-json\/wp\/v2\/media\/94848"}],"wp:attachment":[{"href":"https:\/\/www.europesays.com\/no\/wp-json\/wp\/v2\/media?parent=94847"}],"wp:term":[{"taxonomy":"category","embeddable":true,"href":"https:\/\/www.europesays.com\/no\/wp-json\/wp\/v2\/categories?post=94847"},{"taxonomy":"post_tag","embeddable":true,"href":"https:\/\/www.europesays.com\/no\/wp-json\/wp\/v2\/tags?post=94847"}],"curies":[{"name":"wp","href":"https:\/\/api.w.org\/{rel}","templated":true}]}}