{"id":94861,"date":"2025-11-23T21:53:09","date_gmt":"2025-11-23T21:53:09","guid":{"rendered":"https:\/\/www.europesays.com\/no\/94861\/"},"modified":"2025-11-23T21:53:09","modified_gmt":"2025-11-23T21:53:09","slug":"isak-andreas-langmo-hopp-drama-for-norsk-hopper-besvimte-under-dresskontrollen","status":"publish","type":"post","link":"https:\/\/www.europesays.com\/no\/94861\/","title":{"rendered":"Isak Andreas Langmo, Hopp | Drama for norsk hopper \u2013 besvimte under dresskontrollen"},"content":{"rendered":"\n<p>Langmo debuterte i verdenscupen i mars og var tatt ut til sitt tredje renn p\u00e5 niv\u00e5et, men tidligere i uken oppsto den spesielle situasjonen.<\/p>\n<p> \u2013 Jeg var sistemann ut i kontrollen og hadde med meg servicemann (Sigurd) S\u00f8berg inn. Alt var greit halvveis gjennom kontrollen, og s\u00e5 ble det helt svart, forteller Langmo til NTB.<\/p>\n<p>Han besvimte.<\/p>\n<p>\u2013 Det har aldri skjedd noe s\u00e5nt f\u00f8r, sier 21-\u00e5ringen.<\/p>\n<p>I dette tilfellet lot Det internasjonale skiforbundet (FIS) Langmo gjennomf\u00f8re kontrollen s\u00f8ndag morgen, samme dag som rennet.<\/p>\n<p>\u2013 De er jo rause, folkene i FIS, sier Langmo.<\/p>\n<p>I tillegg fikk han en s\u00f8ndag full av drama:<\/p>\n<p>Han kom seg gjennom kvalifiseringen og var klar for \u00e5 ta nye steg i 1. omgang av s\u00f8ndagens renn i storbakken, men s\u00e5 kom marerittbeskjeden: Han var diskvalifisert p\u00e5 grunn av en \u00f8delagt glidel\u00e5s p\u00e5 venstrearmen.<\/p>\n<p>FIS har strammet inn p\u00e5 reglene og utstyrskontrollen. Regelbruddet ga f\u00f8rst et gult kort, men etter et m\u00f8te med FIS lenge etter konkurransen ble kortet fjernet. Et nytt gult kort ville gitt et r\u00f8dt og konsekvenser for kommende renn.<\/p>\n<p>\u2013 P\u00e5kjenning<\/p>\n<p>Sportssjef Jan-Erik Aalbu mener hendelsen med Langmo viser presset ut\u00f8verne st\u00e5r i.<\/p>\n<p>\u2013 Det sier noe om at det er en ung og urutinert ut\u00f8ver og hvilken p\u00e5kjenning det er \u00e5 komme seg gjennom disse reglene til FIS, sier Aalbu til NTB.<\/p>\n<p>Lagkamerat Kristoffer Eriksen Sundal ble bekymret f\u00f8rst, men fikk raskt beskjed om at det gikk fint med Langmo.<\/p>\n<p>\u2013 Det sier nok litt om hvor nerv\u00f8s man kan bli n\u00e5r man g\u00e5r inn p\u00e5 en slik sjekk. De trippel- og kvadrupelsjekker alt en milliard ganger, sier Sundal.<\/p>\n<p>Blir nerv\u00f8se<\/p>\n<p>\u2013 Vi kan alle kroppsm\u00e5l p\u00e5 kroppen utenat etter hvert n\u00e5. Fortsatt kan det v\u00e6re ting, og det er avgj\u00f8rende for \u00e5 f\u00e5 hoppe, s\u00e5 det betyr mye for oss. Vi har jobbet et \u00e5r for dette, og s\u00e5 er det kjipt om det skal ryke p\u00e5 \u00abtechnical approval\u00bb. Jeg blir ogs\u00e5 veldig nerv\u00f8s f\u00f8r de sjekkene der, forklarer Sundal.<\/p>\n<p>Marius Lindvik ble beste nordmann p\u00e5 en m\u00f8rk norsk dag for herrehopperne. 27-\u00e5ringen ble nummer 17. Han har forst\u00e5else for hendelsen med Langmo.<\/p>\n<p>\u2013 Jeg var ikke der, men h\u00f8rte om det. Jeg skj\u00f8nner at man blir nerv\u00f8s n\u00e5r man g\u00e5r inn der. Han tok det greit, men det er sykt at det skal v\u00e6re slik, sa Lindvik til NTB.<\/p>\n<p>(\u00a9NTB)<\/p>\n","protected":false},"excerpt":{"rendered":"Langmo debuterte i verdenscupen i mars og var tatt ut til sitt tredje renn p\u00e5 niv\u00e5et, men tidligere&hellip;\n","protected":false},"author":2,"featured_media":94862,"comment_status":"","ping_status":"","sticky":false,"template":"","format":"standard","meta":{"footnotes":""},"categories":[5],"tags":[20,21,24,25,15,19,22,23,17,18,13,30,28,29,14,16,26,27],"class_list":{"0":"post-94861","1":"post","2":"type-post","3":"status-publish","4":"format-standard","5":"has-post-thumbnail","7":"category-overskrifter","8":"tag-breaking-news","9":"tag-breakingnews","10":"tag-featured-news","11":"tag-featurednews","12":"tag-headlines","13":"tag-hovedoppslag","14":"tag-latest-news","15":"tag-latestnews","16":"tag-main-news","17":"tag-mainnews","18":"tag-news","19":"tag-no","20":"tag-norge","21":"tag-norway","22":"tag-nyheter","23":"tag-overskrifter","24":"tag-top-stories","25":"tag-topstories"},"share_on_mastodon":{"url":"https:\/\/pubeurope.com\/@no\/115601237845734360","error":""},"_links":{"self":[{"href":"https:\/\/www.europesays.com\/no\/wp-json\/wp\/v2\/posts\/94861","targetHints":{"allow":["GET"]}}],"collection":[{"href":"https:\/\/www.europesays.com\/no\/wp-json\/wp\/v2\/posts"}],"about":[{"href":"https:\/\/www.europesays.com\/no\/wp-json\/wp\/v2\/types\/post"}],"author":[{"embeddable":true,"href":"https:\/\/www.europesays.com\/no\/wp-json\/wp\/v2\/users\/2"}],"replies":[{"embeddable":true,"href":"https:\/\/www.europesays.com\/no\/wp-json\/wp\/v2\/comments?post=94861"}],"version-history":[{"count":0,"href":"https:\/\/www.europesays.com\/no\/wp-json\/wp\/v2\/posts\/94861\/revisions"}],"wp:featuredmedia":[{"embeddable":true,"href":"https:\/\/www.europesays.com\/no\/wp-json\/wp\/v2\/media\/94862"}],"wp:attachment":[{"href":"https:\/\/www.europesays.com\/no\/wp-json\/wp\/v2\/media?parent=94861"}],"wp:term":[{"taxonomy":"category","embeddable":true,"href":"https:\/\/www.europesays.com\/no\/wp-json\/wp\/v2\/categories?post=94861"},{"taxonomy":"post_tag","embeddable":true,"href":"https:\/\/www.europesays.com\/no\/wp-json\/wp\/v2\/tags?post=94861"}],"curies":[{"name":"wp","href":"https:\/\/api.w.org\/{rel}","templated":true}]}}