{"id":94869,"date":"2025-11-23T22:00:15","date_gmt":"2025-11-23T22:00:15","guid":{"rendered":"https:\/\/www.europesays.com\/no\/94869\/"},"modified":"2025-11-23T22:00:15","modified_gmt":"2025-11-23T22:00:15","slug":"stolt-trenar-etter-skibragd-beste-dagen-i-mitt-liv-bygdanytt-no","status":"publish","type":"post","link":"https:\/\/www.europesays.com\/no\/94869\/","title":{"rendered":"Stolt trenar etter skibragd: \u2013 Beste dagen i mitt liv! &#8211; bygdanytt.no"},"content":{"rendered":"<ol>\n<li><a href=\"https:\/\/news.google.com\/rss\/articles\/CBMiqwFBVV95cUxQR1owQ3JQNWVnUHBDdlI4Y29hS1JlazdZRl8xbVRJV1NPOUh4LW1KSEliXzg1ZTJjYkZWVTd6TFlOWjB3LVI3YlZjaTZnbF9sNS1tSHY2TW5RTG92OHZSZWVDMFJsaTVuNmFWUjlBSEE3a1pSXzNXaFVRZkpIVDNnak5oSTlnMjl4SHZPa0xBcldVNlVRSGt3TERrQ3Q0S3NnVThkVW5vSXZZQWM?oc=5\" target=\"_blank\" rel=\"nofollow noopener\">Stolt trenar etter skibragd: \u2013 Beste dagen i mitt liv!<\/a>&nbsp;&nbsp;bygdanytt.no<\/li>\n<li><a href=\"https:\/\/news.google.com\/rss\/articles\/CBMijgFBVV95cUxPa0VWWlEtc3Vyc2hDc1I3VlN0RGtQaTRlYk1nSU1LU21EeDNuc00ycmhZOVFwaEZ6NUxIMHQ4UlN0Z0pSUUNRQVM4UTQ2SW5OSXNQQkFoNmk3T0tlNUp3VTVaS1lRVVRMVGJDcUNLbXMxM2EtclJMbmFWS2RQY29DRmRiYWxPTGlhU2YwNXZ3?oc=5\" target=\"_blank\" rel=\"nofollow noopener\">Satte landslagsl\u00f8pere p\u00e5 plass med superl\u00f8p: \u2013\u2060 Hedegart \u00f8delegger dagen<\/a>&nbsp;&nbsp;VG<\/li>\n<li><a href=\"https:\/\/news.google.com\/rss\/articles\/CBMikgFBVV95cUxPLWllc0ZUTDNCMko3aDJmUnBZN25veWpRV2NDa29JLV94clg5b3pwaEFJRGw2eUcwbmNCQ2lMczNpSl8xbkRfV25wYmdPSDNrYWRmU2pySkJWWHJyNTJTZ2VFMDdNaG1DRmlVUFBGNF9qT0U2TWU1VFc1Z3FOLUVhV3UtZVczeXI2ZFRNQzdOd3h3QQ?oc=5\" target=\"_blank\" rel=\"nofollow noopener\">Einar Hedegart smadra langrennseliten p\u00e5 Beitost\u00f8len<\/a>&nbsp;&nbsp;NRK<\/li>\n<li><a href=\"https:\/\/news.google.com\/rss\/articles\/CBMifEFVX3lxTE53aW1rbEhPeDZOenI0Q3B1SFZlUlhtWmlicmIxT2I0UXR6REozY2JlQ1BqQ29XTXlpWG53d1BuYnZNZzNKWXBIOHlkOW9nZ2pmSEltSi1aMUV1c3pCQlBMaEpTc1dOeEVmQXF6enZOc0pQRGVhLWhtTlJhMlE?oc=5\" target=\"_blank\" rel=\"nofollow noopener\">Sjokk-tr\u00f8nderen fikk klar beskjed: &#8211; N\u00e5 selger du b\u00f8rsa<\/a>&nbsp;&nbsp;adressa.no<\/li>\n<li><a href=\"https:\/\/news.google.com\/rss\/articles\/CBMiekFVX3lxTE9KOGh6bzRrd0M5RW01VnpYM0xPbHhhX1djU2x5YmtjTkRuZHNMRm1Sd0xGUjVoazZjTWw0VWIzTU9PSTFiblhWaWNEa01vYVRwUnRyZjdmVTBjbGRMN3pvdWQ5b29OMFVBZ1Q5S2h2bGVtSVNBRmdqc0Rn?oc=5\" target=\"_blank\" rel=\"nofollow noopener\">Hedegart utklasset landslagsl\u00f8perne<\/a>&nbsp;&nbsp;TV2.no<\/li>\n<\/ol>\n","protected":false},"excerpt":{"rendered":"Stolt trenar etter skibragd: \u2013 Beste dagen i mitt liv!&nbsp;&nbsp;bygdanytt.no Satte landslagsl\u00f8pere p\u00e5 plass med superl\u00f8p: \u2013\u2060 Hedegart&hellip;\n","protected":false},"author":2,"featured_media":94870,"comment_status":"","ping_status":"","sticky":false,"template":"","format":"standard","meta":{"footnotes":""},"categories":[5],"tags":[20,21,24,25,15,19,22,23,17,18,13,30,28,29,14,16,26,27],"class_list":{"0":"post-94869","1":"post","2":"type-post","3":"status-publish","4":"format-standard","5":"has-post-thumbnail","7":"category-overskrifter","8":"tag-breaking-news","9":"tag-breakingnews","10":"tag-featured-news","11":"tag-featurednews","12":"tag-headlines","13":"tag-hovedoppslag","14":"tag-latest-news","15":"tag-latestnews","16":"tag-main-news","17":"tag-mainnews","18":"tag-news","19":"tag-no","20":"tag-norge","21":"tag-norway","22":"tag-nyheter","23":"tag-overskrifter","24":"tag-top-stories","25":"tag-topstories"},"share_on_mastodon":{"url":"https:\/\/pubeurope.com\/@no\/115601265437531882","error":""},"_links":{"self":[{"href":"https:\/\/www.europesays.com\/no\/wp-json\/wp\/v2\/posts\/94869","targetHints":{"allow":["GET"]}}],"collection":[{"href":"https:\/\/www.europesays.com\/no\/wp-json\/wp\/v2\/posts"}],"about":[{"href":"https:\/\/www.europesays.com\/no\/wp-json\/wp\/v2\/types\/post"}],"author":[{"embeddable":true,"href":"https:\/\/www.europesays.com\/no\/wp-json\/wp\/v2\/users\/2"}],"replies":[{"embeddable":true,"href":"https:\/\/www.europesays.com\/no\/wp-json\/wp\/v2\/comments?post=94869"}],"version-history":[{"count":0,"href":"https:\/\/www.europesays.com\/no\/wp-json\/wp\/v2\/posts\/94869\/revisions"}],"wp:featuredmedia":[{"embeddable":true,"href":"https:\/\/www.europesays.com\/no\/wp-json\/wp\/v2\/media\/94870"}],"wp:attachment":[{"href":"https:\/\/www.europesays.com\/no\/wp-json\/wp\/v2\/media?parent=94869"}],"wp:term":[{"taxonomy":"category","embeddable":true,"href":"https:\/\/www.europesays.com\/no\/wp-json\/wp\/v2\/categories?post=94869"},{"taxonomy":"post_tag","embeddable":true,"href":"https:\/\/www.europesays.com\/no\/wp-json\/wp\/v2\/tags?post=94869"}],"curies":[{"name":"wp","href":"https:\/\/api.w.org\/{rel}","templated":true}]}}